{"id":197954,"date":"2025-06-23T10:52:11","date_gmt":"2025-06-23T10:52:11","guid":{"rendered":"https:\/\/www.europesays.com\/fr\/197954\/"},"modified":"2025-06-23T10:52:11","modified_gmt":"2025-06-23T10:52:11","slug":"dans-cette-rue-de-nancy-les-voitures-ne-pourront-bientot-plus-doubler-les-velos-voici-pourquoi","status":"publish","type":"post","link":"https:\/\/www.europesays.com\/fr\/197954\/","title":{"rendered":"Dans cette rue de Nancy, les voitures ne pourront bient\u00f4t plus doubler les v\u00e9los : voici pourquoi"},"content":{"rendered":"<p>            Par<br \/>\n        <strong><br \/>\n            <a href=\"https:\/\/actu.fr\/auteur\/pierre-emile-bouchy-actu-fr\" title=\"Consulter tous les articles de Paul-Emile Bouchy\" rel=\"nofollow noopener\" target=\"_blank\">Paul-Emile Bouchy<\/a><br \/>\n        <\/strong><\/p>\n<p>        Publi\u00e9 le<\/p>\n<p>            23 juin 2025 \u00e0 12h48        <\/p>\n<p>Avant l\u2019arriv\u00e9e d\u2019<a href=\"https:\/\/actu.fr\/grand-est\/nancy_54395\/on-connait-le-futur-trace-de-l-urbanloop-a-nancy-passera-t-il-par-chez-vous_60203021.html\" rel=\"nofollow noopener\" target=\"_blank\">Urbanloop<\/a> et la construction de la <a href=\"https:\/\/actu.fr\/grand-est\/nancy_54395\/nouvelle-cite-judiciaire-de-nancy-l-urgence-est-reelle-la-metropole-fait-le-point-sur-ce-dossier_62514900.html\" rel=\"nofollow noopener\" target=\"_blank\">nouvelle cit\u00e9 judiciaire<\/a>, le <strong>quartier Rives de Meurthe<\/strong> \u00e0 <a href=\"https:\/\/actu.fr\/grand-est\/nancy_54395\" rel=\"nofollow noopener\" target=\"_blank\">Nancy<\/a> va conna\u00eetre d\u2019autres changements concernant les mobilit\u00e9s.<\/p>\n<p class=\" wall-content\">Lors d\u2019une r\u00e9union publique mardi 17\u00a0juin, la M\u00e9tropole du Grand Nancy a pr\u00e9sent\u00e9 la <a href=\"https:\/\/actu.fr\/grand-est\/nancy_54395\/a-nancy-ce-boulevard-tres-frequente-va-etre-transforme-on-vous-presente-le-nouveau-projet_62788175.html\" rel=\"nofollow noopener\" target=\"_blank\">transformation du boulevard d\u2019Austrasie<\/a>, mais\u00a0a aussi annonc\u00e9 la <strong>cr\u00e9ation d\u2019une \u00ab\u2009v\u00e9lorue\u2009\u00bb<\/strong>. On vous la pr\u00e9sente.<\/p>\n<p>Priorit\u00e9 aux v\u00e9los dans cette rue de Nancy<\/p>\n<p class=\" wall-content\">Si ce boulevard tr\u00e8s fr\u00e9quent\u00e9 va conna\u00eetre d\u2019importantes transformations avec la cr\u00e9ation d\u2019une <a href=\"https:\/\/actu.fr\/tag\/pistes-cyclables\" rel=\"nofollow noopener\" target=\"_blank\">piste cyclable<\/a> bidirectionnelle, les automobilistes vont devoir aussi changer leurs habitudes dans une des rues voisines\u2009: <strong>la rue de Newcastle<\/strong>.<\/p>\n<p class=\" wall-content\">En effet, la rue va devenir une \u00ab\u2009v\u00e9lorue\u2009\u00bb. Cette rue sera <strong>en priorit\u00e9 d\u00e9di\u00e9e aux v\u00e9los et aux trottinettes, mais les voitures pourront toujours y circuler<\/strong>. Autrement dit\u2009: <strong>les cyclistes seront prioritaires sur les automobilistes<\/strong>, qui ne pourront pas les doubler et devront adapter leur vitesse.<\/p>\n<p>    <img   decoding=\"async\" loading=\"lazy\" src=\"https:\/\/www.europesays.com\/fr\/wp-content\/uploads\/2025\/06\/rue-de-newcastle-nancy-projet-960x640.jpg\" alt=\"Dans la rue de Newcastle, l'existant va \u00eatre conserv\u00e9 mais le marquage au sol va \u00eatre modifi\u00e9.\" width=\"960\" height=\"640\"\/><br \/>\n    Dans la rue de Newcastle, l\u2019existant va \u00eatre conserv\u00e9, mais le marquage au sol va \u00eatre modifi\u00e9. (\u00a9M\u00e9tropole du Grand Nancy)Peu de travaux \u00e0 effectuer dans la rue<\/p>\n<p class=\" wall-content\">Ce dispositif sera mis en place au d\u00e9but de l\u2019ann\u00e9e 2026 sur l\u2019ensemble de la rue de Newcastle (du boulevard d\u2019Austrasie \u00e0 la rue du mar\u00e9chal Victor duc de Bellune).<\/p>\n<p class=\" wall-content\">Le chantier sera modeste puisque <strong>l\u2019existant va \u00eatre simplement transform\u00e9<\/strong> en modifiant le marquage au sol. Le <a href=\"https:\/\/actu.fr\/tag\/stationnement\" rel=\"nofollow noopener\" target=\"_blank\">stationnement<\/a> sera conserv\u00e9.<\/p>\n<p class=\" wall-content\">\u00c0 terme, cette portion fera partie du futur <strong>axe cyclable structurant est-ouest qui ira d\u2019Essey jusqu\u2019\u00e0 Laxou<\/strong> et s\u2019inscrit dans la volont\u00e9 de la M\u00e9tropole du Grand Nancy de <a href=\"https:\/\/actu.fr\/grand-est\/nancy_54395\/le-grand-nancy-veut-devenir-une-metropole-100-cyclable-en-2035-voici-comment_61660798.html\" rel=\"nofollow noopener\" target=\"_blank\">devenir \u00ab\u2009100\u2009% cyclable\u2009\u00bb en 2035<\/a>.<\/p>\n<p class=\" wall-content\">Suivez toute l\u2019actualit\u00e9 de vos villes et m\u00e9dias favoris en vous inscrivant \u00e0 <a href=\"https:\/\/moncompte.actu.fr\" title=\"D\u00e9couvez Mon Actu\" rel=\"nofollow noopener\" data-trk=\"{&quot;cta&quot;:{&quot;action&quot;:&quot;https:\\\/\\\/moncompte.actu.fr&quot;,&quot;category&quot;:&quot;mon compte&quot;,&quot;from&quot;:&quot;article footer&quot;,&quot;name&quot;:&quot;Mon actu&quot;,&quot;type&quot;:&quot;cta&quot;}}\" target=\"_blank\">Mon Actu<\/a>.<\/p>\n","protected":false},"excerpt":{"rendered":"Par Paul-Emile Bouchy Publi\u00e9 le 23 juin 2025 \u00e0 12h48 Avant l\u2019arriv\u00e9e d\u2019Urbanloop et la construction de la&hellip;\n","protected":false},"author":2,"featured_media":197955,"comment_status":"","ping_status":"","sticky":false,"template":"","format":"standard","meta":{"footnotes":""},"categories":[9635],"tags":[1111,11,1777,674,1011,27,775,1702,12,25,104,1352,208],"class_list":{"0":"post-197954","1":"post","2":"type-post","3":"status-publish","4":"format-standard","5":"has-post-thumbnail","7":"category-nancy","8":"tag-actu","9":"tag-actualites","10":"tag-eu","11":"tag-europe","12":"tag-fr","13":"tag-france","14":"tag-grand-est","15":"tag-nancy","16":"tag-news","17":"tag-republique-francaise","18":"tag-societe","19":"tag-urbanisme","20":"tag-velo"},"share_on_mastodon":{"url":"https:\/\/pubeurope.com\/@fr\/114732305309371084","error":""},"_links":{"self":[{"href":"https:\/\/www.europesays.com\/fr\/wp-json\/wp\/v2\/posts\/197954","targetHints":{"allow":["GET"]}}],"collection":[{"href":"https:\/\/www.europesays.com\/fr\/wp-json\/wp\/v2\/posts"}],"about":[{"href":"https:\/\/www.europesays.com\/fr\/wp-json\/wp\/v2\/types\/post"}],"author":[{"embeddable":true,"href":"https:\/\/www.europesays.com\/fr\/wp-json\/wp\/v2\/users\/2"}],"replies":[{"embeddable":true,"href":"https:\/\/www.europesays.com\/fr\/wp-json\/wp\/v2\/comments?post=197954"}],"version-history":[{"count":0,"href":"https:\/\/www.europesays.com\/fr\/wp-json\/wp\/v2\/posts\/197954\/revisions"}],"wp:featuredmedia":[{"embeddable":true,"href":"https:\/\/www.europesays.com\/fr\/wp-json\/wp\/v2\/media\/197955"}],"wp:attachment":[{"href":"https:\/\/www.europesays.com\/fr\/wp-json\/wp\/v2\/media?parent=197954"}],"wp:term":[{"taxonomy":"category","embeddable":true,"href":"https:\/\/www.europesays.com\/fr\/wp-json\/wp\/v2\/categories?post=197954"},{"taxonomy":"post_tag","embeddable":true,"href":"https:\/\/www.europesays.com\/fr\/wp-json\/wp\/v2\/tags?post=197954"}],"curies":[{"name":"wp","href":"https:\/\/api.w.org\/{rel}","templated":true}]}}