{"id":197961,"date":"2025-06-23T10:56:08","date_gmt":"2025-06-23T10:56:08","guid":{"rendered":"https:\/\/www.europesays.com\/fr\/197961\/"},"modified":"2025-06-23T10:56:08","modified_gmt":"2025-06-23T10:56:08","slug":"projection-inedite-de-tehachapi-en-presence-de-lartiste","status":"publish","type":"post","link":"https:\/\/www.europesays.com\/fr\/197961\/","title":{"rendered":"projection in\u00e9dite de Tehachapi en pr\u00e9sence de l\u2019artiste"},"content":{"rendered":"<p>            Par<br \/>\n        <strong><br \/>\n            <a href=\"https:\/\/actu.fr\/auteur\/manon-haddouche\" title=\"Consulter tous les articles de Manon Haddouche\" rel=\"nofollow noopener\" target=\"_blank\">Manon Haddouche<\/a><br \/>\n        <\/strong><\/p>\n<p>        Publi\u00e9 le<\/p>\n<p>            23 juin 2025 \u00e0 12h33        <\/p>\n<p>La r\u00e9gion montpelli\u00e9raine s\u2019appr\u00eate \u00e0 <strong>accueillir une rencontre<\/strong> des plus int\u00e9ressantes : <strong>l\u2019artiste mondialement reconnu JR<\/strong> sera pr\u00e9sent ce\u00a0<strong>mercredi 25 juin 2025 au cin\u00e9ma CGR de Lattes<\/strong>, pour une s\u00e9ance sp\u00e9ciale de son film<strong> Tehachapi<\/strong>. Organis\u00e9e par l\u2019Association One Conscience Environnementale, en partenariat avec Cible Publicit\u00e9, cette projection s\u2019inscrit dans le cadre de la venue de JR \u00e0 Montpellier pour son exposition et son projet au Carr\u00e9 Sainte-Anne. La soir\u00e9e d\u00e9butera d\u00e8s 19h avec l\u2019ouverture des portes, suivie \u00e0 19h30 par la <strong>projection du film<\/strong>. \u00c0 21h30, le public pourra <strong>\u00e9changer avec l\u2019artiste,<\/strong> lors d\u2019un temps de <strong>questions-r\u00e9ponses<\/strong>.<\/p>\n<p>Un regard in\u00e9dit sur l\u2019univers carc\u00e9ral am\u00e9ricain<\/p>\n<p class=\" wall-content\">Avec Tehachapi, JR livre <strong>un documentaire puissant sur l\u2019univers carc\u00e9ral<\/strong> <strong>des \u00c9tats-Unis<\/strong>, un pays qui repr\u00e9sente 4,2 % de la population mondiale mais compte 20 % des d\u00e9tenus de la plan\u00e8te. En octobre 2019, il obtient l\u2019autorisation sans pr\u00e9c\u00e9dent d\u2019intervenir dans la prison de haute s\u00e9curit\u00e9 de Tehachapi, en Californie, <strong>l\u2019une des plus violentes du pays<\/strong>.<\/p>\n<p class=\" wall-content\">\u00c0 travers une fresque monumentale, il rassemble<strong> les portraits et les histoires des d\u00e9tenus<\/strong>, dont certains purgent des peines \u00e0 perp\u00e9tuit\u00e9 pour des crimes commis alors qu\u2019ils \u00e9taient mineurs. Son \u0153uvre offre <strong>un autre regard<\/strong> sur ces hommes et d\u00e9livre<strong> un message d\u2019espoir et de r\u00e9demption possible<\/strong>.<\/p>\n<p>    <a href=\"https:\/\/www.google.com\/maps\/embed?pb=!1m18!1m12!1m3!1d2675.5577462370925!2d3.93384207573744!3d43.58459285686619!2m3!1f0!2f0!3f0!3m2!1i1024!2i768!4f13.1!3m3!1m2!1s0x12b6a53ca9074c33%3A0x5c2bfeb63b3b3752!2sCIN%C3%89MA%20CGR%20Lattes!5e1!3m2!1sfr!2sfr!4v1750429865039!5m2!1sfr!2sfr\" title=\"Ouvrie le lien\" rel=\"nofollow noopener\" target=\"_blank\">Cliquez ici pour visualiser le contenu<\/a><\/p>\n<p>Un art engag\u00e9 au service des invisibles<\/p>\n<p class=\" wall-content\">JR poss\u00e8de <strong>la plus grande galerie d\u2019art au monde : la rue<\/strong>. En exposant ses photographies sur les murs du monde entier, il attire l\u2019attention de ceux qui n\u2019ont pas forc\u00e9ment l\u2019habitude de fr\u00e9quenter les mus\u00e9es. Empreinte d\u2019<strong>engagement social<\/strong>, sa pratique artistique rend visibles des communaut\u00e9s et des individus ordinaires en les imprimant et en les collant dans l\u2019espace public, des favelas du Br\u00e9sil aux rues de New York, en passant par les bidonvilles du Kenya.\u00a0<\/p>\n<p>Vid\u00e9os : en ce moment sur Actu<\/p>\n<p class=\" wall-content\">En 2011, apr\u00e8s avoir <strong>re\u00e7u le prix TED<\/strong>, il cr\u00e9e Inside Out, un projet d\u2019art participatif qui permet aux gens du monde entier de se faire prendre en photo et de coller leur portrait pour soutenir une id\u00e9e et partager leur exp\u00e9rience. En juillet 2022, plus de 450 000 personnes, issues de 141 pays, ont particip\u00e9 au projet en envoyant leur image par courrier ou en venant se faire photographier dans des cabines photo gigantesques.<\/p>\n<p><strong>&gt; <\/strong>Projection de Tehchapi en pr\u00e9sence de JR, le mercredi 25 juin au cin\u00e9ma CGR de Lattes (ZAC des Commandeurs). Ouverture des portes \u00e0 19h. Places limit\u00e9es, places limit\u00e9es, <a href=\"https:\/\/www.one-conscience-environnementale.com\/cin%C3%A9rencontreavecjr\" rel=\"nofollow noopener\" target=\"_blank\">informations et r\u00e9servations par ici<\/a>. Prix des places : 18 \u20ac (tarif plein) \/ 15 \u20ac (tarif r\u00e9duit).<\/p>\n<p class=\" wall-content\">Suivez toute l\u2019actualit\u00e9 de vos villes et m\u00e9dias favoris en vous inscrivant \u00e0 <a href=\"https:\/\/moncompte.actu.fr\" title=\"D\u00e9couvez Mon Actu\" rel=\"nofollow noopener\" data-trk=\"{&quot;cta&quot;:{&quot;action&quot;:&quot;https:\\\/\\\/moncompte.actu.fr&quot;,&quot;category&quot;:&quot;mon compte&quot;,&quot;from&quot;:&quot;article footer&quot;,&quot;name&quot;:&quot;Mon actu&quot;,&quot;type&quot;:&quot;cta&quot;}}\" target=\"_blank\">Mon Actu<\/a>.<\/p>\n","protected":false},"excerpt":{"rendered":"Par Manon Haddouche Publi\u00e9 le 23 juin 2025 \u00e0 12h33 La r\u00e9gion montpelli\u00e9raine s\u2019appr\u00eate \u00e0 accueillir une rencontre&hellip;\n","protected":false},"author":2,"featured_media":197962,"comment_status":"","ping_status":"","sticky":false,"template":"","format":"standard","meta":{"footnotes":""},"categories":[9599],"tags":[1111,11,650,1777,674,1011,27,2208,12,2680,25],"class_list":{"0":"post-197961","1":"post","2":"type-post","3":"status-publish","4":"format-standard","5":"has-post-thumbnail","7":"category-montpellier","8":"tag-actu","9":"tag-actualites","10":"tag-cinema","11":"tag-eu","12":"tag-europe","13":"tag-fr","14":"tag-france","15":"tag-montpellier","16":"tag-news","17":"tag-occitanie","18":"tag-republique-francaise"},"share_on_mastodon":{"url":"https:\/\/pubeurope.com\/@fr\/114732321204458102","error":""},"_links":{"self":[{"href":"https:\/\/www.europesays.com\/fr\/wp-json\/wp\/v2\/posts\/197961","targetHints":{"allow":["GET"]}}],"collection":[{"href":"https:\/\/www.europesays.com\/fr\/wp-json\/wp\/v2\/posts"}],"about":[{"href":"https:\/\/www.europesays.com\/fr\/wp-json\/wp\/v2\/types\/post"}],"author":[{"embeddable":true,"href":"https:\/\/www.europesays.com\/fr\/wp-json\/wp\/v2\/users\/2"}],"replies":[{"embeddable":true,"href":"https:\/\/www.europesays.com\/fr\/wp-json\/wp\/v2\/comments?post=197961"}],"version-history":[{"count":0,"href":"https:\/\/www.europesays.com\/fr\/wp-json\/wp\/v2\/posts\/197961\/revisions"}],"wp:featuredmedia":[{"embeddable":true,"href":"https:\/\/www.europesays.com\/fr\/wp-json\/wp\/v2\/media\/197962"}],"wp:attachment":[{"href":"https:\/\/www.europesays.com\/fr\/wp-json\/wp\/v2\/media?parent=197961"}],"wp:term":[{"taxonomy":"category","embeddable":true,"href":"https:\/\/www.europesays.com\/fr\/wp-json\/wp\/v2\/categories?post=197961"},{"taxonomy":"post_tag","embeddable":true,"href":"https:\/\/www.europesays.com\/fr\/wp-json\/wp\/v2\/tags?post=197961"}],"curies":[{"name":"wp","href":"https:\/\/api.w.org\/{rel}","templated":true}]}}