{"id":197966,"date":"2025-06-23T10:59:11","date_gmt":"2025-06-23T10:59:11","guid":{"rendered":"https:\/\/www.europesays.com\/fr\/197966\/"},"modified":"2025-06-23T10:59:11","modified_gmt":"2025-06-23T10:59:11","slug":"100km-h-au-lieu-de-50-en-plein-centre-ville-de-rouen-il-manque-de-faucher-deux-pietons","status":"publish","type":"post","link":"https:\/\/www.europesays.com\/fr\/197966\/","title":{"rendered":"100km\/h au lieu de 50 en plein centre-ville de Rouen, il manque de faucher deux pi\u00e9tons"},"content":{"rendered":"<p>            Par<br \/>\n        <strong><br \/>\n            <a href=\"https:\/\/actu.fr\/auteur\/eaube\" title=\"Consulter tous les articles de Elo\u00efse Aub\u00e9\" target=\"_blank\" rel=\"noopener\">Elo\u00efse Aub\u00e9<\/a><br \/>\n        <\/strong><\/p>\n<p>        Publi\u00e9 le<\/p>\n<p>            23 juin 2025 \u00e0 12h20        <\/p>\n<p>Les faits auraient pu \u00eatre dramatiques. Dimanche 22\u00a0juin 2025 \u00e0 1h15, les forces de l\u2019ordre voient arriver \u00e0 grande vitesse une voiture <strong>pont Guillaume Le Conqu\u00e9rant<\/strong> \u00e0 <a href=\"https:\/\/actu.fr\/normandie\/rouen_76540\" target=\"_blank\" rel=\"noopener\">Rouen<\/a> (Seine-Maritime).\u00a0Le v\u00e9hicule d\u00e9passe <strong>les policiers qui partent \u00e0 sa poursuite<\/strong>, gyrophares allum\u00e9s.<\/p>\n<p>Zigzags et demi-tour en plein milieu de la route<\/p>\n<p class=\" wall-content\">Direction la place Cauchoise o\u00f9, F\u00eate de la musique oblige, de nombreuses personnes sont sur place. La voiture \u00ab\u2009fait des zigzags entre les v\u00e9hicules avant de faire demi-tour sur le boulevard des Belges. Elle poursuit sa course sur les voies de bus\u2009\u00bb, d\u00e9taille une source judiciaire. Sa vitesse fait \u00e9tat de <strong>100\u00a0km\/h au lieu de la vitesse r\u00e9glementaire de 50<\/strong>.<\/p>\n<p class=\" wall-content\">Sur sa route, le conducteur <strong>manque de faucher deux pi\u00e9tons<\/strong> qui parviennent \u00e0 sauter sur le trottoir. Arriv\u00e9 \u00e0 un feu rouge, il se retrouve bloqu\u00e9 parmi toutes les voitures \u00e0 l\u2019arr\u00eat. Les policiers l\u2019interpellent.<\/p>\n<p class=\" wall-content\">\u00c0 l\u2019int\u00e9rieur du v\u00e9hicule se trouvent deux passagers \u00e2g\u00e9s de 19 et 20\u00a0ans. Le conducteur, \u00e2g\u00e9 de 20\u00a0ans et r\u00e9sident \u00e0 Grand Quevilly, est aussit\u00f4t plac\u00e9 en garde \u00e0 vue. Les tests d\u2019alcool\u00e9mie et de stup\u00e9fiants sont n\u00e9gatifs.<\/p>\n<p>Suivez l\u2019actualit\u00e9 de Rouen sur notre cha\u00eene WhatsApp et sur notre <a href=\"https:\/\/www.tiktok.com\/@76actu.fr?lang=fr\" target=\"_blank\" rel=\"noopener\">compte TikTok<\/a>Vid\u00e9os : en ce moment sur Actu<\/p>\n<p class=\" wall-content\">Suivez toute l\u2019actualit\u00e9 de vos villes et m\u00e9dias favoris en vous inscrivant \u00e0 <a href=\"https:\/\/moncompte.actu.fr\" title=\"D\u00e9couvez Mon Actu\" rel=\"nofollow noopener\" data-trk=\"{&quot;cta&quot;:{&quot;action&quot;:&quot;https:\\\/\\\/moncompte.actu.fr&quot;,&quot;category&quot;:&quot;mon compte&quot;,&quot;from&quot;:&quot;article footer&quot;,&quot;name&quot;:&quot;Mon actu&quot;,&quot;type&quot;:&quot;cta&quot;}}\" target=\"_blank\">Mon Actu<\/a>.<\/p>\n<p>                    <script async src=\"\/\/www.tiktok.com\/embed.js\"><\/script><\/p>\n","protected":false},"excerpt":{"rendered":"Par Elo\u00efse Aub\u00e9 Publi\u00e9 le 23 juin 2025 \u00e0 12h20 Les faits auraient pu \u00eatre dramatiques. Dimanche 22\u00a0juin&hellip;\n","protected":false},"author":2,"featured_media":197967,"comment_status":"","ping_status":"","sticky":false,"template":"","format":"standard","meta":{"footnotes":""},"categories":[9587],"tags":[1111,11,646,1777,674,5915,118,1011,27,12,5161,1072,25,9590],"class_list":{"0":"post-197966","1":"post","2":"type-post","3":"status-publish","4":"format-standard","5":"has-post-thumbnail","7":"category-rouen","8":"tag-actu","9":"tag-actualites","10":"tag-automobile","11":"tag-eu","12":"tag-europe","13":"tag-exces-de-vitesse","14":"tag-faits-divers","15":"tag-fr","16":"tag-france","17":"tag-news","18":"tag-normandie","19":"tag-police","20":"tag-republique-francaise","21":"tag-rouen"},"share_on_mastodon":{"url":"https:\/\/pubeurope.com\/@fr\/114732332822537013","error":""},"_links":{"self":[{"href":"https:\/\/www.europesays.com\/fr\/wp-json\/wp\/v2\/posts\/197966","targetHints":{"allow":["GET"]}}],"collection":[{"href":"https:\/\/www.europesays.com\/fr\/wp-json\/wp\/v2\/posts"}],"about":[{"href":"https:\/\/www.europesays.com\/fr\/wp-json\/wp\/v2\/types\/post"}],"author":[{"embeddable":true,"href":"https:\/\/www.europesays.com\/fr\/wp-json\/wp\/v2\/users\/2"}],"replies":[{"embeddable":true,"href":"https:\/\/www.europesays.com\/fr\/wp-json\/wp\/v2\/comments?post=197966"}],"version-history":[{"count":0,"href":"https:\/\/www.europesays.com\/fr\/wp-json\/wp\/v2\/posts\/197966\/revisions"}],"wp:featuredmedia":[{"embeddable":true,"href":"https:\/\/www.europesays.com\/fr\/wp-json\/wp\/v2\/media\/197967"}],"wp:attachment":[{"href":"https:\/\/www.europesays.com\/fr\/wp-json\/wp\/v2\/media?parent=197966"}],"wp:term":[{"taxonomy":"category","embeddable":true,"href":"https:\/\/www.europesays.com\/fr\/wp-json\/wp\/v2\/categories?post=197966"},{"taxonomy":"post_tag","embeddable":true,"href":"https:\/\/www.europesays.com\/fr\/wp-json\/wp\/v2\/tags?post=197966"}],"curies":[{"name":"wp","href":"https:\/\/api.w.org\/{rel}","templated":true}]}}