{"id":197968,"date":"2025-06-23T11:00:09","date_gmt":"2025-06-23T11:00:09","guid":{"rendered":"https:\/\/www.europesays.com\/fr\/197968\/"},"modified":"2025-06-23T11:00:09","modified_gmt":"2025-06-23T11:00:09","slug":"grenoble-le-premier-planning-familial-de-france-au-bord-de-la-mort-il-y-a-urgence","status":"publish","type":"post","link":"https:\/\/www.europesays.com\/fr\/197968\/","title":{"rendered":"Grenoble. Le premier Planning familial de France au bord de la mort : \u00ab\u00a0Il y a urgence\u00a0\u00bb"},"content":{"rendered":"<p>            Par<br \/>\n        <strong><br \/>\n            <a href=\"https:\/\/actu.fr\/auteur\/lisa-rodrigues\" title=\"Consulter tous les articles de Lisa Rodrigues\" rel=\"nofollow noopener\" target=\"_blank\">Lisa Rodrigues<\/a><br \/>\n        <\/strong><\/p>\n<p>        Publi\u00e9 le<\/p>\n<p>            23 juin 2025 \u00e0 12h21        <\/p>\n<p>Cela fait plus d\u2019un demi-si\u00e8cle que le Planning familial accueille sans distinction les personnes pour des consultations gyn\u00e9cologiques, des conseils en sant\u00e9 sexuelle, ou des entretiens suite \u00e0 des violences sexuelles et intrafamiliales \u00e0 <a href=\"https:\/\/actu.fr\/auvergne-rhone-alpes\/grenoble_38185\" rel=\"nofollow noopener\" target=\"_blank\">Grenoble<\/a>. C\u2019est d\u2019ailleurs dans la capitale des Alpes que le Planning familial a ouvert <strong>son premier centre en 1961<\/strong>, boulevard Gambetta. <br \/>Une adresse historique qui est aujourd\u2019hui <strong>menac\u00e9e de fermeture<\/strong>.<br \/>Le Planning familial de l\u2019<a href=\"https:\/\/actu.fr\/auvergne-rhone-alpes\/isere_38\" rel=\"nofollow noopener\" target=\"_blank\">Is\u00e8re<\/a> et ses sept centres r\u00e9partis sur le territoire lancent ainsi un appel au public et aux collectivit\u00e9s territoriales, face \u00e0 \u00ab\u00a0une situation financi\u00e8re plus que critique\u00a0\u00bb, d\u00e9plore L\u00e9a Delahaye, charg\u00e9e de communication du Planning 38.<\/p>\n<p>    <a href=\"https:\/\/www.google.com\/maps\/embed?pb=!1m18!1m12!1m3!1d22496.2996177243!2d5.6882958108398505!3d45.18633810000001!2m3!1f0!2f0!3f0!3m2!1i1024!2i768!4f13.1!3m3!1m2!1s0x478af48e4e1b2ecd%3A0x36322d004060a410!2sCentre%20de%20Sant%C3%A9%20Sexuelle%20du%20Planning%20Familial%2038%20(%20Grenoble-Gambetta%20)!5e0!3m2!1sfr!2sfr!4v1750670533746!5m2!1sfr!2sfr\" title=\"Ouvrie le lien\" rel=\"nofollow noopener\" target=\"_blank\">Cliquez ici pour visualiser le contenu<\/a><\/p>\n<p>200 000 euros annuels \u00e0 trouver<\/p>\n<p class=\" wall-content\">Le constat est simple : il manque \u00ab\u00a0au moins\u00a0\u00bb 200 000 euros de budget par an \u00e0 l\u2019association pour continuer son activit\u00e9 dans les conditions actuelles. \u00ab\u00a0\u00c7a repr\u00e9sente <strong>10% de notre budget<\/strong>\u00ab\u00a0, chiffre L\u00e9a Delahaye. Un montant qui doit permettre de payer la <a href=\"https:\/\/actu.fr\/societe\/prime-segur-inegalites-de-traitement-pour-les-personnels-soignants_46549898.html\" rel=\"nofollow noopener\" target=\"_blank\">prime S\u00e9gur<\/a>, vers\u00e9e \u00e0 chaque salari\u00e9 du m\u00e9dico-social depuis ao\u00fbt 2024.<\/p>\n<p class=\" wall-content\">Le mouvement du Planning familial a soutenu cette mesure au niveau national. Le probl\u00e8me, c\u2019est qu\u2019en tant qu\u2019association, elle n\u2019a re\u00e7u aucune compensation financi\u00e8re pour supporter le co\u00fbt suppl\u00e9mentaire de cette prime. \u00ab\u00a0Or, \u00e0 Grenoble, <strong>on est le plus gros Planning familial de France<\/strong> avec 70 salari\u00e9s, rappelle la charg\u00e9e de communication. \u00c7a fait plusieurs mois qu\u2019on alerte sur la situation.\u00a0\u00bb<\/p>\n<p>    <a href=\"https:\/\/www.facebook.com\/plugins\/post.php?href=https%3A%2F%2Fwww.facebook.com%2Fplanningfamilial38%2Fposts%2Fpfbid02A9ucDTTiGwAXESTRsAf9aGoRyUoAnY1ttfQQ4iq2rmqBD2H2X7cLRCdyhHJiNY1kl&amp;show_text=true&amp;width=350\" title=\"Ouvrie le lien\" rel=\"nofollow noopener\" target=\"_blank\">Cliquez ici pour visualiser le contenu<\/a><\/p>\n<p class=\" wall-content\">Actuellement, la tr\u00e9sorerie du Planning 38 \u00ab\u00a0nous permet de tenir <strong>jusqu\u2019au premier trimestre 2027<\/strong>. Au-del\u00e0, on sera oblig\u00e9 de diminuer l\u2019activit\u00e9.\u00a0\u00bb En clair : moins de cr\u00e9neaux de rendez-vous et d\u2019entretiens, des services supprim\u00e9s, voire un licenciement des salari\u00e9s et une fermeture de centres, comme dans la <a href=\"https:\/\/actu.fr\/auvergne-rhone-alpes\/drome_26\" rel=\"nofollow noopener\" target=\"_blank\">Dr\u00f4me<\/a>.<\/p>\n<p class=\" wall-content\">\u00ab\u00a0Tous les Plannings sont <a href=\"https:\/\/actu.fr\/centre-val-de-loire\/orleans_45234\/ivg-le-planning-familial-du-loiret-a-besoin-de-vous-pour-continuer-a-aider-les-femmes_62622509.html\" rel=\"nofollow noopener\" target=\"_blank\">dans le rouge<\/a>. Ceux qui restent voient leurs subventions diminuer, soupire la salari\u00e9e is\u00e9roise. Cette ann\u00e9e, on c\u00e9l\u00e8bre les 50 ans de la loi Veil et on ferme des Plannings familiaux !\u00a0\u00bb<\/p>\n<p>Appel aux dons<\/p>\n<p class=\" wall-content\">Pour le moment, le Planning 38 se refuse d\u2019envisager le pire et lance un appel aux dons en direction du grand public. Le m\u00e9c\u00e9nat d\u2019entreprises priv\u00e9 est aussi envisag\u00e9 pour trouver de nouvelles sources de financement.\u00a0<\/p>\n<p class=\" wall-content\">Les collectivit\u00e9s publiques, et notamment le <strong>D\u00e9partement de l\u2019Is\u00e8re<\/strong>, sont aussi appel\u00e9s \u00e0 la rescousse.<\/p>\n<blockquote class=\"ac-article-quote wall-content\">\n<p>On appelle \u00e0 une hausse des subventions publiques, de l&rsquo;\u00c9tat et des collectivit\u00e9s territoriales. Nos enveloppes ne baissent pas, mais elles ne bougent pas non plus, alors qu&rsquo;il y a l&rsquo;inflation, les charges qui augmentent&#8230;<\/p>\n<p>    <strong>L\u00e9a Delahaye<\/strong><br \/>\n        Charg\u00e9e de communication du Planning 38    <\/p><\/blockquote>\n<p class=\" wall-content\">Contact\u00e9 \u00e0 ce propos par la r\u00e9daction, le D\u00e9partement de l\u2019Is\u00e8re indique que \u00ab\u00a0les subventions annuelles sont maintenues au m\u00eame niveau que les ann\u00e9es pr\u00e9c\u00e9dentes concernant le Planning familial de l\u2019Is\u00e8re, malgr\u00e9 les fortes contraintes budg\u00e9taires actuelles\u00a0\u00bb.<\/p>\n<p>\u00ab\u00a0On a des listes d\u2019attente d\u2019un mois\u00a0\u00bb<\/p>\n<p class=\" wall-content\">Cette demande de moyens suppl\u00e9mentaire est justifi\u00e9e par l\u2019association par une <strong>activit\u00e9 en hausse<\/strong>. \u00ab\u00a0Les violences explosent, on a des listes d\u2019attente d\u2019un mois dans certains centres\u00a0\u00bb, glisse L\u00e9a Delahaye.\u00a0<\/p>\n<p class=\" wall-content\">En 2024, le Planning 38 a rencontr\u00e9 pr\u00e8s de 23 000 personnes, accueilli 5 600 habitants dans ces sept centres, accompagn\u00e9 360 <a href=\"https:\/\/actu.fr\/societe\/je-n-ai-pas-de-regret-je-fais-confiance-a-celle-que-j-etais-elles-ont-avorte-et-temoignent_60773937.html\" rel=\"nofollow noopener\" target=\"_blank\">IVG m\u00e9dicamenteuses<\/a>, propos\u00e9 6 200 consultations et r\u00e9alis\u00e9 8 000 entretiens. Des actes enti\u00e8rement gratuits et confidentiels, y compris pour les mineurs.\u00a0<\/p>\n<p class=\" wall-content\">\u00ab\u00a0Dans notre centre historique \u00e0 Grenoble, on accueille environ 50 personnes par jour en moyenne, rappelle L\u00e9a Delahaye. Il y a une demande, il y a urgence !\u00a0\u00bb<\/p>\n<p class=\" wall-content\">Suivez toute l\u2019actualit\u00e9 de vos villes et m\u00e9dias favoris en vous inscrivant \u00e0 <a href=\"https:\/\/moncompte.actu.fr\" title=\"D\u00e9couvez Mon Actu\" rel=\"nofollow noopener\" data-trk=\"{&quot;cta&quot;:{&quot;action&quot;:&quot;https:\\\/\\\/moncompte.actu.fr&quot;,&quot;category&quot;:&quot;mon compte&quot;,&quot;from&quot;:&quot;article footer&quot;,&quot;name&quot;:&quot;Mon actu&quot;,&quot;type&quot;:&quot;cta&quot;}}\" target=\"_blank\">Mon Actu<\/a>.<\/p>\n<ul class=\"ac-article-tag wall-content\">\n<li><a href=\"https:\/\/actu.fr\/tag\/sante\" data-trk=\"{&quot;cta&quot;:{&quot;action&quot;:&quot;Sant\\u00e9&quot;,&quot;category&quot;:&quot;tag&quot;,&quot;from&quot;:&quot;article footer&quot;,&quot;name&quot;:&quot;Sant\\u00e9&quot;,&quot;type&quot;:&quot;cta&quot;}}\" rel=\"nofollow noopener\" target=\"_blank\">#Sant\u00e9<\/a><\/li>\n<li><a href=\"https:\/\/actu.fr\/tag\/violences-sexuelles\" data-trk=\"{&quot;cta&quot;:{&quot;action&quot;:&quot;Violences sexuelles&quot;,&quot;category&quot;:&quot;tag&quot;,&quot;from&quot;:&quot;article footer&quot;,&quot;name&quot;:&quot;Violences sexuelles&quot;,&quot;type&quot;:&quot;cta&quot;}}\" rel=\"nofollow noopener\" target=\"_blank\">#Violences sexuelles<\/a><\/li>\n<\/ul>\n","protected":false},"excerpt":{"rendered":"Par Lisa Rodrigues Publi\u00e9 le 23 juin 2025 \u00e0 12h21 Cela fait plus d\u2019un demi-si\u00e8cle que le Planning&hellip;\n","protected":false},"author":2,"featured_media":197969,"comment_status":"","ping_status":"","sticky":false,"template":"","format":"standard","meta":{"footnotes":""},"categories":[9566],"tags":[1111,11,2430,1777,674,1011,27,2731,12,25,71,104,799],"class_list":{"0":"post-197968","1":"post","2":"type-post","3":"status-publish","4":"format-standard","5":"has-post-thumbnail","7":"category-grenoble","8":"tag-actu","9":"tag-actualites","10":"tag-auvergne-rhone-alpes","11":"tag-eu","12":"tag-europe","13":"tag-fr","14":"tag-france","15":"tag-grenoble","16":"tag-news","17":"tag-republique-francaise","18":"tag-sante","19":"tag-societe","20":"tag-violences-sexuelles"},"share_on_mastodon":{"url":"https:\/\/pubeurope.com\/@fr\/114732336855976337","error":""},"_links":{"self":[{"href":"https:\/\/www.europesays.com\/fr\/wp-json\/wp\/v2\/posts\/197968","targetHints":{"allow":["GET"]}}],"collection":[{"href":"https:\/\/www.europesays.com\/fr\/wp-json\/wp\/v2\/posts"}],"about":[{"href":"https:\/\/www.europesays.com\/fr\/wp-json\/wp\/v2\/types\/post"}],"author":[{"embeddable":true,"href":"https:\/\/www.europesays.com\/fr\/wp-json\/wp\/v2\/users\/2"}],"replies":[{"embeddable":true,"href":"https:\/\/www.europesays.com\/fr\/wp-json\/wp\/v2\/comments?post=197968"}],"version-history":[{"count":0,"href":"https:\/\/www.europesays.com\/fr\/wp-json\/wp\/v2\/posts\/197968\/revisions"}],"wp:featuredmedia":[{"embeddable":true,"href":"https:\/\/www.europesays.com\/fr\/wp-json\/wp\/v2\/media\/197969"}],"wp:attachment":[{"href":"https:\/\/www.europesays.com\/fr\/wp-json\/wp\/v2\/media?parent=197968"}],"wp:term":[{"taxonomy":"category","embeddable":true,"href":"https:\/\/www.europesays.com\/fr\/wp-json\/wp\/v2\/categories?post=197968"},{"taxonomy":"post_tag","embeddable":true,"href":"https:\/\/www.europesays.com\/fr\/wp-json\/wp\/v2\/tags?post=197968"}],"curies":[{"name":"wp","href":"https:\/\/api.w.org\/{rel}","templated":true}]}}