{"id":197970,"date":"2025-06-23T11:01:14","date_gmt":"2025-06-23T11:01:14","guid":{"rendered":"https:\/\/www.europesays.com\/fr\/197970\/"},"modified":"2025-06-23T11:01:14","modified_gmt":"2025-06-23T11:01:14","slug":"pierce-phillips-piste-par-2-clubs","status":"publish","type":"post","link":"https:\/\/www.europesays.com\/fr\/197970\/","title":{"rendered":"Pierce Phillips pist\u00e9 par 2 clubs"},"content":{"rendered":"<p style=\"text-align: justify;\"><strong>TRANSFERTS RUGBY \u2013 Selon Rugby Pass, le troisi\u00e8me ligne du FC Grenoble Rugby, Pierce Phillips (32 ans), serait les tablettes de deux clubs, dont le RC Vannes.<\/strong><\/p>\n<p style=\"text-align: justify;\">En qu\u00eate de renfort en deuxi\u00e8me ligne apr\u00e8s le d\u00e9part de <strong>Temo Mayanavanua<\/strong> vers les <strong>Fijian Drua<\/strong>, <strong>Northampton<\/strong>, avait fait de <strong>JJ Van der Mescht<\/strong> sa priorit\u00e9. Le club anglais, <a href=\"https:\/\/dicodusport.fr\/blog\/finale-champions-cup-lubb-remporte-son-premier-titre-majeur-de-son-histoire-en-battant-northampton\/\" rel=\"nofollow noopener\" target=\"_blank\">finaliste malheureux de la Champions Cup<\/a>, esp\u00e9rait enr\u00f4ler le puissant sud-africain du <strong>Stade Fran\u00e7ais<\/strong>. Mais l\u2019op\u00e9ration a rapidement \u00e9t\u00e9 frein\u00e9e par le co\u00fbt jug\u00e9 trop \u00e9lev\u00e9 du transfert, le joueur \u00e9tant gourmand sur le plan salarial. Encore sous contrat jusqu\u2019en juin 2027 avec le club de la capitale, Van der Mescht (26 ans), auteur de 21 matchs cette saison (dont 14 titularisations), ne quittera donc pas Paris.<\/p>\n<p>Northampton se rabat sur Pierce Phillips, Vannes aussi sur le coup<\/p>\n<p style=\"text-align: justify;\">Face \u00e0 cette impasse, les Saints activent d\u2019autres pistes. Selon <a href=\"https:\/\/www.rugbypass.com\/fr\/news\/le-transfert-de-joe-cokanasiga-a-montpellier-dans-limpasse\/\" rel=\"nofollow noopener\" target=\"_blank\">Rugby Pass<\/a>, ils auraient formul\u00e9 une offre de deux ans \u00e0 <strong>Pierce Phillips<\/strong>, deuxi\u00e8me ligne de Grenoble. \u00c2g\u00e9 de 32 ans et en fin de contrat, l\u2019Anglais int\u00e9resse \u00e9galement Vannes. Le club breton, malgr\u00e9 la rel\u00e9gation en Pro D2, reste attractif. Toutefois, les Saints semblent avoir une longueur d\u2019avance sur ce dossier.<\/p>\n<p style=\"text-align: justify;\">Arriv\u00e9 en Is\u00e8re en 2023, <strong>Pierce Phillips<\/strong> a disput\u00e9 23 matchs cette saison sous les couleurs grenobloises, pour 21 titularisations. \u00c0 l\u2019heure actuelle, aucune prolongation n\u2019est dans les tuyaux du c\u00f4t\u00e9 de <strong>Grenoble<\/strong>.<\/p>\n<p style=\"text-align: justify;\"><strong>\u00c0 ce sujet<\/strong><\/p>\n<p><a href=\"https:\/\/dicodusport.fr\/blog\/transferts-vannes-2025-arrivees-departs-et-prolongations\/\" class=\"vlp-link\" title=\"Transferts Vannes 2025 : Recrues, d\u00e9parts et prolongations\" rel=\"nofollow noopener\" target=\"_blank\"><img loading=\"lazy\" decoding=\"async\" style=\"max-width: 792px;\" width=\"792\" height=\"445\" class=\"attachment-800x445 size-800x445 perfmatters-lazy\" alt=\"\" src=\"https:\/\/www.europesays.com\/fr\/wp-content\/uploads\/2025\/05\/Transferts-Vannes-2025-Arrivees-departs-et-prolongations.png\"  data-\/><\/p>\n<p>Transferts Vannes 2025 : Recrues, d\u00e9parts et prolongations<\/p>\n<p>TRANSFERTS VANNES &#8211; Arriv\u00e9es, d\u00e9parts, prolongations, rumeurs : retrouvez toutes les informations transferts du RC Vannes pour la saison 2025-2026.<\/p>\n<p>Lire l&rsquo;article<\/p>\n<p>dicodusport.fr<\/p>\n","protected":false},"excerpt":{"rendered":"TRANSFERTS RUGBY \u2013 Selon Rugby Pass, le troisi\u00e8me ligne du FC Grenoble Rugby, Pierce Phillips (32 ans), serait&hellip;\n","protected":false},"author":2,"featured_media":197971,"comment_status":"","ping_status":"","sticky":false,"template":"","format":"standard","meta":{"footnotes":""},"categories":[9566],"tags":[1111,11,2430,2113,1777,674,26025,1011,27,2731,12,25,477],"class_list":{"0":"post-197970","1":"post","2":"type-post","3":"status-publish","4":"format-standard","5":"has-post-thumbnail","7":"category-grenoble","8":"tag-actu","9":"tag-actualites","10":"tag-auvergne-rhone-alpes","11":"tag-breve","12":"tag-eu","13":"tag-europe","14":"tag-fc-grenoble-rugby","15":"tag-fr","16":"tag-france","17":"tag-grenoble","18":"tag-news","19":"tag-republique-francaise","20":"tag-transferts-rugby"},"share_on_mastodon":{"url":"https:\/\/pubeurope.com\/@fr\/114732340837507031","error":""},"_links":{"self":[{"href":"https:\/\/www.europesays.com\/fr\/wp-json\/wp\/v2\/posts\/197970","targetHints":{"allow":["GET"]}}],"collection":[{"href":"https:\/\/www.europesays.com\/fr\/wp-json\/wp\/v2\/posts"}],"about":[{"href":"https:\/\/www.europesays.com\/fr\/wp-json\/wp\/v2\/types\/post"}],"author":[{"embeddable":true,"href":"https:\/\/www.europesays.com\/fr\/wp-json\/wp\/v2\/users\/2"}],"replies":[{"embeddable":true,"href":"https:\/\/www.europesays.com\/fr\/wp-json\/wp\/v2\/comments?post=197970"}],"version-history":[{"count":0,"href":"https:\/\/www.europesays.com\/fr\/wp-json\/wp\/v2\/posts\/197970\/revisions"}],"wp:featuredmedia":[{"embeddable":true,"href":"https:\/\/www.europesays.com\/fr\/wp-json\/wp\/v2\/media\/197971"}],"wp:attachment":[{"href":"https:\/\/www.europesays.com\/fr\/wp-json\/wp\/v2\/media?parent=197970"}],"wp:term":[{"taxonomy":"category","embeddable":true,"href":"https:\/\/www.europesays.com\/fr\/wp-json\/wp\/v2\/categories?post=197970"},{"taxonomy":"post_tag","embeddable":true,"href":"https:\/\/www.europesays.com\/fr\/wp-json\/wp\/v2\/tags?post=197970"}],"curies":[{"name":"wp","href":"https:\/\/api.w.org\/{rel}","templated":true}]}}