{"id":197976,"date":"2025-06-23T11:04:10","date_gmt":"2025-06-23T11:04:10","guid":{"rendered":"https:\/\/www.europesays.com\/fr\/197976\/"},"modified":"2025-06-23T11:04:10","modified_gmt":"2025-06-23T11:04:10","slug":"strasbourg-un-livre-consacre-a-la-cathedrale-cest-le-projet-dolivier-hannauer-et-sa-chouette-photo","status":"publish","type":"post","link":"https:\/\/www.europesays.com\/fr\/197976\/","title":{"rendered":"Strasbourg. Un livre consacr\u00e9 \u00e0 la cath\u00e9drale\u00a0? C\u2019est le projet d\u2019Olivier Hannauer et sa Chouette photo"},"content":{"rendered":"<p>Dans son petit clip de pr\u00e9sentation post\u00e9 sur le site de financement participatif Ulule, Olivier Hannauer, 44 ans, confesse \u00e9prouver de \u00ab\u00a0l\u2019amour\u00a0\u00bb pour sa ville. Les fans de ses clich\u00e9s qui s\u2019arrachent dans la r\u00e9gion le per\u00e7oivent ais\u00e9ment dans la fa\u00e7on contemplative qu\u2019il installe son d\u00e9cor\u00a0: l\u2019architecture de Strasbourg, lorsque la lumi\u00e8re qui se fait rare, \u00e0 l\u2019aube et au cr\u00e9puscule, l\u00e0 o\u00f9 tout devient possible.<\/p>\n<p>Et la nuit, souvent, lorsque son instinct d\u2019oiseau de nuit fait mouche et que <a href=\"https:\/\/www.dna.fr\/culture-loisirs\/2022\/09\/06\/la-belle-envolee-d-olivier-hannauer-et-sa-chouette-photo\" target=\"_blank\" rel=\"nofollow noopener\">la ville de Strasbourg r\u00e9v\u00e8le son \u00e2me<\/a> , sublim\u00e9e par les \u00e9clairages nocturnes. C\u2019est \u00e0 ce moment-l\u00e0 que la Chouette photo lib\u00e8re son potentiel&#8230;<\/p>\n","protected":false},"excerpt":{"rendered":"Dans son petit clip de pr\u00e9sentation post\u00e9 sur le site de financement participatif Ulule, Olivier Hannauer, 44 ans,&hellip;\n","protected":false},"author":2,"featured_media":197977,"comment_status":"","ping_status":"","sticky":false,"template":"","format":"standard","meta":{"footnotes":""},"categories":[2820],"tags":[1111,11,1687,2880,1777,674,107,1011,27,775,2410,12,2661,25,640,2879],"class_list":{"0":"post-197976","1":"post","2":"type-post","3":"status-publish","4":"format-standard","5":"has-post-thumbnail","7":"category-strasbourg","8":"tag-actu","9":"tag-actualites","10":"tag-culture-loisirs","11":"tag-edition-strasbourg","12":"tag-eu","13":"tag-europe","14":"tag-fil-info","15":"tag-fr","16":"tag-france","17":"tag-grand-est","18":"tag-livres-bd","19":"tag-news","20":"tag-patrimoine-culturel","21":"tag-republique-francaise","22":"tag-strasbourg","23":"tag-strasbourg-ville"},"share_on_mastodon":{"url":"https:\/\/pubeurope.com\/@fr\/114732352501765361","error":""},"_links":{"self":[{"href":"https:\/\/www.europesays.com\/fr\/wp-json\/wp\/v2\/posts\/197976","targetHints":{"allow":["GET"]}}],"collection":[{"href":"https:\/\/www.europesays.com\/fr\/wp-json\/wp\/v2\/posts"}],"about":[{"href":"https:\/\/www.europesays.com\/fr\/wp-json\/wp\/v2\/types\/post"}],"author":[{"embeddable":true,"href":"https:\/\/www.europesays.com\/fr\/wp-json\/wp\/v2\/users\/2"}],"replies":[{"embeddable":true,"href":"https:\/\/www.europesays.com\/fr\/wp-json\/wp\/v2\/comments?post=197976"}],"version-history":[{"count":0,"href":"https:\/\/www.europesays.com\/fr\/wp-json\/wp\/v2\/posts\/197976\/revisions"}],"wp:featuredmedia":[{"embeddable":true,"href":"https:\/\/www.europesays.com\/fr\/wp-json\/wp\/v2\/media\/197977"}],"wp:attachment":[{"href":"https:\/\/www.europesays.com\/fr\/wp-json\/wp\/v2\/media?parent=197976"}],"wp:term":[{"taxonomy":"category","embeddable":true,"href":"https:\/\/www.europesays.com\/fr\/wp-json\/wp\/v2\/categories?post=197976"},{"taxonomy":"post_tag","embeddable":true,"href":"https:\/\/www.europesays.com\/fr\/wp-json\/wp\/v2\/tags?post=197976"}],"curies":[{"name":"wp","href":"https:\/\/api.w.org\/{rel}","templated":true}]}}