{"id":197978,"date":"2025-06-23T11:05:10","date_gmt":"2025-06-23T11:05:10","guid":{"rendered":"https:\/\/www.europesays.com\/fr\/197978\/"},"modified":"2025-06-23T11:05:10","modified_gmt":"2025-06-23T11:05:10","slug":"chic-mais-surtout-voleur-un-homme-subtilise-pour-30-000-euros-de-bijoux","status":"publish","type":"post","link":"https:\/\/www.europesays.com\/fr\/197978\/","title":{"rendered":"Chic mais surtout voleur, un homme subtilise pour 30.000 euros de bijoux"},"content":{"rendered":"<p><strong>ni vu ni connu &#8211; Un homme a subtilis\u00e9 dans une joaillerie de la rue du D\u00f4me, au c\u0153ur de Strasbourg, plus de 30.000 euros de bijoux<\/strong><\/p>\n<p>Vendredi en plein apr\u00e8s-midi, un homme \u00e9l\u00e9gant avec un l\u00e9ger accent anglais et cheveux grisonnant a tromp\u00e9 la vigilance de la vendeuse d\u2019une <a href=\"https:\/\/www.20minutes.fr\/dossier\/bijouterie?at_medium=RSS%20feed&amp;at_campaign=ynews&amp;utm_source=yahoo&amp;utm_medium=rss&amp;utm_campaign=news_feed&amp;utm_content=in_article_link\" rel=\"nofollow noopener\" target=\"_blank\" data-ylk=\"slk:bijouterie;elm:context_link;itc:0;sec:content-canvas\" class=\"link \">bijouterie<\/a> de luxe situ\u00e9e au c\u0153ur du centre-ville de <a href=\"https:\/\/www.20minutes.fr\/faits_divers\/faits-divers-strasbourg\/?at_medium=RSS%20feed&amp;at_campaign=ynews&amp;utm_source=yahoo&amp;utm_medium=rss&amp;utm_campaign=news_feed&amp;utm_content=in_article_link\" rel=\"nofollow noopener\" target=\"_blank\" data-ylk=\"slk:Strasbourg;elm:context_link;itc:0;sec:content-canvas\" class=\"link \">Strasbourg<\/a>, rue du D\u00f4me, rapporte les <a href=\"https:\/\/c.dna.fr\/faits-divers-justice\/2025\/06\/21\/il-avait-l-air-tres-chic-un-client-vole-pour-30-000-euros-de-bijoux?at_medium=RSS%20feed&amp;at_campaign=ynews&amp;utm_source=yahoo&amp;utm_medium=rss&amp;utm_campaign=news_feed&amp;utm_content=in_article_link\" rel=\"nofollow noopener\" target=\"_blank\" data-ylk=\"slk:Derni\u00e8res Nouvelles d\u2019Alsace;elm:context_link;itc:0;sec:content-canvas\" class=\"link \">Derni\u00e8res Nouvelles d\u2019Alsace<\/a>.<\/p>\n<p>Chic mais surtout qui ne manquait pas d\u2019aplomb. Ce dernier a demand\u00e9 \u00e0 la vendeuse, qu\u2019il avait mis pr\u00e9alablement en confiance, de voir ses plus belles pi\u00e8ces. Alors que celle-ci se rendait <a href=\"https:\/\/www.20minutes.fr\/economie\/commerce\/?at_medium=RSS%20feed&amp;at_campaign=ynews&amp;utm_source=yahoo&amp;utm_medium=rss&amp;utm_campaign=news_feed&amp;utm_content=in_article_link\" rel=\"nofollow noopener\" target=\"_blank\" data-ylk=\"slk:dans la r\u00e9serve;elm:context_link;itc:0;sec:content-canvas\" class=\"link \">dans la r\u00e9serve<\/a>, pr\u00e9cisent nos confr\u00e8res, celui-ci s\u2019est empar\u00e9 discr\u00e8tement de bijoux d\u2019une valeur marchande estim\u00e9e \u00e0 environ 30.000 euros avant de prendre tranquillement la tangente. Les images de la <a href=\"https:\/\/www.20minutes.fr\/dossier\/videosurveillance?at_medium=RSS%20feed&amp;at_campaign=ynews&amp;utm_source=yahoo&amp;utm_medium=rss&amp;utm_campaign=news_feed&amp;utm_content=in_article_link\" rel=\"nofollow noopener\" target=\"_blank\" data-ylk=\"slk:vid\u00e9osurveillance;elm:context_link;itc:0;sec:content-canvas\" class=\"link \">vid\u00e9osurveillance<\/a> du magasin n\u2019ont pas permis d\u2019identifier le voleur.<\/p>\n<p><a href=\"https:\/\/www.20minutes.fr\/faits_divers\/faits-divers-strasbourg\/4159904-20250623-strasbourg-chic-surtout-voleur-homme-subtilise-30-000-euros-bijoux?at_medium=RSS%20feed&amp;at_campaign=ynews&amp;utm_source=yahoo&amp;utm_medium=rss&amp;utm_campaign=news_feed&amp;utm_content=read_more_link\" rel=\"nofollow noopener\" target=\"_blank\" data-ylk=\"slk:Lire la suite sur 20minutes;elm:context_link;itc:0;sec:content-canvas\" class=\"link \">Lire la suite sur 20minutes<\/a><\/p>\n<p>\u00c0 lire aussi :<br \/><a href=\"https:\/\/www.20minutes.fr\/faits_divers\/4113032-20241001-calvados-couple-fait-derober-30-000-euros-bijoux-voiture-durant-sommeil?at_medium=RSS%20feed&amp;at_campaign=ynews&amp;utm_source=yahoo&amp;utm_medium=rss&amp;utm_campaign=news_feed&amp;utm_content=related_content_link\" rel=\"nofollow noopener\" target=\"_blank\" data-ylk=\"slk:Calvados : Un couple se fait d\u00e9rober 30.000 euros de bijoux et sa voiture durant son sommeil;elm:context_link;itc:0;sec:content-canvas\" class=\"link \">Calvados : Un couple se fait d\u00e9rober 30.000 euros de bijoux et sa voiture durant son sommeil<\/a><br \/><a href=\"https:\/\/www.20minutes.fr\/faits_divers\/4145114-20250324-bout-douze-jours-voleur-expulse-770-000-dollars-bijoux-tiffany-avales?at_medium=RSS%20feed&amp;at_campaign=ynews&amp;utm_source=yahoo&amp;utm_medium=rss&amp;utm_campaign=news_feed&amp;utm_content=related_content_link\" rel=\"nofollow noopener\" target=\"_blank\" data-ylk=\"slk:Au bout de douze jours, le voleur expulse les 770.000 dollars de bijoux Tiffany qu\u2019il avait aval\u00e9s;elm:context_link;itc:0;sec:content-canvas\" class=\"link \">Au bout de douze jours, le voleur expulse les 770.000 dollars de bijoux Tiffany qu\u2019il avait aval\u00e9s<\/a><\/p>\n","protected":false},"excerpt":{"rendered":"ni vu ni connu &#8211; Un homme a subtilis\u00e9 dans une joaillerie de la rue du D\u00f4me, au&hellip;\n","protected":false},"author":2,"featured_media":197979,"comment_status":"","ping_status":"","sticky":false,"template":"","format":"standard","meta":{"footnotes":""},"categories":[2820],"tags":[1111,11,33254,11390,1777,674,4658,1011,27,775,4933,12,25,640],"class_list":{"0":"post-197978","1":"post","2":"type-post","3":"status-publish","4":"format-standard","5":"has-post-thumbnail","7":"category-strasbourg","8":"tag-actu","9":"tag-actualites","10":"tag-dernieres-nouvelles-dalsace","11":"tag-dome","12":"tag-eu","13":"tag-europe","14":"tag-euros","15":"tag-fr","16":"tag-france","17":"tag-grand-est","18":"tag-homme","19":"tag-news","20":"tag-republique-francaise","21":"tag-strasbourg"},"share_on_mastodon":{"url":"https:\/\/pubeurope.com\/@fr\/114732356392334817","error":""},"_links":{"self":[{"href":"https:\/\/www.europesays.com\/fr\/wp-json\/wp\/v2\/posts\/197978","targetHints":{"allow":["GET"]}}],"collection":[{"href":"https:\/\/www.europesays.com\/fr\/wp-json\/wp\/v2\/posts"}],"about":[{"href":"https:\/\/www.europesays.com\/fr\/wp-json\/wp\/v2\/types\/post"}],"author":[{"embeddable":true,"href":"https:\/\/www.europesays.com\/fr\/wp-json\/wp\/v2\/users\/2"}],"replies":[{"embeddable":true,"href":"https:\/\/www.europesays.com\/fr\/wp-json\/wp\/v2\/comments?post=197978"}],"version-history":[{"count":0,"href":"https:\/\/www.europesays.com\/fr\/wp-json\/wp\/v2\/posts\/197978\/revisions"}],"wp:featuredmedia":[{"embeddable":true,"href":"https:\/\/www.europesays.com\/fr\/wp-json\/wp\/v2\/media\/197979"}],"wp:attachment":[{"href":"https:\/\/www.europesays.com\/fr\/wp-json\/wp\/v2\/media?parent=197978"}],"wp:term":[{"taxonomy":"category","embeddable":true,"href":"https:\/\/www.europesays.com\/fr\/wp-json\/wp\/v2\/categories?post=197978"},{"taxonomy":"post_tag","embeddable":true,"href":"https:\/\/www.europesays.com\/fr\/wp-json\/wp\/v2\/tags?post=197978"}],"curies":[{"name":"wp","href":"https:\/\/api.w.org\/{rel}","templated":true}]}}