{"id":197990,"date":"2025-06-23T11:11:12","date_gmt":"2025-06-23T11:11:12","guid":{"rendered":"https:\/\/www.europesays.com\/fr\/197990\/"},"modified":"2025-06-23T11:11:12","modified_gmt":"2025-06-23T11:11:12","slug":"voici-pourquoi-lubb-ne-peut-pas-se-cacher","status":"publish","type":"post","link":"https:\/\/www.europesays.com\/fr\/197990\/","title":{"rendered":"voici pourquoi l&rsquo;UBB ne peut pas se cacher"},"content":{"rendered":"<p>            Par<br \/>\n        <strong><br \/>\n            <a href=\"https:\/\/actu.fr\/auteur\/clement-mazella\" title=\"Consulter tous les articles de Cl\u00e9ment Mazella\" target=\"_blank\" rel=\"noopener\">Cl\u00e9ment Mazella<\/a><br \/>\n        <\/strong><\/p>\n<p>        Publi\u00e9 le<\/p>\n<p>            23 juin 2025 \u00e0 12h54        <\/p>\n<p>\u00ab\u00a0Toulouse en finale, ce n\u2019est pas la m\u00eame \u00e9quipe\u00a0\u00bb, dixit <a href=\"https:\/\/actu.fr\/rugby\/joueur\/poirot_64e096197b8c09c4fed02e1e\/\" target=\"_blank\" rel=\"noopener\">Jefferson Poirot<\/a>. \u00ab\u00a0Le Brennus est attitr\u00e9 au Stade Toulousain\u00a0\u00bb, pour <a href=\"https:\/\/actu.fr\/rugby\/equipe\/bordeaux-begles_64dd31517b8c09c4fec880dd\/\" target=\"_blank\" rel=\"noopener\">Maxime Lucu<\/a>. Les deux Bordelais ont montr\u00e9, samedi soir \u00e0 Lyon apr\u00e8s <a href=\"https:\/\/actu.fr\/sports\/rugby\/top-14\/demi-finale-top-14-le-coup-d-accelerateur-de-bordeaux-fatal-a-toulon-ce-qui-nous-a-plu-et-deplu_62807092.html\" target=\"_blank\" rel=\"noopener\">la victoire tranquille<\/a> contre Toulon (39-24) qu\u2019ils ont bien appris leurs cours de communication afin de laisser le costume de favori \u00e0 son futur adversaire en finale de Top 14. Et pourtant, ce serait se voiler la face que de croire que <a href=\"https:\/\/actu.fr\/rugby\/equipe\/bordeaux-begles_64dd31517b8c09c4fec880dd\/\" target=\"_blank\" rel=\"noopener\">Bordeaux-B\u00e8gles<\/a> est outsider. L\u2019an dernier, l\u2019UBB l\u2019\u00e9tait, mais depuis la gifle re\u00e7ue (59-3), de l\u2019eau a coul\u00e9 sous les ponts et la formation girondine a sacr\u00e9ment mont\u00e9 le curseur. Ce n\u2019est plus la m\u00eame \u00e9quipe, et franchement, elle a tout en main pour venir au Stade de France sans complexe et faire tomber un Toulouse plus prenable. Voici 4 raisons qui montrent que Bordeaux est favori.<\/p>\n<p>Cette \u00e9quipe sait gagner<\/p>\n<p class=\" wall-content\">\u00ab\u00a0En Top 14, nous sommes des puceaux\u00a0\u00bb. Dans les faits, difficile de contredire Jefferson Poirot. L\u2019UBB n\u2019a jamais pass\u00e9 le cut depuis sa naissance en 2006, et la derni\u00e8re fois que le club girondin a soulev\u00e9 le Brennus, c\u2019\u00e9tait en 1991 sous l\u2019appellation CA B\u00e8gles-Bordeaux.<\/p>\n<p class=\" wall-content\">Mais cette saison, le club de Laurent Marti a chang\u00e9 de dimension. La raison : il a rafl\u00e9 son premier titre majeur, montant sur le toit de l\u2019Europe en gagnant la Champions Cup. Son armoire n\u2019est plus vierge de troph\u00e9es, et l\u2019UBB conna\u00eet d\u00e9sormais la recette pour d\u00e9crocher un titre. Ce n\u2019est pas rien. Bien s\u00fbr, elle n\u2019a pas l\u2019exp\u00e9rience d\u2019un Toulouse, v\u00e9ritable machine \u00e0 gagner, mais avec ce troph\u00e9e gagn\u00e9, elle peut le regarder droit dans les yeux en lui disant : \u00ab\u00a0moi aussi, je sais gagner !\u00a0\u00bb.<\/p>\n<p>Une confiance incroyable<\/p>\n<p class=\" wall-content\">OK, Bordeaux-B\u00e8gles a fini derri\u00e8re Toulouse durant la saison r\u00e9guli\u00e8re. Mais tr\u00e8s vite, la qualit\u00e9 de jeu d\u00e9ploy\u00e9e par la troupe de Yannick Bru a saut\u00e9 aux yeux. Avec \u00ab\u00a0sa patrouille de France\u00a0\u00bb, pilot\u00e9e par un duo Lucu-Jalibert ultra-compl\u00e9mentaire dans l\u2019animation, la ligne d\u2019attaque de l\u2019UBB peut pr\u00e9tendre actuellement au statut de meilleure ligne de 3\/4 d\u2019Europe. Mieux que Toulouse, o\u00f9 Dupont manque terriblement, et o\u00f9 Ntamack est sur une jambe.<\/p>\n<p>    <img   decoding=\"async\" loading=\"lazy\" src=\"https:\/\/www.europesays.com\/fr\/wp-content\/uploads\/2025\/06\/yannick-bru-maxime-lucu-finale-2024-toulouse-bordeaux-960x640.jpg\" alt=\"Joueurs et staff de Bordeaux sont toujours habit\u00e9s par l'horrible souvenir de la d\u00e9faite record subie contre Toulouse lors de la derni\u00e8re finale de Top 14.\" width=\"960\" height=\"640\"\/><br \/>\n    Le Bordeaux-B\u00e8gles de Bru et Lucu d\u00e9gagent une confiance assez incroyable avant la finale du Top 14. (\u00a9IconSport)<\/p>\n<p class=\" wall-content\">Son pack, lui, a gagn\u00e9 en densit\u00e9, et pr\u00e9sente des garanties bien sup\u00e9rieures \u00e0 celle de l\u2019ann\u00e9e derni\u00e8re. \u00ab\u00a0Nous avons un peu plus de certitudes. Nous avons une bonne m\u00eal\u00e9e, et notre touche est de meilleur niveau\u00a0\u00bb, avoue Poirot. Et comme tous les observateurs s\u2019accordent \u00e0 le dire, en finale, pour esp\u00e9rer battre Toulouse, il faut d\u2019abord rivaliser devant. Force est de reconna\u00eetre que le pack girondin a les arguments pour cela.<\/p>\n<p class=\" wall-content\">Et puis, plus globalement, la confiance est clairement dans le camp bordelais. Priv\u00e9 de Dupont, Mauvaka et Capuozzo, Toulouse balbutie son jeu depuis des semaines (ce fut encore le cas en demie contre Bayonne), alors que c\u2019est tout l\u2019inverse du c\u00f4t\u00e9 de Bordeaux. Encore une fois, face \u00e0 Toulon samedi soir, ce fut huil\u00e9 \u00e0 souhait et terriblement efficace.\u00a0<\/p>\n<p class=\" wall-content\">Comme si rien ne pouvait inqui\u00e9ter cette \u00e9quipe, dont quasiment toutes les armes (Coleman est forfait) sont disponibles. L\u2019inconnue, c\u2019est bien s\u00fbr le cas Louis Bielle-Biarrey, mais l\u2019UBB a montr\u00e9 qu\u2019elle savait composer sans son ph\u00e9nom\u00e8ne.<\/p>\n<p>Des cadres actuellement \u00e0 leur sommet<\/p>\n<p class=\" wall-content\">Si des Arthur Reti\u00e8re, Jonny Gray, Matis Perchaud, Rohan Van Rensburg ou encore Temo Matiu sont venus renforcer l\u2019UBB \u00e0 l\u2019intersaison, le XV-titulaire, lui, n\u2019a quasiment pas boug\u00e9 par rapport \u00e0 la d\u00e9faite historique conc\u00e9d\u00e9e contre Toulouse l\u2019an pass\u00e9.\u00a0<\/p>\n<p class=\" wall-content\">Et un constat s\u2019impose : au sein de cette \u00e9quipe-type qui a gagn\u00e9 en maturit\u00e9, un bon paquet de cadres sont actuellement au sommet de leur art. Le talonneur Maxime Lamothe, auteur d\u2019un tripl\u00e9 retentissant en demi-finale, a aujourd\u2019hui une tout autre envergure. M\u00eame topo pour le deuxi\u00e8me ligne Cyril Cazeaux, qui n\u2019a pas manqu\u00e9 \u00ab\u00a0d\u2019impressionner\u00a0\u00bb Fabien Galthi\u00e9. Et avant de quitter la Gironde, Pete Samu fait bien plus que \u00ab\u00a0remplacer\u00a0\u00bb Tevita Tatafu.<\/p>\n<p class=\" wall-content\">Mais que dire de la charni\u00e8re Lucu-Jalibert ? Elle n\u2019a jamais sembl\u00e9 aussi forte et en totale ma\u00eetrise de la partition mise en place par Yannick Bru. Lucu, excellent plaqueur, rayonne dans l\u2019art de faire jouer les autres, et son jeu au pied d\u2019occupation est une merveille. Jalibert, lui, \u00e9volue sur un nuage : il est actuellement le meilleur n\u00b010 d\u2019Europe. Et l\u00e0, il sera \u00e0 100% de ses moyens pour cette finale : <a href=\"https:\/\/actu.fr\/nouvelle-aquitaine\/bordeaux_33063\/matthieu-jalibert-lache-qu-il-n-etait-pas-a-100-yannick-bru-fait-un-aveu-fort-sur-son-n-10_61274558.html\" target=\"_blank\" rel=\"noopener\">pas comme l\u2019an dernier<\/a>\u2026<\/p>\n<p>    <img   decoding=\"async\" loading=\"lazy\" src=\"https:\/\/www.europesays.com\/fr\/wp-content\/uploads\/2025\/06\/copie-de-sans-titre-1200-x-800-px-2025-05-19t173604313-960x640.jpg\" alt=\"Matthieu Jalibert a \u00e9t\u00e9 lanc\u00e9 \u00e0 l'UBB \u00e0 l'\u00e2ge de 18 ans et quelques mois plus tard avec le XV de France par Jacques Brunel \" width=\"960\" height=\"640\"\/><br \/>\n    Matthieu Jalibert est actuellement \u00e0 son sommet avec Bordeaux-B\u00e8gles. (\u00a9Icon Sport)<\/p>\n<p class=\" wall-content\">Au centre, Yoram Moefana n\u2019est plus ce joueur \u00ab\u00a0timide\u00a0\u00bb lors des gros rendez-vous. C\u2019est un roc parfait dans le syst\u00e8me bordelais, bien \u00e9paul\u00e9 par son comp\u00e8re Nicolas Depoort\u00e8re. Damian Penaud, lui, demeure ce s\u00e9rial marqueur capable de sortir de sa bo\u00eete \u00e0 n\u2019importe quel moment. Un \u00ab\u00a0facteur X\u00a0\u00bb qui a grandi, et para\u00eet moins fou-fou qu\u2019avant.<\/p>\n<p class=\" wall-content\">Des cadres au sommet, ce qui n\u2019est pas totalement le cas \u00e0 Toulouse. Emmanuel Meafou, LA poutre du pack toulousain, n\u2019a plus du tout son influence habituelle, quand des Cyril Baille ou Alexandre Roumat semblent aussi moins bien. Romain Ntamack \u00e9volue sur une jambe. Longtemps phare de la ligne d\u2019attaque de Toulouse, Pita Ahki a baiss\u00e9, au point de perdre sa place de titulaire. Cela fait beaucoup.\u00a0<\/p>\n<p>3 victoires contre Toulouse cette saison<\/p>\n<p class=\" wall-content\">Les Bordelais ont insist\u00e9 l\u00e0-dessus samedi soir, apr\u00e8s leur qualification en finale : le match du 28 juin prochain ne sera en rien \u00ab\u00a0une revanche\u00a0\u00bb de la claque re\u00e7ue l\u2019an dernier \u00e0 Marseille (59-3). On aurait clairement pu penser qu\u2019elle allait longtemps hanter l\u2019esprit des bordelais : elle semble comme enfouie, dig\u00e9r\u00e9e, oubli\u00e9e. En si peu de temps, c\u2019est fort.<\/p>\n<p class=\" wall-content\">Et puis, Bordeaux-B\u00e8gles peut se targuer d\u2019un exploit cette saison : il est le seul des 18 clubs affront\u00e9s que Toulouse n\u2019a pas r\u00e9ussi \u00e0 battre. L\u2019UBB n\u2019a pas fait les choses \u00e0 moiti\u00e9 : succ\u00e8s \u00e0 Ernest-Wallon (12-16) fin septembre 2024, victoire 32-24 \u00e0 domicile, et une demi-finale de Champions Cup remport\u00e9e de main de ma\u00eetre 35-18. Psychologiquement, c\u2019est un aspect \u00e0 tr\u00e8s clairement prendre en compte.<\/p>\n<p class=\" wall-content\">Bordeaux-B\u00e8gles ne peut pas se cacher en raison de tout ce qu\u2019il vient d\u2019accomplir cette saison : il ne peut pas dire qu\u2019il n\u2019est pas favori de cette finale de Top 14.\u00a0<\/p>\n<p class=\" wall-content\">Suivez toute l\u2019actualit\u00e9 de vos villes et m\u00e9dias favoris en vous inscrivant \u00e0 <a href=\"https:\/\/moncompte.actu.fr\" title=\"D\u00e9couvez Mon Actu\" rel=\"nofollow noopener\" data-trk=\"{&quot;cta&quot;:{&quot;action&quot;:&quot;https:\\\/\\\/moncompte.actu.fr&quot;,&quot;category&quot;:&quot;mon compte&quot;,&quot;from&quot;:&quot;article footer&quot;,&quot;name&quot;:&quot;Mon actu&quot;,&quot;type&quot;:&quot;cta&quot;}}\" target=\"_blank\">Mon Actu<\/a>.<\/p>\n<ul class=\"ac-article-tag wall-content\">\n<li><a href=\"https:\/\/actu.fr\/tag\/usb-union-bordeaux-begles\" data-trk=\"{&quot;cta&quot;:{&quot;action&quot;:&quot;UBB Union Bordeaux B\\u00e8gles&quot;,&quot;category&quot;:&quot;tag&quot;,&quot;from&quot;:&quot;article footer&quot;,&quot;name&quot;:&quot;UBB Union Bordeaux B\\u00e8gles&quot;,&quot;type&quot;:&quot;cta&quot;}}\" target=\"_blank\" rel=\"noopener\">#UBB Union Bordeaux B\u00e8gles<\/a><\/li>\n<\/ul>\n","protected":false},"excerpt":{"rendered":"Par Cl\u00e9ment Mazella Publi\u00e9 le 23 juin 2025 \u00e0 12h54 \u00ab\u00a0Toulouse en finale, ce n\u2019est pas la m\u00eame&hellip;\n","protected":false},"author":2,"featured_media":197991,"comment_status":"","ping_status":"","sticky":false,"template":"","format":"standard","meta":{"footnotes":""},"categories":[2817],"tags":[1111,11,1997,1777,674,1011,27,12,2219,25,479,60,478,4435],"class_list":{"0":"post-197990","1":"post","2":"type-post","3":"status-publish","4":"format-standard","5":"has-post-thumbnail","7":"category-bordeaux","8":"tag-actu","9":"tag-actualites","10":"tag-bordeaux","11":"tag-eu","12":"tag-europe","13":"tag-fr","14":"tag-france","15":"tag-news","16":"tag-nouvelle-aquitaine","17":"tag-republique-francaise","18":"tag-rugby","19":"tag-sports","20":"tag-top-14","21":"tag-ubb-union-bordeaux-begles"},"share_on_mastodon":{"url":"https:\/\/pubeurope.com\/@fr\/114732380123347444","error":""},"_links":{"self":[{"href":"https:\/\/www.europesays.com\/fr\/wp-json\/wp\/v2\/posts\/197990","targetHints":{"allow":["GET"]}}],"collection":[{"href":"https:\/\/www.europesays.com\/fr\/wp-json\/wp\/v2\/posts"}],"about":[{"href":"https:\/\/www.europesays.com\/fr\/wp-json\/wp\/v2\/types\/post"}],"author":[{"embeddable":true,"href":"https:\/\/www.europesays.com\/fr\/wp-json\/wp\/v2\/users\/2"}],"replies":[{"embeddable":true,"href":"https:\/\/www.europesays.com\/fr\/wp-json\/wp\/v2\/comments?post=197990"}],"version-history":[{"count":0,"href":"https:\/\/www.europesays.com\/fr\/wp-json\/wp\/v2\/posts\/197990\/revisions"}],"wp:featuredmedia":[{"embeddable":true,"href":"https:\/\/www.europesays.com\/fr\/wp-json\/wp\/v2\/media\/197991"}],"wp:attachment":[{"href":"https:\/\/www.europesays.com\/fr\/wp-json\/wp\/v2\/media?parent=197990"}],"wp:term":[{"taxonomy":"category","embeddable":true,"href":"https:\/\/www.europesays.com\/fr\/wp-json\/wp\/v2\/categories?post=197990"},{"taxonomy":"post_tag","embeddable":true,"href":"https:\/\/www.europesays.com\/fr\/wp-json\/wp\/v2\/tags?post=197990"}],"curies":[{"name":"wp","href":"https:\/\/api.w.org\/{rel}","templated":true}]}}