{"id":197996,"date":"2025-06-23T11:14:08","date_gmt":"2025-06-23T11:14:08","guid":{"rendered":"https:\/\/www.europesays.com\/fr\/197996\/"},"modified":"2025-06-23T11:14:08","modified_gmt":"2025-06-23T11:14:08","slug":"lille-des-hommes-cagoules-avaient-penetre-chez-lui-pour-le-tabasser-et-le-voler-le-tribunal-a-tranche","status":"publish","type":"post","link":"https:\/\/www.europesays.com\/fr\/197996\/","title":{"rendered":"Lille. Des hommes cagoul\u00e9s avaient p\u00e9n\u00e9tr\u00e9 chez lui pour le tabasser et le voler : le tribunal a tranch\u00e9"},"content":{"rendered":"<p>            Par<br \/>\n        <strong><br \/>\n            <a href=\"https:\/\/actu.fr\/auteur\/margot-nicodeme\" title=\"Consulter tous les articles de Margot Nicod\u00e8me\" rel=\"nofollow noopener\" target=\"_blank\">Margot Nicod\u00e8me<\/a><br \/>\n        <\/strong><\/p>\n<p>        Publi\u00e9 le<\/p>\n<p>            23 juin 2025 \u00e0 12h50        <\/p>\n<p>Les faits faisaient froid dans le dos, quand <b>la courageuse victime, un Lillois de 30 ans<\/b>, avait accept\u00e9 de <a href=\"https:\/\/actu.fr\/hauts-de-france\/lille_59350\/lille-homosexuel-jordan-est-tombe-dans-un-terrible-piege-des-hommes-cagoules-ont-penetre-chez-lui_62447399.html\" rel=\"nofollow noopener\" target=\"_blank\">nous les relater fin mars 2025<\/a>. Dans la nuit du 25, <b>trois hommes avaient fait irruption dans son appartement <\/b>au beau milieu de la nuit, le tirant de son sommeil. Il avait alors \u00e9t\u00e9 <b>pass\u00e9 \u00e0 tabac<\/b>, et <b>s\u2019\u00e9tait fait voler des effets personnels<\/b>, dont son t\u00e9l\u00e9phone et sa carte bancaire. C\u2019est d\u2019ailleurs en localisant le portable et les achats frauduleux dans des commerces que les enqu\u00eateurs avaient identifi\u00e9 trois hommes, dont un mineur. <b>Les deux majeurs, de 23 et 25 ans<\/b>, ont \u00e9t\u00e9 jug\u00e9s au tribunal de <a href=\"https:\/\/actu.fr\/hauts-de-france\/lille_59350\" rel=\"nofollow noopener\" target=\"_blank\">Lille<\/a> (Nord) le 20 juin. Ils n\u2019ont cess\u00e9 de clamer leur innocence. R\u00e9cit.<\/p>\n<p>Deux pr\u00e9venus qui se sont rencontr\u00e9s au coll\u00e8ge, mais qui disent n\u2019avoir plus de contact depuis<\/p>\n<p class=\" wall-content\">Pour rappel, le Lillois de 30 ans, ouvertement homosexuel, a invit\u00e9 chez lui, ce soir-l\u00e0, un jeune homme rencontr\u00e9 peu de temps avant. Il lui semble digne de confiance. Quelque temps apr\u00e8s, l\u2019inconnu quitte pr\u00e9cipitamment le logement, en emportant avec lui, la victime le croit, les cl\u00e9s de l\u2019entr\u00e9e. <b>Puis le r\u00e9veil soudain, brutal, au milieu de la nui<\/b>t. Trois intrus sont dans l\u2019appartement, et frappent avec force la victime, qui aura 3 jours d\u2019ITT et un choc post-traumatique.<\/p>\n<p class=\" wall-content\">Les lieux sont fouill\u00e9s, le t\u00e9l\u00e9phone et la carte emport\u00e9s \u00e0 la h\u00e2te, alors que des voisins, alert\u00e9s par les cris, ont fait savoir qu\u2019ils avaient appel\u00e9 la police. L\u2019enqu\u00eate commence alors.<\/p>\n<p class=\" wall-content\">Le t\u00e9l\u00e9phone subtilis\u00e9 est g\u00e9olocalis\u00e9 dans un logement de la <a href=\"https:\/\/actu.fr\/hauts-de-france\/lille_59350\/lille-meurtre-de-la-place-vanhonaecker-4-individus-mis-en-examen-et-places-en-detention-provisoire_62304604.html\" rel=\"nofollow noopener\" target=\"_blank\">place Vanhonaecker<\/a>, o\u00f9 r\u00e9sident un p\u00e8re et son fils mineur. Ce dernier <b>reconna\u00eet devant les policiers avoir crois\u00e9 la victime<\/b>, dont la d\u00e9marche laissait penser qu\u2019elle \u00e9tait alcoolis\u00e9e, du c\u00f4t\u00e9 de la porte d\u2019Arras, le soir de l\u2019agression. En raison de son \u00e2ge, il sera jug\u00e9 ult\u00e9rieurement, \u00e0 l\u2019automne 2025.<\/p>\n<p class=\" wall-content\">Les deux autres pr\u00e9venus dans l\u2019affaire, de 23 et 25 ans, ont eux bel et bien \u00e9t\u00e9 jug\u00e9s. \u00c0 l\u2019audience du 20 juin, ils admettent s\u2019\u00eatre rencontr\u00e9s au coll\u00e8ge, tous deux habitant le secteur d\u2019<a href=\"https:\/\/actu.fr\/hauts-de-france\/armentieres_59017\" rel=\"nofollow noopener\" target=\"_blank\">Armenti\u00e8res<\/a>, mais n\u2019avoir plus de contact depuis. Pourtant, la police les a intercept\u00e9s ensemble, \u00e0 l\u2019occasion d\u2019un contr\u00f4le remontant au mois d\u2019avril, \u00e0 proximit\u00e9 de la porte d\u2019Arras. Le hasard, avancent les pr\u00e9venus devant le tribunal.<\/p>\n<p class=\" wall-content\">Mais surtout, pour l\u2019affaire qui nous int\u00e9resse, la vid\u00e9osurveillance met formellement en cause l\u2019un des deux, celui de 23 ans.<\/p>\n<p>Un pr\u00e9venu identifi\u00e9 dans un Carrefour Market de Lille, utilisant la carte bancaire de la victime<\/p>\n<p class=\" wall-content\">En effet, en remontant la trace des achats r\u00e9alis\u00e9s avec la carte bancaire de la victime, les enqu\u00eateurs en arrivent \u00e0 exploiter la bande d\u2019un Carrefour City de Lille. Au petit matin, on y voit nettement le jeune homme de 23 ans, d\u00e9ambulant dans les rayons, v\u00eatu d\u2019une doudoune grise. La police a entr\u00e9 la photo captur\u00e9e dans un logiciel de reconnaissance faciale, et c\u2019est son nom qui est sorti.<\/p>\n<p class=\" wall-content\"><b>Le pr\u00e9venu dit qu\u2019il s\u2019agit bien de lui, mais donne une version pour le moins surprenante<\/b>. Un homme l\u2019aurait abord\u00e9 dans la rue cette nuit-l\u00e0, et lui aurait propos\u00e9 de lui donner sa doudoune. Dans la poche, une carte bancaire, avec laquelle il lui demande de payer des courses, de l\u2019alcool notamment. Une fois la mission accomplie, le mis en cause aurait rendu sa doudoune \u00e0 l\u2019inconnu, et aurait continu\u00e9 sa route. \u00ab\u00a0J\u2019aurais d\u00fb me m\u00e9fier\u00a0\u00bb, s\u2019aventure-t-il \u00e0 dire au juge.<\/p>\n<p class=\" wall-content\">Il faut dire que l\u2019homme a un profil inqui\u00e9tant : il venait de sortir de 3 ann\u00e9es de prison, en janvier 2025, pour des faits d\u2019extorsion et de violences aggrav\u00e9es. Toutefois, <b>pour son avocate, rien ne le lie concr\u00e8tement \u00e0 l\u2019agression du Lillois<\/b> de 30 ans. Elle demande la relaxe.\u00a0<\/p>\n<p class=\" wall-content\">Son ami de coll\u00e8ge, qui compara\u00eet \u00e0 ses c\u00f4t\u00e9s, dit n\u2019avoir rien \u00e0 voir avec l\u2019affaire. Ni de pr\u00e8s, ni de loin. Son nom \u00e0 lui est sorti apr\u00e8s la fameuse analyse du logiciel de reconnaissance faciale par les autorit\u00e9s : il a \u00e9t\u00e9 identifi\u00e9 comme \u00e9tant l\u2019homme qui accompagne le pr\u00e9venu de 23 ans sur les photos du Carrefour City. Mais le pr\u00e9venu de 25 ans nie \u00eatre l\u2019homme sur les photos. Son avocate demande \u00e9galement la relaxe, au b\u00e9n\u00e9fice du doute.<\/p>\n<p class=\" wall-content\">Pour le procureur, la r\u00e9alit\u00e9 est tout autre. Les deux pr\u00e9venus racontent selon lui un tissu de mensonges. Il est \u00e9vident qu\u2019ils sont amis, d\u2019une part, et d\u2019autre part qu\u2019ils remont\u00e9s chez la victime, avec le premier complice qui avait \u00e9t\u00e9 invit\u00e9 dans l\u2019appartement. Dans le but de lui voler ses codes de carte bleue. Il requiert respectivement 2 ans et 1 an de prison ferme pour les jeunes de 23 et 25 ans.<\/p>\n<p class=\" wall-content\">Finalement, le pr\u00e9venu le plus impliqu\u00e9, car reconnaissable dans le Carrefour City, \u00e9cope de 8 mois de prison avec maintien en d\u00e9tention. L\u2019autre homme est relax\u00e9.<\/p>\n<p class=\" wall-content\">Suivez toute l\u2019actualit\u00e9 de vos villes et m\u00e9dias favoris en vous inscrivant \u00e0 <a href=\"https:\/\/moncompte.actu.fr\" title=\"D\u00e9couvez Mon Actu\" rel=\"nofollow noopener\" data-trk=\"{&quot;cta&quot;:{&quot;action&quot;:&quot;https:\\\/\\\/moncompte.actu.fr&quot;,&quot;category&quot;:&quot;mon compte&quot;,&quot;from&quot;:&quot;article footer&quot;,&quot;name&quot;:&quot;Mon actu&quot;,&quot;type&quot;:&quot;cta&quot;}}\" target=\"_blank\">Mon Actu<\/a>.<\/p>\n","protected":false},"excerpt":{"rendered":"Par Margot Nicod\u00e8me Publi\u00e9 le 23 juin 2025 \u00e0 12h50 Les faits faisaient froid dans le dos, quand&hellip;\n","protected":false},"author":2,"featured_media":197997,"comment_status":"","ping_status":"","sticky":false,"template":"","format":"standard","meta":{"footnotes":""},"categories":[2815],"tags":[1111,11,1777,674,118,1011,27,811,303,1307,12,25],"class_list":{"0":"post-197996","1":"post","2":"type-post","3":"status-publish","4":"format-standard","5":"has-post-thumbnail","7":"category-lille","8":"tag-actu","9":"tag-actualites","10":"tag-eu","11":"tag-europe","12":"tag-faits-divers","13":"tag-fr","14":"tag-france","15":"tag-hauts-de-france","16":"tag-justice","17":"tag-lille","18":"tag-news","19":"tag-republique-francaise"},"share_on_mastodon":{"url":"https:\/\/pubeurope.com\/@fr\/114732391827101729","error":""},"_links":{"self":[{"href":"https:\/\/www.europesays.com\/fr\/wp-json\/wp\/v2\/posts\/197996","targetHints":{"allow":["GET"]}}],"collection":[{"href":"https:\/\/www.europesays.com\/fr\/wp-json\/wp\/v2\/posts"}],"about":[{"href":"https:\/\/www.europesays.com\/fr\/wp-json\/wp\/v2\/types\/post"}],"author":[{"embeddable":true,"href":"https:\/\/www.europesays.com\/fr\/wp-json\/wp\/v2\/users\/2"}],"replies":[{"embeddable":true,"href":"https:\/\/www.europesays.com\/fr\/wp-json\/wp\/v2\/comments?post=197996"}],"version-history":[{"count":0,"href":"https:\/\/www.europesays.com\/fr\/wp-json\/wp\/v2\/posts\/197996\/revisions"}],"wp:featuredmedia":[{"embeddable":true,"href":"https:\/\/www.europesays.com\/fr\/wp-json\/wp\/v2\/media\/197997"}],"wp:attachment":[{"href":"https:\/\/www.europesays.com\/fr\/wp-json\/wp\/v2\/media?parent=197996"}],"wp:term":[{"taxonomy":"category","embeddable":true,"href":"https:\/\/www.europesays.com\/fr\/wp-json\/wp\/v2\/categories?post=197996"},{"taxonomy":"post_tag","embeddable":true,"href":"https:\/\/www.europesays.com\/fr\/wp-json\/wp\/v2\/tags?post=197996"}],"curies":[{"name":"wp","href":"https:\/\/api.w.org\/{rel}","templated":true}]}}