{"id":197998,"date":"2025-06-23T11:15:11","date_gmt":"2025-06-23T11:15:11","guid":{"rendered":"https:\/\/www.europesays.com\/fr\/197998\/"},"modified":"2025-06-23T11:15:11","modified_gmt":"2025-06-23T11:15:11","slug":"concertation-pave-du-moulin-reunion-publique-actualites","status":"publish","type":"post","link":"https:\/\/www.europesays.com\/fr\/197998\/","title":{"rendered":"Concertation Pav\u00e9 du Moulin : r\u00e9union publique \/ Actualit\u00e9s"},"content":{"rendered":"<p>Le lundi 7 juillet 2025, assistez \u00e0 une r\u00e9union publique sur le bilan de la concertation du Pav\u00e9 du Moulin \/ chemin Napol\u00e9on.<\/p>\n<p>            <img loading=\"lazy\" decoding=\"async\" src=\"\/var\/www\/storage\/images\/mediatheque\/mairie-de-lille\/actualites\/images\/2025\/fevrier\/concertation\/3678238-1-fre-FR\/concertation_news_image_top.png\" width=\"779\" height=\"518\" alt=\"\"\/><\/p>\n<p>La M\u00e9tropole Europ\u00e9enne de Lille a lanc\u00e9 d\u00e9but 2025 une concertation pour d\u00e9finir l\u2019avenir du\u00a0futur espace naturel \u00ab\u00a0Pav\u00e9 du Moulin \/ chemin Napol\u00e9on\u00a0\u00bb qui se situe entre les communes de Lille, Hellemmes, Lezennes et Villeneuve-d\u2019Ascq.\u00a0<\/p>\n<p>Aujourd&rsquo;hui cet espace est utilis\u00e9 pour l&rsquo;agriculture,\u00a0la\u00a0promenade\u00a0des habitants et c&rsquo;est aussi l&rsquo;habitat de chauves-souris, elles y hibernent au sein des carri\u00e8res souterraines (\u00ab\u00a0catiches\u00a0\u00bb).<\/p>\n<p><strong>Le lundi 7 juillet, de 18h30 \u00e0 20h30<\/strong>, se tient une\u00a0<strong>r\u00e9union publique<\/strong> sur le bilan de cette concertation et les sc\u00e9narios envisag\u00e9s. Rendez-vous \u00e0 l\u2019\u00e9cole Edouard Herriot \u00e0 Hellemmes.<\/p>\n<p><strong><a href=\"https:\/\/participation.lillemetropole.fr\/processes\/Chiropteres\" target=\"_self\" class=\"lien_interne\" rel=\"noopener\">&gt; Plus d&rsquo;infos ici<\/a><\/strong><\/p>\n<p>Un v\u00e9ritable poumon vert<\/p>\n<p>            <img src-full=\"\/var\/www\/storage\/images\/mediatheque\/mairie-de-lille\/actualites\/images\/2025\/juin-2025\/concertation-chemin-napoleon\/3795189-1-fre-FR\/Concertation-chemin-Napoleon.jpg\" data-caption-full=\"Voici la zone \" pav=\"\" du=\"\" moulin=\"\" chemin=\"\" napol=\"\" width=\"320\" height=\"161\" alt=\"Concertation chemin Napol\u00e9on\" title=\"Concertation chemin Napol\u00e9on\" class=\"align-\"\/>\n    <\/p>\n<p>Le r\u00f4le actuel de cet espace, \u00e0 maintenir ou \u00e0 faire \u00e9voluer, pose aujourd\u2019hui d\u2019importantes questions : il pr\u00e9sente \u00e0 la fois un usage d\u2019agriculture en ville et de promenade des habitants mais il est aussi un lieu de nature \u00e0 fort enjeux \u00e9cologiques puisqu\u2019il s\u2019agit de l\u2019habitat naturel de plusieurs esp\u00e8ces de chauves-souris. Ces habitantes ail\u00e9es y hibernent notamment, au sein d\u2019un important r\u00e9seau souterrain qui prend la forme de puits et de galeries.<\/p>\n<p>Une grande concertation<\/p>\n<p>La M\u00e9tropole Europ\u00e9enne de Lille, en collaboration avec les communes de Lille, Hellemmes et Lezennes, a lanc\u00e9 une grande concertation sur ce secteur.<\/p>\n<p>L\u2019objectif de cette concertation etait de prendre en compte\u00a0les besoins des habitants dans la\u00a0conception du futur espace naturel \u00ab\u00a0Pav\u00e9 du Moulin \/ chemin Napol\u00e9on\u00a0\u00bb,\u00a0tout en prot\u00e9geant la biodiversit\u00e9 locale.<\/p>\n<p>\n&gt; <a href=\"https:\/\/participation.lillemetropole.fr\/rails\/active_storage\/blobs\/eyJfcmFpbHMiOnsibWVzc2FnZSI6IkJBaHBBKzlpQVE9PSIsImV4cCI6bnVsbCwicHVyIjoiYmxvYl9pZCJ9fQ==--245dfa118a7b8d241fb0d80a3f9ae0b410ffdbc0\/Cahier%20de%20concertation%20Pav%C3%A9%20du%20Moulin_compressed.pdf\" target=\"_self\" class=\"lien_interne\" rel=\"noopener\">Le cahier de concertation<\/a><br \/>&gt; Contact : <a href=\"https:\/\/www.lille.fr\/Actualites\/mailto:participationcitoyenne@lillemetropole.fr\" title=\"Cliquez pour ouvrir votre messagerie\" target=\"_self\" class=\"lien_interne\" rel=\"noopener\">participationcitoyenne@lillemetropole.fr<\/a>\u00a0<\/p>\n","protected":false},"excerpt":{"rendered":"Le lundi 7 juillet 2025, assistez \u00e0 une r\u00e9union publique sur le bilan de la concertation du Pav\u00e9&hellip;\n","protected":false},"author":2,"featured_media":31552,"comment_status":"","ping_status":"","sticky":false,"template":"","format":"standard","meta":{"footnotes":""},"categories":[2815],"tags":[1111,11,4763,1777,674,1011,27,811,1307,5415,12,25],"class_list":{"0":"post-197998","1":"post","2":"type-post","3":"status-publish","4":"format-standard","5":"has-post-thumbnail","7":"category-lille","8":"tag-actu","9":"tag-actualites","10":"tag-agenda","11":"tag-eu","12":"tag-europe","13":"tag-fr","14":"tag-france","15":"tag-hauts-de-france","16":"tag-lille","17":"tag-mairie","18":"tag-news","19":"tag-republique-francaise"},"share_on_mastodon":{"url":"https:\/\/pubeurope.com\/@fr\/114732395766259691","error":""},"_links":{"self":[{"href":"https:\/\/www.europesays.com\/fr\/wp-json\/wp\/v2\/posts\/197998","targetHints":{"allow":["GET"]}}],"collection":[{"href":"https:\/\/www.europesays.com\/fr\/wp-json\/wp\/v2\/posts"}],"about":[{"href":"https:\/\/www.europesays.com\/fr\/wp-json\/wp\/v2\/types\/post"}],"author":[{"embeddable":true,"href":"https:\/\/www.europesays.com\/fr\/wp-json\/wp\/v2\/users\/2"}],"replies":[{"embeddable":true,"href":"https:\/\/www.europesays.com\/fr\/wp-json\/wp\/v2\/comments?post=197998"}],"version-history":[{"count":0,"href":"https:\/\/www.europesays.com\/fr\/wp-json\/wp\/v2\/posts\/197998\/revisions"}],"wp:featuredmedia":[{"embeddable":true,"href":"https:\/\/www.europesays.com\/fr\/wp-json\/wp\/v2\/media\/31552"}],"wp:attachment":[{"href":"https:\/\/www.europesays.com\/fr\/wp-json\/wp\/v2\/media?parent=197998"}],"wp:term":[{"taxonomy":"category","embeddable":true,"href":"https:\/\/www.europesays.com\/fr\/wp-json\/wp\/v2\/categories?post=197998"},{"taxonomy":"post_tag","embeddable":true,"href":"https:\/\/www.europesays.com\/fr\/wp-json\/wp\/v2\/tags?post=197998"}],"curies":[{"name":"wp","href":"https:\/\/api.w.org\/{rel}","templated":true}]}}