{"id":197999,"date":"2025-06-23T11:16:09","date_gmt":"2025-06-23T11:16:09","guid":{"rendered":"https:\/\/www.europesays.com\/fr\/197999\/"},"modified":"2025-06-23T11:16:09","modified_gmt":"2025-06-23T11:16:09","slug":"lors-des-municipales-je-dirai-clairement-ce-que-nous-ne-voulons-pas","status":"publish","type":"post","link":"https:\/\/www.europesays.com\/fr\/197999\/","title":{"rendered":"Lors des municipales, je dirai clairement ce que nous ne voulons pas"},"content":{"rendered":"<p><a href=\"https:\/\/www.laprovence.com\/article\/economie\/11816367345117\/pour-philippe-korcia-patron-de-lupe-13-le-premier-ministre-ideal-serait-un-grand-entrepreneur\" target=\"_blank\" rel=\"noopener\">L\u2019UPE 13 (Union pour les entreprises des Bouches-du-Rh\u00f4ne)<\/a> a \u00e9t\u00e9 cr\u00e9\u00e9e en 1869, ce qui en fait le plus ancien Medef territorial de France. Avec 14 000 adh\u00e9rents repr\u00e9sentant plus de 450 000 salari\u00e9s, cette association interprofessionnelle patronale participe activement au d\u00e9veloppement \u00e9conomique et social de notre territoire.<\/p>\n<p>\u00c0 sa t\u00eate depuis six ans, <a href=\"https:\/\/www.laprovence.com\/article\/economie\/1830893527341215\/philippe-korcia-president-de-lunion-pour-les-entreprises-13-nous-sommes-en-recession-totale\" target=\"_blank\" rel=\"noopener\">Philippe Korcia, qui passera la main en mars\u00a02026<\/a>, apr\u00e8s les municipales. Pour sa derni\u00e8re AG lundi 23\u00a0juin au soir au <a href=\"https:\/\/www.laprovence.com\/article\/region\/1745825873266615\/un-endroit-exceptionnel-evenements-manifestations-chantiers-les-nouvelles-ambitions-du-parc-chanot-a-marseille\" target=\"_blank\" rel=\"noopener\">Parc Chanot<\/a>, le patron des patrons proven\u00e7aux veut faire passer des messages, interpeller les \u00e9lus locaux et rappeler que les entrepreneurs sont aussi des voix qui comptent.<\/p>\n<p><strong>Cette assembl\u00e9e g\u00e9n\u00e9rale marque la fin de votre mandat \u00e0 la pr\u00e9sidence de l\u2019UPE 13, qu&rsquo;en retenez-vous\u00a0?<\/strong>&#13;\n<\/p>\n<p>C\u2019est un moment important, fort en \u00e9motion. Oui, c\u2019est ma derni\u00e8re AG en tant que pr\u00e9sident de l\u2019UPE 13, apr\u00e8s six ann\u00e9es d\u2019un engagement intense. C\u2019est une immense fiert\u00e9 d\u2019avoir repr\u00e9sent\u00e9 cet \u00e9cosyst\u00e8me aussi divers, des TPE aux multinationales. Ce furent six ann\u00e9es de crises quasi ininterrompues.<\/p>\n","protected":false},"excerpt":{"rendered":"L\u2019UPE 13 (Union pour les entreprises des Bouches-du-Rh\u00f4ne) a \u00e9t\u00e9 cr\u00e9\u00e9e en 1869, ce qui en fait le&hellip;\n","protected":false},"author":2,"featured_media":198000,"comment_status":"","ping_status":"","sticky":false,"template":"","format":"standard","meta":{"footnotes":""},"categories":[2814],"tags":[17,1111,11,154,33,1777,674,1011,27,33745,33746,7826,884,3554,12,6284,4919,882,25],"class_list":{"0":"post-197999","1":"post","2":"type-post","3":"status-publish","4":"format-standard","5":"has-post-thumbnail","7":"category-marseille","8":"tag-17","9":"tag-actu","10":"tag-actualites","11":"tag-des","12":"tag-economie","13":"tag-eu","14":"tag-europe","15":"tag-fr","16":"tag-france","17":"tag-korcia","18":"tag-lupe","19":"tag-lors","20":"tag-marseille","21":"tag-municipales","22":"tag-news","23":"tag-philippe","24":"tag-president","25":"tag-provence-alpes-cote-dazur","26":"tag-republique-francaise"},"share_on_mastodon":{"url":"https:\/\/pubeurope.com\/@fr\/114732399527608402","error":""},"_links":{"self":[{"href":"https:\/\/www.europesays.com\/fr\/wp-json\/wp\/v2\/posts\/197999","targetHints":{"allow":["GET"]}}],"collection":[{"href":"https:\/\/www.europesays.com\/fr\/wp-json\/wp\/v2\/posts"}],"about":[{"href":"https:\/\/www.europesays.com\/fr\/wp-json\/wp\/v2\/types\/post"}],"author":[{"embeddable":true,"href":"https:\/\/www.europesays.com\/fr\/wp-json\/wp\/v2\/users\/2"}],"replies":[{"embeddable":true,"href":"https:\/\/www.europesays.com\/fr\/wp-json\/wp\/v2\/comments?post=197999"}],"version-history":[{"count":0,"href":"https:\/\/www.europesays.com\/fr\/wp-json\/wp\/v2\/posts\/197999\/revisions"}],"wp:featuredmedia":[{"embeddable":true,"href":"https:\/\/www.europesays.com\/fr\/wp-json\/wp\/v2\/media\/198000"}],"wp:attachment":[{"href":"https:\/\/www.europesays.com\/fr\/wp-json\/wp\/v2\/media?parent=197999"}],"wp:term":[{"taxonomy":"category","embeddable":true,"href":"https:\/\/www.europesays.com\/fr\/wp-json\/wp\/v2\/categories?post=197999"},{"taxonomy":"post_tag","embeddable":true,"href":"https:\/\/www.europesays.com\/fr\/wp-json\/wp\/v2\/tags?post=197999"}],"curies":[{"name":"wp","href":"https:\/\/api.w.org\/{rel}","templated":true}]}}