{"id":19800,"date":"2025-04-12T12:38:14","date_gmt":"2025-04-12T12:38:14","guid":{"rendered":"https:\/\/www.europesays.com\/fr\/19800\/"},"modified":"2025-04-12T12:38:14","modified_gmt":"2025-04-12T12:38:14","slug":"quinte-du-samedi-12-avril-2025-a-vincennes-les-pronostics","status":"publish","type":"post","link":"https:\/\/www.europesays.com\/fr\/19800\/","title":{"rendered":"Quint\u00e9 du samedi 12 avril 2025 \u00e0 Vincennes : les pronostics"},"content":{"rendered":"<p class=\"article-p mdl\">Retrouvez les pronostics de Dominique Cordier pour le Quint\u00e9 du samedi 12 avril 2025 \u00e0 Vincennes, le Prix Henri Levesque. <strong>D\u00e9part \u00e0 15h15. 15 partantes. <\/strong>Trot attel\u00e9. Groupe II. 2.700 m\u00e8tres. Grande piste. Juments de 5 ans.\n<\/p>\n<p class=\"article-p mdl\">Belle course \u00e9videmment, m\u00eame s\u2019il convient d\u2019y aller avec des pincettes, la cat\u00e9gorie, le sexe des concurrents et cette g\u00e9n\u00e9ration \u00e9tant souvent g\u00e9n\u00e9rateurs de (mauvaises) surprises \u00e0 l\u2019arriv\u00e9e.\n<\/p>\n<p class=\"article-p mdl\">Les deux \u00ab Barjon \u00bb de la course, le <strong>14 Kokote <\/strong>et le <strong>8 Konfin\u00e9e<\/strong>, d\u00e9fendront \u00e9videmment de premi\u00e8res chances, tout comme les deux pensionnaires de William Bigeon, le <strong>15 Kana de Beylev<\/strong>, la plus titr\u00e9 de ce lot, et le <strong>13 Kyrielle<\/strong>, enfin pr\u00e9sent\u00e9e en mode comp\u00e9tition.\n<\/p>\n<p class=\"article-p mdl\">Mais quand on a \u00e9crit cela, on n\u2019a rien \u00e9crit finalement.\n<\/p>\n<p class=\"article-p mdl\">Car l\u2019outsider de RTL, le <strong>9 K\u00e9mia du Ch\u00eane <\/strong>n\u2019a jamais encore v\u00e9ritablement montr\u00e9 son v\u00e9ritable visage et peut surprendre tout ce joli monde.\n<\/p>\n<p class=\"article-p mdl\">Avec Jean-Michel Bazire, la tr\u00e8s en forme<strong> Key Lady <\/strong>est une autre possibilit\u00e9, tout comme le <strong>6 Kelly Jane<\/strong>, \u00e0 la condition de demeurer sage cependant.\n<\/p>\n<p class=\"article-p mdl\">Bref, voil\u00e0 qui est tout sauf simple\u2026<\/p>\n<p>            Les pronostics :<\/p>\n<p class=\"article-p mdl\">\n<p>14. Kokote&#13;<br \/>8. Konfin\u00e9e&#13;<br \/>15. Kana de Beylev&#13;<br \/>13. Kyrielle&#13;<br \/>9. K\u00e9mia du Ch\u00eane&#13;<br \/>6. Kelly Jane&#13;<br \/>5. Key Lady<\/p>\n<p>    L&rsquo;Outsider de RTL<\/p>\n<p class=\"article-p mdl\">9. K\u00e9mia du Ch\u00eane<\/p>\n<p>    R\u00e9sultats du jeudi 10 avril 2025 \u00e0 Auteuil<\/p>\n<p class=\"article-p mdl\">Le favori de RTL conserve la 3e place de peu. Arr\u00eat\u00e9, l\u2019outsider de RTL prend toutefois date. La s\u00e9lection indique le Quart\u00e9. <\/p>\n<p>    La r\u00e9daction vous recommande<\/p>\n<p class=\"s-newsletter__title\">\n                L\u2019actualit\u00e9 par la r\u00e9daction de RTL dans votre bo\u00eete mail.\n            <\/p>\n<p class=\"s-newsletter__subtitle\">\n                Gr\u00e2ce \u00e0 votre compte RTL abonnez-vous \u00e0 la newsletter RTL info pour suivre toute l&rsquo;actualit\u00e9 au quotidien\n            <\/p>\n<p>\n                                    Lire la suite\n                                <\/p>\n","protected":false},"excerpt":{"rendered":"Retrouvez les pronostics de Dominique Cordier pour le Quint\u00e9 du samedi 12 avril 2025 \u00e0 Vincennes, le Prix&hellip;\n","protected":false},"author":2,"featured_media":3836,"comment_status":"","ping_status":"","sticky":false,"template":"","format":"standard","meta":{"footnotes":""},"categories":[1888],"tags":[11,2621,2622,2620,1777,674,107,2619,1011,27,12,626,2623,25],"class_list":{"0":"post-19800","1":"post","2":"type-post","3":"status-publish","4":"format-standard","5":"has-post-thumbnail","7":"category-paris","8":"tag-actualites","9":"tag-chevaux","10":"tag-courses","11":"tag-courses-de-trot","12":"tag-eu","13":"tag-europe","14":"tag-fil-info","15":"tag-fil-sport","16":"tag-fr","17":"tag-france","18":"tag-news","19":"tag-paris","20":"tag-quinte","21":"tag-republique-francaise"},"share_on_mastodon":{"url":"https:\/\/pubeurope.com\/@fr\/114325036135851408","error":""},"_links":{"self":[{"href":"https:\/\/www.europesays.com\/fr\/wp-json\/wp\/v2\/posts\/19800","targetHints":{"allow":["GET"]}}],"collection":[{"href":"https:\/\/www.europesays.com\/fr\/wp-json\/wp\/v2\/posts"}],"about":[{"href":"https:\/\/www.europesays.com\/fr\/wp-json\/wp\/v2\/types\/post"}],"author":[{"embeddable":true,"href":"https:\/\/www.europesays.com\/fr\/wp-json\/wp\/v2\/users\/2"}],"replies":[{"embeddable":true,"href":"https:\/\/www.europesays.com\/fr\/wp-json\/wp\/v2\/comments?post=19800"}],"version-history":[{"count":0,"href":"https:\/\/www.europesays.com\/fr\/wp-json\/wp\/v2\/posts\/19800\/revisions"}],"wp:featuredmedia":[{"embeddable":true,"href":"https:\/\/www.europesays.com\/fr\/wp-json\/wp\/v2\/media\/3836"}],"wp:attachment":[{"href":"https:\/\/www.europesays.com\/fr\/wp-json\/wp\/v2\/media?parent=19800"}],"wp:term":[{"taxonomy":"category","embeddable":true,"href":"https:\/\/www.europesays.com\/fr\/wp-json\/wp\/v2\/categories?post=19800"},{"taxonomy":"post_tag","embeddable":true,"href":"https:\/\/www.europesays.com\/fr\/wp-json\/wp\/v2\/tags?post=19800"}],"curies":[{"name":"wp","href":"https:\/\/api.w.org\/{rel}","templated":true}]}}