{"id":198001,"date":"2025-06-23T11:17:09","date_gmt":"2025-06-23T11:17:09","guid":{"rendered":"https:\/\/www.europesays.com\/fr\/198001\/"},"modified":"2025-06-23T11:17:09","modified_gmt":"2025-06-23T11:17:09","slug":"deux-commissaires-en-garde-a-vue","status":"publish","type":"post","link":"https:\/\/www.europesays.com\/fr\/198001\/","title":{"rendered":"deux commissaires en garde \u00e0 vue"},"content":{"rendered":"<p>Ces deux chefs de l\u2019Ofast ont \u00e9t\u00e9 plac\u00e9s en garde \u00e0 vue dans les locaux de l\u2019IGPN dans le cadre d\u2019une tentaculaire affaire m\u00ealant un trafic de coca\u00efne et des soup\u00e7ons de corruption.<\/p>\n<p class=\"fig-paragraph\">Deux commissaires, chefs de l&rsquo;<a href=\"http:\/\/www.lefigaro.fr\/marseille\/soupcons-de-corruption-a-l-office-anti-stupefiants-de-marseille-un-capitaine-de-police-mis-en-examen-20250616\" data-fig-type=\"NewsFlash\" data-gtm-custom-categorie=\"navigation\" data-gtm-custom-action=\"crossclick\" data-gtm-custom-label=\"Contextuel\" data-gtm-event=\"customEventSPE\" data-fig-domain=\"LEFIGARO\" target=\"_blank\" rel=\"noopener\">office anti-stup\u00e9fiants<\/a>\u00a0(Ofast) de Marseille, ont \u00e9t\u00e9 plac\u00e9s lundi en garde \u00e0 vue dans les locaux de l&rsquo;IGPN, \u00abla police des polices\u00bb, dans un dossier d&rsquo;importation frauduleuse de stup\u00e9fiants, a-t-on appris de source proche du dossier, confirmant une information du\u00a0<a href=\"https:\/\/www.leparisien.fr\/faits-divers\/disparition-de-pres-de-400-kilos-de-cocaine-les-patrons-de-loffice-antistups-de-marseille-places-en-garde-a-vue-23-06-2025-UA5BTE2GIVEX7IETHXI3GXSMMM.php?ts=1750668630826\" target=\"_blank\" rel=\"nofollow noopener\" data-gtm-custom-categorie=\"navigation\" data-gtm-custom-action=\"crossclick\" data-gtm-custom-label=\"Contextuel\" data-gtm-event=\"customEventSPE\">Parisien<\/a> .<\/p>\n<p class=\"fig-paragraph\">Les investigations avaient \u00abr\u00e9v\u00e9l\u00e9 des \u00e9changes entre des policiers et d&rsquo;autres personnes, portant sur la cession d&rsquo;au moins 360 kg de coca\u00efne, en dehors de tout contr\u00f4le hi\u00e9rarchique, et sur la dissimulation des quantit\u00e9s r\u00e9elles arriv\u00e9es sur le territoire\u00bb\u00a0<a href=\"http:\/\/www.lefigaro.fr\/marseille\/marseille-deux-policiers-de-l-office-anti-stupefiants-mis-en-examen-suite-a-des-soupcons-de-corruption-20250404\" data-fig-type=\"NewsFlash\" data-gtm-custom-categorie=\"navigation\" data-gtm-custom-action=\"crossclick\" data-gtm-custom-label=\"Contextuel\" data-gtm-event=\"customEventSPE\" data-fig-domain=\"LEFIGARO\" target=\"_blank\" rel=\"noopener\">lors d&rsquo;une livraison surveill\u00e9e de drogue venue de Colombie en f\u00e9vrier 2023<\/a>, avait indiqu\u00e9 le parquet de Paris d\u00e9but avril.<\/p>\n<p class=\"fig-paragraph\">Sollicit\u00e9, ce parquet charg\u00e9 de ce dossier surnomm\u00e9 \u00abTrident\u00bb confi\u00e9 \u00e0 des magistrats instructeurs parisiens de la Juridiction nationale de lutte contre le crime organis\u00e9 (Junalco), n&rsquo;a pas r\u00e9pondu dans l&rsquo;imm\u00e9diat.<\/p>\n<p>Trois policiers d\u00e9j\u00e0 mis en examen<\/p>\n<p class=\"fig-paragraph\">Trois policiers de l&rsquo;Ofast de Marseille\u00a0<a href=\"http:\/\/www.lefigaro.fr\/marseille\/soupcons-de-corruption-a-l-office-anti-stupefiants-de-marseille-un-capitaine-de-police-mis-en-examen-20250616\" data-fig-type=\"NewsFlash\" data-gtm-custom-categorie=\"navigation\" data-gtm-custom-action=\"crossclick\" data-gtm-custom-label=\"Contextuel\" data-gtm-event=\"customEventSPE\" data-fig-domain=\"LEFIGARO\" target=\"_blank\" rel=\"noopener\">ont d\u00e9j\u00e0 \u00e9t\u00e9 mis en examen dans cette affaire<\/a>, deux d\u00e9but avril et un troisi\u00e8me mi-juin. Deux autres personnes ont \u00e9t\u00e9 mises en examen en f\u00e9vrier pour importation et trafic de stup\u00e9fiants, et plac\u00e9es en d\u00e9tention provisoire.<\/p>\n<p class=\"fig-paragraph\">Une enqu\u00eate avait \u00e9t\u00e9 lanc\u00e9e sur la base d&rsquo;un renseignement anonyme en f\u00e9vrier 2023, portant sur une arriv\u00e9e de coca\u00efne au port de Marseille, envoy\u00e9e par container depuis la Colombie, et \u00e0 destination de la r\u00e9gion parisienne, selon le parquet de Paris. La juridiction interr\u00e9gionale sp\u00e9cialis\u00e9e (JIRS) de Marseille en avait confi\u00e9 les investigations \u00e0 l&rsquo;Ofast.<\/p>\n<p class=\"fig-paragraph\">\u00abDans le cadre de cette enqu\u00eate, il avait \u00e9t\u00e9 convenu de surveiller l&rsquo;arriv\u00e9e d&rsquo;une cargaison de 180 \u00e0 200 kg de coca\u00efne ; or il s&rsquo;est av\u00e9r\u00e9 que cette livraison a permis l&rsquo;entr\u00e9e sur le territoire de pr\u00e8s de 400 kg de coca\u00efne\u00bb, selon le parquet. D&rsquo;apr\u00e8s la m\u00eame source, \u00abface \u00e0 la diff\u00e9rence entre les informations re\u00e7ues et constat\u00e9es, l&rsquo;Ofast Nanterre s&rsquo;\u00e9tait d\u00e9sengag\u00e9 des op\u00e9rations\u00bb et \u00abplusieurs acteurs du dossier s&rsquo;\u00e9taient par ailleurs \u00e9tonn\u00e9s de la difficult\u00e9 avec laquelle ces stup\u00e9fiants auraient \u00e9t\u00e9 \u00e9coul\u00e9s \u00e0 Marseille, laissant entendre que la surveillance polici\u00e8re \u00e9tait \u00e9vent\u00e9e\u00bb.<\/p>\n<p class=\"fig-paragraph\">L&rsquo;enqu\u00eate initiale a \u00e9t\u00e9 cl\u00f4tur\u00e9e en janvier 2024, sans interpellation. En janvier 2024, l&rsquo;inspection g\u00e9n\u00e9rale de la police nationale (IGPN) \u00abavait \u00e9t\u00e9 saisie en interne, de soup\u00e7ons pesant sur les conditions de cette importation\u00bb. Des perquisitions ont \u00e9t\u00e9 r\u00e9alis\u00e9es en avril 2024 dans les locaux de l&rsquo;antenne de l&rsquo;Ofast de Marseille. En septembre, la Junalco s&rsquo;est saisie de l&rsquo;enqu\u00eate, sur dessaisissement du parquet de Marseille, puis a confi\u00e9 les investigations \u00e0 des juges d&rsquo;instruction le 27 novembre.<\/p>\n","protected":false},"excerpt":{"rendered":"Ces deux chefs de l\u2019Ofast ont \u00e9t\u00e9 plac\u00e9s en garde \u00e0 vue dans les locaux de l\u2019IGPN dans&hellip;\n","protected":false},"author":2,"featured_media":198002,"comment_status":"","ping_status":"","sticky":false,"template":"","format":"standard","meta":{"footnotes":""},"categories":[2814],"tags":[1111,11,885,1182,1180,1181,1770,1777,674,1011,27,1184,1185,884,12,1177,1176,149,1072,1186,882,25,1178,1183,887,1179],"class_list":{"0":"post-198001","1":"post","2":"type-post","3":"status-publish","4":"format-standard","5":"has-post-thumbnail","7":"category-marseille","8":"tag-actu","9":"tag-actualites","10":"tag-bouches-du-rhone","11":"tag-calanques","12":"tag-canebiere","13":"tag-cite-phoceenne","14":"tag-corruption","15":"tag-eu","16":"tag-europe","17":"tag-fr","18":"tag-france","19":"tag-la-timone","20":"tag-les-baumettes-mediterranee","21":"tag-marseille","22":"tag-news","23":"tag-notre-dame-de-la-garde","24":"tag-olympique-de-marseille","25":"tag-om","26":"tag-police","27":"tag-provence","28":"tag-provence-alpes-cote-dazur","29":"tag-republique-francaise","30":"tag-saint-charles","31":"tag-sormiou","32":"tag-trafic-de-drogue","33":"tag-vieux-port"},"share_on_mastodon":{"url":"https:\/\/pubeurope.com\/@fr\/114732403568313257","error":""},"_links":{"self":[{"href":"https:\/\/www.europesays.com\/fr\/wp-json\/wp\/v2\/posts\/198001","targetHints":{"allow":["GET"]}}],"collection":[{"href":"https:\/\/www.europesays.com\/fr\/wp-json\/wp\/v2\/posts"}],"about":[{"href":"https:\/\/www.europesays.com\/fr\/wp-json\/wp\/v2\/types\/post"}],"author":[{"embeddable":true,"href":"https:\/\/www.europesays.com\/fr\/wp-json\/wp\/v2\/users\/2"}],"replies":[{"embeddable":true,"href":"https:\/\/www.europesays.com\/fr\/wp-json\/wp\/v2\/comments?post=198001"}],"version-history":[{"count":0,"href":"https:\/\/www.europesays.com\/fr\/wp-json\/wp\/v2\/posts\/198001\/revisions"}],"wp:featuredmedia":[{"embeddable":true,"href":"https:\/\/www.europesays.com\/fr\/wp-json\/wp\/v2\/media\/198002"}],"wp:attachment":[{"href":"https:\/\/www.europesays.com\/fr\/wp-json\/wp\/v2\/media?parent=198001"}],"wp:term":[{"taxonomy":"category","embeddable":true,"href":"https:\/\/www.europesays.com\/fr\/wp-json\/wp\/v2\/categories?post=198001"},{"taxonomy":"post_tag","embeddable":true,"href":"https:\/\/www.europesays.com\/fr\/wp-json\/wp\/v2\/tags?post=198001"}],"curies":[{"name":"wp","href":"https:\/\/api.w.org\/{rel}","templated":true}]}}