{"id":198003,"date":"2025-06-23T11:18:10","date_gmt":"2025-06-23T11:18:10","guid":{"rendered":"https:\/\/www.europesays.com\/fr\/198003\/"},"modified":"2025-06-23T11:18:10","modified_gmt":"2025-06-23T11:18:10","slug":"lyon-un-pieton-tue-dans-un-accident-en-pleine-rue-le-profil-de-la-conductrice-interroge","status":"publish","type":"post","link":"https:\/\/www.europesays.com\/fr\/198003\/","title":{"rendered":"Lyon. Un pi\u00e9ton tu\u00e9 dans un accident en pleine rue, le profil de la conductrice interroge"},"content":{"rendered":"<p>            Par<br \/>\n        <strong><br \/>\n            <a href=\"https:\/\/actu.fr\/auteur\/julien-damboise\" title=\"Consulter tous les articles de Julien Damboise\" target=\"_blank\" rel=\"noopener\">Julien Damboise<\/a><br \/>\n        <\/strong><\/p>\n<p>        Publi\u00e9 le<\/p>\n<p>            23 juin 2025 \u00e0 12h11        <\/p>\n<p><strong>INFO ACTU LYON<\/strong>. Un <a href=\"https:\/\/actu.fr\/tag\/accident\" target=\"_blank\" rel=\"noopener\">terrible accident<\/a> de la route s\u2019est d\u00e9roul\u00e9 dans le 6\u1d49 arrondissement de <a href=\"https:\/\/actu.fr\/auvergne-rhone-alpes\/lyon_69123\" target=\"_blank\" rel=\"noopener\">Lyon<\/a> ce samedi 21 juin 2025. Dans la matin\u00e9e, un homme \u00e2g\u00e9 a \u00e9t\u00e9 <strong>renvers\u00e9<\/strong> par une automobile en pleine rue. Il est <strong>d\u00e9c\u00e9d\u00e9<\/strong> quelques heures plus tard \u00e0 l\u2019h\u00f4pital. La mise en cause a \u00e9t\u00e9 interpell\u00e9e. Des v\u00e9rifications sur son <a href=\"https:\/\/actu.fr\/tag\/permis-de-conduire\" target=\"_blank\" rel=\"noopener\">permis de conduire<\/a> sont en cours.<\/p>\n<p>    <a href=\"https:\/\/www.google.com\/maps\/embed?pb=!1m18!1m12!1m3!1d2942.6132398364634!2d4.850673512104486!3d45.7679544709599!2m3!1f0!2f0!3f0!3m2!1i1024!2i768!4f13.1!3m3!1m2!1s0x47f4ea8b61e56e6f%3A0xb473625e4dd0bf6e!2sRue%20Viricel%2C%2069006%20Lyon!5e1!3m2!1sfr!2sfr!4v1750670622389!5m2!1sfr!2sfr\" title=\"Ouvrie le lien\" target=\"_blank\" rel=\"noopener\">Cliquez ici pour visualiser le contenu<\/a><\/p>\n<p>Sur un passage pi\u00e9ton<\/p>\n<p class=\" wall-content\">Le choc s\u2019est d\u00e9roul\u00e9 au c\u0153ur du <strong>6\u1d49 arrondissement<\/strong> de Lyon, entre les rues Viricel et Curvier, peu avant 9 h du matin, samedi 21 juin. Un homme \u00e2g\u00e9 d\u2019environ 90 ans a \u00e9t\u00e9 percut\u00e9 par une femme au volant d\u2019une voiture, alors qu\u2019il \u00e9tait engag\u00e9 sur un passage pi\u00e9ton, d\u2019apr\u00e8s les premiers \u00e9l\u00e9ments de l\u2019enqu\u00eate.<\/p>\n<p class=\" wall-content\">Rapidement, des moyens de secours ont \u00e9t\u00e9 envoy\u00e9s sur place.<\/p>\n<p>D\u00e9c\u00e9d\u00e9 \u00e0 l\u2019h\u00f4pital<\/p>\n<p class=\" wall-content\">La victime a \u00e9t\u00e9 prise en charge sur place avant d\u2019\u00eatre transport\u00e9e par les <a href=\"https:\/\/actu.fr\/tag\/pompiers\" target=\"_blank\" rel=\"noopener\">sapeurs-pompiers<\/a> \u00e0 l\u2019h\u00f4pital \u00c9douard Herriot, dans le 3e. Mais son \u00e9tat s\u2019est tr\u00e8s fortement d\u00e9grad\u00e9 dans les heures qui ont suivi.<\/p>\n<p class=\" wall-content\">Le d\u00e9c\u00e8s de l\u2019homme renvers\u00e9 a finalement \u00e9t\u00e9 act\u00e9 dans l\u2019apr\u00e8s-midi. L\u2019enqu\u00eate ouverte par la police a ainsi pris un <strong>nouveau tournant<\/strong>.<\/p>\n<p>Vid\u00e9os : en ce moment sur ActuPlus de points sur son permis ?\u00a0<\/p>\n<p class=\" wall-content\">L\u2019automobiliste impliqu\u00e9e a \u00e9t\u00e9 interpell\u00e9e sur la commune de <a href=\"https:\/\/actu.fr\/auvergne-rhone-alpes\/decines-charpieu_69275\" target=\"_blank\" rel=\"noopener\">D\u00e9cines-Charpieu<\/a> peu apr\u00e8s, elle aurait \u00e9t\u00e9 plac\u00e9e en garde \u00e0 vue.\u00a0<\/p>\n<p class=\" wall-content\">D\u2019autant que des v\u00e9rifications sur son permis de conduire devaient \u00eatre men\u00e9es, selon nos informations, notamment \u00e0 propos du nombre <strong>de points sur son permis<\/strong> de conduire. Son v\u00e9hicule pourrait aussi continuer de rouler malgr\u00e9 l\u2019absence de <a href=\"https:\/\/actu.fr\/auvergne-rhone-alpes\/lyon_69123\/lyon-controle-technique-des-motos-coup-de-gueule-d-un-garagiste-qui-refuse-de-le-faire_60960070.html\" target=\"_blank\" rel=\"noopener\">contr\u00f4le technique<\/a>.<\/p>\n<p class=\" wall-content\">Un d\u00e9pistage d\u2019alcool est revenu n\u00e9gatif, selon une source proche du dossier.<\/p>\n<p class=\" wall-content\">Suivez toute l\u2019actualit\u00e9 de vos villes et m\u00e9dias favoris en vous inscrivant \u00e0 <a href=\"https:\/\/moncompte.actu.fr\" title=\"D\u00e9couvez Mon Actu\" rel=\"nofollow noopener\" data-trk=\"{&quot;cta&quot;:{&quot;action&quot;:&quot;https:\\\/\\\/moncompte.actu.fr&quot;,&quot;category&quot;:&quot;mon compte&quot;,&quot;from&quot;:&quot;article footer&quot;,&quot;name&quot;:&quot;Mon actu&quot;,&quot;type&quot;:&quot;cta&quot;}}\" target=\"_blank\">Mon Actu<\/a>.<\/p>\n","protected":false},"excerpt":{"rendered":"Par Julien Damboise Publi\u00e9 le 23 juin 2025 \u00e0 12h11 INFO ACTU LYON. Un terrible accident de la&hellip;\n","protected":false},"author":2,"featured_media":198004,"comment_status":"","ping_status":"","sticky":false,"template":"","format":"standard","meta":{"footnotes":""},"categories":[1889],"tags":[119,1111,11,2430,1777,674,118,1011,27,2428,12,5007,1311,25],"class_list":{"0":"post-198003","1":"post","2":"type-post","3":"status-publish","4":"format-standard","5":"has-post-thumbnail","7":"category-lyon","8":"tag-accident","9":"tag-actu","10":"tag-actualites","11":"tag-auvergne-rhone-alpes","12":"tag-eu","13":"tag-europe","14":"tag-faits-divers","15":"tag-fr","16":"tag-france","17":"tag-lyon","18":"tag-news","19":"tag-permis-de-conduire","20":"tag-pompiers","21":"tag-republique-francaise"},"share_on_mastodon":{"url":"https:\/\/pubeurope.com\/@fr\/114732407780488100","error":""},"_links":{"self":[{"href":"https:\/\/www.europesays.com\/fr\/wp-json\/wp\/v2\/posts\/198003","targetHints":{"allow":["GET"]}}],"collection":[{"href":"https:\/\/www.europesays.com\/fr\/wp-json\/wp\/v2\/posts"}],"about":[{"href":"https:\/\/www.europesays.com\/fr\/wp-json\/wp\/v2\/types\/post"}],"author":[{"embeddable":true,"href":"https:\/\/www.europesays.com\/fr\/wp-json\/wp\/v2\/users\/2"}],"replies":[{"embeddable":true,"href":"https:\/\/www.europesays.com\/fr\/wp-json\/wp\/v2\/comments?post=198003"}],"version-history":[{"count":0,"href":"https:\/\/www.europesays.com\/fr\/wp-json\/wp\/v2\/posts\/198003\/revisions"}],"wp:featuredmedia":[{"embeddable":true,"href":"https:\/\/www.europesays.com\/fr\/wp-json\/wp\/v2\/media\/198004"}],"wp:attachment":[{"href":"https:\/\/www.europesays.com\/fr\/wp-json\/wp\/v2\/media?parent=198003"}],"wp:term":[{"taxonomy":"category","embeddable":true,"href":"https:\/\/www.europesays.com\/fr\/wp-json\/wp\/v2\/categories?post=198003"},{"taxonomy":"post_tag","embeddable":true,"href":"https:\/\/www.europesays.com\/fr\/wp-json\/wp\/v2\/tags?post=198003"}],"curies":[{"name":"wp","href":"https:\/\/api.w.org\/{rel}","templated":true}]}}