{"id":198007,"date":"2025-06-23T11:20:09","date_gmt":"2025-06-23T11:20:09","guid":{"rendered":"https:\/\/www.europesays.com\/fr\/198007\/"},"modified":"2025-06-23T11:20:09","modified_gmt":"2025-06-23T11:20:09","slug":"un-corps-non-identifie-retrouve-dans-un-bassin-une-panne-delectricite-a-paris-linfo-en-ile-de-france","status":"publish","type":"post","link":"https:\/\/www.europesays.com\/fr\/198007\/","title":{"rendered":"Un corps non identifi\u00e9 retrouv\u00e9 dans un bassin, une panne d&rsquo;\u00e9lectricit\u00e9 \u00e0 Paris&#8230; l&rsquo;info en Ile-de-France"},"content":{"rendered":"<p>            Par<br \/>\n        <strong><br \/>\n            <a href=\"https:\/\/actu.fr\/auteur\/jerome-lemonnier\" title=\"Consulter tous les articles de J\u00e9r\u00f4me Lemonnier\" rel=\"nofollow noopener\" target=\"_blank\">J\u00e9r\u00f4me Lemonnier<\/a><br \/>\n        <\/strong><\/p>\n<p>        Publi\u00e9 le<\/p>\n<p>            23 juin 2025 \u00e0 12h33        <\/p>\n<p>C\u2019est un homme qui promenait son chien qui a fait la <b>macabre d\u00e9couverte<\/b>. Les\u00a0<a href=\"https:\/\/actu.fr\/tag\/pompiers\" rel=\"nofollow noopener\" target=\"_blank\">pompiers<\/a>\u00a0et la\u00a0<a href=\"https:\/\/actu.fr\/tag\/police\" rel=\"nofollow noopener\" target=\"_blank\">police<\/a>\u00a0ont \u00e9t\u00e9 alert\u00e9s pour une\u00a0<b>d\u00e9couverte de corps<\/b>, ce dimanche 22\u00a0juin 2025 vers 8\u2009h\u200930, au\u00a0<b>niveau du canal<\/b>\u00a0situ\u00e9 chemin du Fl\u00e2neur, pr\u00e8s du<a href=\"https:\/\/actu.fr\/tag\/carre-senart\" rel=\"nofollow noopener\" target=\"_blank\">\u00a0Carr\u00e9 S\u00e9nart<\/a>, \u00e0\u00a0<a href=\"https:\/\/actu.fr\/ile-de-france\/lieusaint_77251\" rel=\"nofollow noopener\" target=\"_blank\">Lieusaint<\/a>\u00a0(<b>Seine-et-Marne<\/b>).<\/p>\n<p class=\" wall-content\">Le c\u0153ur de Paris s\u2019est r\u00e9veill\u00e9 dans le noir. Ce lundi 23\u00a0juin 2025, une\u00a0<strong>coupure de courant<\/strong>\u00a0touche\u00a0<a href=\"https:\/\/actu.fr\/tag\/ile-de-la-cite\" rel=\"nofollow noopener\" target=\"_blank\">l\u2019\u00eele de la Cit\u00e9<\/a>, ont alert\u00e9 sur X les Avocats de Paris, particuli\u00e8rement touch\u00e9s par cette panne, le tribunal des affaires \u00e9conomiques et la Cour d\u2019appel \u00e9tant situ\u00e9 dans cet arrondissement.<\/p>\n<p class=\" wall-content\">Neuf ans apr\u00e8s l\u2019assassinat du couple de policiers, Jessica Schneider et Jean-Baptiste Salvaing, \u00e0 leur domicile de\u00a0<a href=\"https:\/\/actu.fr\/ile-de-france\/magnanville_78354\" rel=\"nofollow noopener\" target=\"_blank\">Magnanville<\/a>\u00a0(Yvelines) le 13\u00a0juin 2016, Mohamed Lamine Aberouz, soup\u00e7onn\u00e9 dans cette affaire\u00a0<b>de complicit\u00e9<\/b>, \u00e9tait rejug\u00e9 du lundi 26\u00a0mai au vendredi 20\u00a0juin 2025 devant la cour d\u2019assises sp\u00e9ciale de Paris.<\/p>\n<p class=\" wall-content\">Une quinzaine de gendarmes du peloton de surveillance et d\u2019intervention, des unit\u00e9s territoriales et de l\u2019escadron d\u00e9partemental de s\u00e9curit\u00e9 routi\u00e8re sont intervenus ce dimanche 22 juin 2025 pour l\u2019\u00e9vacuation des gens du voyage, install\u00e9s ill\u00e9galement \u00e0 Villeneuve-le-Comte, en Seine-et-Marne. Mi-juin, un repr\u00e9sentant de la communaut\u00e9 install\u00e9 sur le stade avait lanc\u00e9 un appel aux maires et collectivit\u00e9s de Seine-et-Marne.<\/p>\n<p class=\" wall-content\">La r\u00e9habilitation du centre-ville de Beaumont-sur-Oise (Val-d\u2019Oise) suit son cours et le calendrier se fait plus pr\u00e9cis. Lundi 5 juin 2025, le conseil municipal a \u00e9cout\u00e9 avec attention l\u2019intervention de Simon Bienaim\u00e9, chef de projets fonciers \u00e0 l\u2019<a href=\"https:\/\/www.epfif.fr\/\" rel=\"nofollow noopener\" target=\"_blank\">Epfif<\/a>.<\/p>\n<p>Les informations \u00e0 retenir ce lundi 23 juin 2025, \u00e0 midi, en \u00cele-de-France<\/p>\n<p class=\"expresso-item wall-content\"><strong>Seine-et-Marne. <\/strong><a title=\"Lire l&#039;article\" href=\"https:\/\/actu.fr\/ile-de-france\/villeneuve-saint-denis_77510\/seine-et-marne-apres-loperation-devacuation-les-gens-du-voyage-sinstallent-dans-une-commune-voisine_62808449.html\" rel=\"nofollow noopener\" target=\"_blank\"><strong>Apr\u00e8s l\u2019op\u00e9ration d\u2019\u00e9vacuation, les gens du voyage s\u2019installent\u2026 dans une commune voisine<\/strong><\/a><br \/>\u00c9vacu\u00e9s ce dimanche de Villeneuve-le-Comte, les gens du voyage ont parcouru quelques kilom\u00e8tres pour s\u2019installer dans un champ de Villeneuve-Saint-Denis.<\/p>\n<p class=\"expresso-item wall-content\"><strong>Seine-et-Marne. <\/strong><a title=\"Lire l&#039;article\" href=\"https:\/\/actu.fr\/ile-de-france\/lieusaint_77251\/seine-et-marne-un-corps-non-identifie-decouvert-par-un-promeneur-dans-un-canal-pres-du-carre-senart_62810587.html\" rel=\"nofollow noopener\" target=\"_blank\"><strong>Un corps non identifi\u00e9 d\u00e9couvert par un promeneur dans un canal pr\u00e8s du Carr\u00e9 S\u00e9nart<\/strong><\/a><br \/>Une enqu\u00eate a \u00e9t\u00e9 ouverte apr\u00e8s la d\u00e9couverte d\u2019un cadavre, dimanche 22 juin 2025, dans un canal du Carr\u00e9 S\u00e9nart. Une autopsie a \u00e9t\u00e9 demand\u00e9e pour v\u00e9rifier l\u2019identit\u00e9 de cet homme.<\/p>\n<p class=\"expresso-item wall-content\"><strong>Val-d\u2019Oise. <\/strong><a title=\"Lire l&#039;article\" href=\"https:\/\/actu.fr\/ile-de-france\/beaumont-sur-oise_95052\/val-doise-cet-ilot-insalubre-du-centre-ville-sera-demoli-fin-2026_62799394.html\" rel=\"nofollow noopener\" target=\"_blank\"><strong>Cet \u00eelot insalubre du centre-ville sera d\u00e9moli fin 2026<\/strong><\/a><br \/>Cette verrue urbaine doit laisser place \u00e0 quarante logements.<\/p>\n<p class=\"expresso-item wall-content\"><strong>Yvelines. <\/strong><a title=\"Lire l&#039;article\" href=\"https:\/\/actu.fr\/ile-de-france\/magnanville_78354\/attentat-de-magnanville-la-reclusion-criminelle-a-perpetuite-confirmee-en-appel-pour-mohamed-lamine-aberouz_62809651.html\" rel=\"nofollow noopener\" target=\"_blank\"><strong>Attentat de Magnanville : la r\u00e9clusion criminelle \u00e0 perp\u00e9tuit\u00e9 confirm\u00e9e en appel pour Mohamed Lamine Aberouz<\/strong><\/a><br \/>Le proc\u00e8s en appel de l\u2019attentat de Magnanville (Yvelines), qui s\u2019est tenu du 26\u00a0mai au 20\u00a0juin 2025 \u00e0 Paris, a confirm\u00e9 la culpabilit\u00e9 du complice pr\u00e9sum\u00e9 de Larossi Abballa.<\/p>\n<p class=\"expresso-item wall-content\"><strong>Paris. <\/strong><a title=\"Lire l&#039;article\" href=\"https:\/\/actu.fr\/ile-de-france\/paris_75056\/panne-electrique-sur-l-ile-de-la-cite-le-fonctionnement-des-tribunaux-de-paris-perturbe-toute-la-matinee_62809431.html\" rel=\"nofollow noopener\" target=\"_blank\"><strong>Panne \u00e9lectrique sur l\u2019\u00eele de la Cit\u00e9 : le fonctionnement des tribunaux perturb\u00e9 toute la matin\u00e9e<\/strong><\/a><br \/>Une coupure \u00e9lectrique g\u00e9n\u00e9rale est en cours ce lundi 23\u00a0juin 2025 \u00e0 Paris, sur l\u2019\u00eele de la Cit\u00e9, o\u00f9 se trouvent certains tribunaux parisiens.<\/p>\n<p><strong>Suivez-nous pour en savoir plus\u2009!<\/strong><\/p>\n<p class=\" wall-content wall-content\">Vous voulez plus d\u2019infos sur l\u2019\u00cele-de-France\u2009? Vous pouvez nous retrouver sur Actu \u00cele-de-France. Pour nous suivre sur les r\u00e9seaux sociaux, dans vos d\u00e9partements\u2009:<\/p>\n<p class=\" wall-content wall-content\"><strong>Paris\u2009<\/strong>: retrouvez\u00a0actu\u00a0Paris\u00a0sur\u00a0<a href=\"https:\/\/www.facebook.com\/actufr.paris\/\" rel=\"nofollow noopener\" target=\"_blank\">Facebook\u00a0<\/a>et\u00a0<a href=\"https:\/\/x.com\/actufrparis\" rel=\"nofollow\">Twitter\u2009<\/a>;<br \/><strong>Seine-et-Marne<\/strong>\u2009: retrouvez\u00a0La R\u00e9publique de Seine-et-Marne\u00a0(sud) sur\u00a0<a href=\"https:\/\/www.facebook.com\/journallarmarne\/?eid=ARDLZc91LaHbXzDwChLLLQJVMBLx_ABJremTC2-RG0CYvg0f4f8CLvbV5G1Lli4g_6QoXDcKkU1_LX1W\" rel=\"nofollow noopener\" target=\"_blank\">Facebook\u00a0<\/a>et\u00a0<a href=\"https:\/\/x.com\/LaRep77\" rel=\"nofollow\">Twitter\u2009<\/a>;\u00a0La Marne\u00a0(nord) sur\u00a0<a href=\"https:\/\/www.facebook.com\/LePaysBriard\/?ref=bookmarks\" rel=\"nofollow noopener\" target=\"_blank\">Facebook\u00a0<\/a>et\u00a0<a href=\"https:\/\/x.com\/JournalLaMarne\" rel=\"nofollow\">Twitter\u2009<\/a>; et\u00a0Le Pays Briard\u00a0sur\u00a0<a href=\"https:\/\/www.facebook.com\/LePaysBriard\/?ref=bookmarks\" rel=\"nofollow noopener\" target=\"_blank\">Facebook\u00a0<\/a>et\u00a0<a href=\"https:\/\/x.com\/LePaysBriard\" rel=\"nofollow\">Twitter\u2009<\/a>;<br \/><strong>Essonne\u2009<\/strong>: retrouvez\u00a0actu Essonne\u00a0sur\u00a0<a href=\"https:\/\/www.facebook.com\/actuessonne\/?ref=br_rs\" rel=\"nofollow noopener\" target=\"_blank\">Facebook<\/a>\u00a0et\u00a0<a href=\"https:\/\/x.com\/ActuEssonne\" rel=\"nofollow\">Twitter\u2009<\/a>;<br \/><strong>Hauts-de-Seine<\/strong>\u2009: retrouvez\u00a0actu\u00a0Hauts-de-Seine\u00a0sur\u00a0<a href=\"https:\/\/www.facebook.com\/actufr.hautsdeseine\/\" rel=\"nofollow noopener\" target=\"_blank\">Facebook\u00a0<\/a>et\u00a0<a href=\"https:\/\/x.com\/actufr92\" rel=\"nofollow\">Twitter\u2009<\/a>;<br \/><strong>Seine-Saint-Denis\u2009<\/strong>: retrouvez\u00a0actu Seine-Saint-Denis\u00a0sur\u00a0<a href=\"https:\/\/www.facebook.com\/actufr.seinesaintdenis\/\" rel=\"nofollow noopener\" target=\"_blank\">Facebook\u00a0<\/a>et\u00a0<a href=\"https:\/\/x.com\/Actufr93\" rel=\"nofollow\">Twitter\u2009<\/a>;<br \/><strong>Val-de-Marne<\/strong>\u2009: retrouvez\u00a0actu Val-de-Marne\u00a0sur\u00a0<a href=\"https:\/\/www.facebook.com\/actufr.valdemarne\" rel=\"nofollow noopener\" target=\"_blank\">Facebook\u00a0<\/a>et\u00a0<a href=\"https:\/\/x.com\/actufr94\" rel=\"nofollow\">Twitter\u2009<\/a>;<br \/><strong>Val-d\u2019Oise<\/strong>\u2009: retrouvez\u00a0La Gazette du Val-d\u2019Oise\u00a0sur\u00a0<a href=\"https:\/\/www.facebook.com\/lagazetteduvaldoise\" rel=\"nofollow noopener\" target=\"_blank\">Facebook<\/a>\u00a0et\u00a0<a href=\"https:\/\/x.com\/lagazette95\" rel=\"nofollow\">Twitter<\/a>.<\/p>\n<p class=\" wall-content\">Suivez toute l\u2019actualit\u00e9 de vos villes et m\u00e9dias favoris en vous inscrivant \u00e0 <a href=\"https:\/\/moncompte.actu.fr\" title=\"D\u00e9couvez Mon Actu\" rel=\"nofollow noopener\" data-trk=\"{&quot;cta&quot;:{&quot;action&quot;:&quot;https:\\\/\\\/moncompte.actu.fr&quot;,&quot;category&quot;:&quot;mon compte&quot;,&quot;from&quot;:&quot;article footer&quot;,&quot;name&quot;:&quot;Mon actu&quot;,&quot;type&quot;:&quot;cta&quot;}}\" target=\"_blank\">Mon Actu<\/a>.<\/p>\n","protected":false},"excerpt":{"rendered":"Par J\u00e9r\u00f4me Lemonnier Publi\u00e9 le 23 juin 2025 \u00e0 12h33 C\u2019est un homme qui promenait son chien qui&hellip;\n","protected":false},"author":2,"featured_media":198008,"comment_status":"","ping_status":"","sticky":false,"template":"","format":"standard","meta":{"footnotes":""},"categories":[1592],"tags":[1111,11,33747,1777,674,1011,27,3381,662,12,626,1072,25,104],"class_list":{"0":"post-198007","1":"post","2":"type-post","3":"status-publish","4":"format-standard","5":"has-post-thumbnail","7":"category-ile-de-france","8":"tag-actu","9":"tag-actualites","10":"tag-carre-senart","11":"tag-eu","12":"tag-europe","13":"tag-fr","14":"tag-france","15":"tag-gendarmerie","16":"tag-ile-de-france","17":"tag-news","18":"tag-paris","19":"tag-police","20":"tag-republique-francaise","21":"tag-societe"},"share_on_mastodon":{"url":"https:\/\/pubeurope.com\/@fr\/114732415368552436","error":""},"_links":{"self":[{"href":"https:\/\/www.europesays.com\/fr\/wp-json\/wp\/v2\/posts\/198007","targetHints":{"allow":["GET"]}}],"collection":[{"href":"https:\/\/www.europesays.com\/fr\/wp-json\/wp\/v2\/posts"}],"about":[{"href":"https:\/\/www.europesays.com\/fr\/wp-json\/wp\/v2\/types\/post"}],"author":[{"embeddable":true,"href":"https:\/\/www.europesays.com\/fr\/wp-json\/wp\/v2\/users\/2"}],"replies":[{"embeddable":true,"href":"https:\/\/www.europesays.com\/fr\/wp-json\/wp\/v2\/comments?post=198007"}],"version-history":[{"count":0,"href":"https:\/\/www.europesays.com\/fr\/wp-json\/wp\/v2\/posts\/198007\/revisions"}],"wp:featuredmedia":[{"embeddable":true,"href":"https:\/\/www.europesays.com\/fr\/wp-json\/wp\/v2\/media\/198008"}],"wp:attachment":[{"href":"https:\/\/www.europesays.com\/fr\/wp-json\/wp\/v2\/media?parent=198007"}],"wp:term":[{"taxonomy":"category","embeddable":true,"href":"https:\/\/www.europesays.com\/fr\/wp-json\/wp\/v2\/categories?post=198007"},{"taxonomy":"post_tag","embeddable":true,"href":"https:\/\/www.europesays.com\/fr\/wp-json\/wp\/v2\/tags?post=198007"}],"curies":[{"name":"wp","href":"https:\/\/api.w.org\/{rel}","templated":true}]}}