{"id":198009,"date":"2025-06-23T11:21:12","date_gmt":"2025-06-23T11:21:12","guid":{"rendered":"https:\/\/www.europesays.com\/fr\/198009\/"},"modified":"2025-06-23T11:21:12","modified_gmt":"2025-06-23T11:21:12","slug":"angerville-booste-son-attractivite-avec-initiative-essonne","status":"publish","type":"post","link":"https:\/\/www.europesays.com\/fr\/198009\/","title":{"rendered":"Angerville booste son attractivit\u00e9 avec Initiative Essonne"},"content":{"rendered":"<p><img loading=\"lazy\" decoding=\"async\" alt=\"\u00a9 Initiative Essonne - Un comit\u00e9 de s\u00e9lection se tiendra afin d\u2019\u00e9tudier et de s\u00e9lectionner le meilleur candidat boucher-charcutier pour ce local en plein c\u0153ur d'Angerville.\" data-zoom-src=\"https:\/\/www.europesays.com\/fr\/wp-content\/uploads\/2025\/06\/initial-signature-initiative-essonne-angerville-vitalite-ville.jpg\" data-zoomable=\"\" height=\"702\" src=\"https:\/\/www.europesays.com\/fr\/wp-content\/uploads\/2025\/06\/initial-signature-initiative-essonne-angerville-vitalite-ville.jpg\" width=\"1248\"\/>  <\/p>\n<p class=\"article-desc\">\u00a9 Initiative Essonne &#8211; Un comit\u00e9 de s\u00e9lection se tiendra afin d\u2019\u00e9tudier et de s\u00e9lectionner le meilleur candidat boucher-charcutier pour ce local en plein c\u0153ur d&rsquo;Angerville. <\/p>\n<p>La commune d\u2019<a href=\"https:\/\/mesinfos.fr\/91670-angerville\/un-hommage-solennel-sera-rendu-a-lucien-chaumette-ancien-maire-d-angerville-186267.html\" target=\"_blank\" rel=\"noopener\">Angerville<\/a> et Initiative Essonne ont donn\u00e9 rendez-vous aux Essonniens derni\u00e8rement, pour le lancement de la toute premi\u00e8re op\u00e9ration de \u201c<strong>Vitalit\u00e9 Villes<\/strong>\u201d en Essonne, au 13 rue nationale, devant la devanture d\u2019un <strong>commerce du centre-ville<\/strong>. <\/p>\n<p>Ce programme original permet aux communes de s\u2019impliquer dans le choix des commerces qui pourront s\u2019installer ou tester leur activit\u00e9 dans leurs <a href=\"https:\/\/mesinfos.fr\/ile-de-france\/action-coeur-de-ville-dynamique-immobiliere-en-bonne-forme-sur-ces-territoires-108634.html\" rel=\"noopener\" target=\"_blank\">centres-bourgs<\/a>, en lien avec les besoins et les souhaits des habitants. <\/p>\n<p>Partenaires et acteurs \u00e9conomiques mobilis\u00e9s <\/p>\n<p>L\u2019op\u00e9ration <strong>\u201c\u00c0 La Recherche du Commer\u00e7ant Id\u00e9al\u201d <\/strong>se veut \u00eatre une initiative partenariale associant acteurs publics et priv\u00e9s dont la r\u00e9ussite est bas\u00e9e sur l\u2019exp\u00e9rience et les connaissances de chacun des partenaires. <\/p>\n<p><img decoding=\"async\" alt=\"\" data-zoomable=\"\" height=\"772\" loading=\"lazy\" src=\"https:\/\/www.europesays.com\/fr\/wp-content\/uploads\/2025\/06\/angerville-charcuterie-pavard-initiative-essonne.jpg\" width=\"1080\"\/>Lancement de la toute premi\u00e8re op\u00e9ration de \u201c<strong>Vitalit\u00e9 Villes<\/strong>\u201d du 91 \u00e0 Angerville. \u00a9 Initiative Essonne <\/p>\n<p>Ce lancement festif a r\u00e9uni plusieurs<strong> partenaires et acteurs \u00e9conomiques du territoire mobilis\u00e9s<\/strong>. Parmi eux \u00e9taient pr\u00e9sents : <\/p>\n<ul type=\"disc\">\n<li><strong>Johann Mittelhausser<\/strong>, maire de la commune d\u2019Angerville et pr\u00e9sident de la Communaut\u00e9 d\u2019Agglom\u00e9ration de l\u2019Etampois Sud-Essonne\u00a0; <\/li>\n<li><strong>Michel Roussel<\/strong>, pr\u00e9sident du r\u00e9seau Initiative Essonne\u00a0; <\/li>\n<li><strong>Vincent Meyer<\/strong>, directeur du r\u00e9seau Initiative Essonne.<\/li>\n<\/ul>\n<p>Des partenaires bancaires comme la <strong>Banque populaire<\/strong>, la <strong>Soci\u00e9t\u00e9 g\u00e9n\u00e9rale<\/strong> et <strong>Axa<\/strong> \u00e9taient \u00e9galement de la partie, tout comme <strong>Audict\u2019Act<\/strong>, la <strong>CMPE91<\/strong>, la <strong>Chambre des m\u00e9tiers et de l\u2019Artisanat de l\u2019Essonne<\/strong> et <strong>France Travail<\/strong>.<\/p>\n<p>  Les bouchers peuvent candidater jusqu\u2019au 12 septembre <\/p>\n<p>Le dispositif \u201cVitalit\u00e9 Villes\u201d est un programme complet qui vise \u00e0 redynamiser les centres-villes en Ile-de-France, reconstruire le tissu des commerces et services de proximit\u00e9 et soutenir la cr\u00e9ation et la reprise de l\u2019activit\u00e9 \u00e9conomique dans les territoires labellis\u00e9s <strong>C\u0153ur de ville<\/strong> et <strong>Petites villes de demain<\/strong>. <\/p>\n<p>Cette premi\u00e8re op\u00e9ration essonnienne vise \u00e0 trouver<strong> un(e) Boucher(e) et\/ou Charcutier(e)-Traiteur <\/strong>passionn\u00e9(e) et exp\u00e9riment\u00e9(e) pour relancer cette activit\u00e9 \u00e0 Angerville. Les porteurs de projets peuvent soumettre leur <strong>candidature jusqu\u2019au 12 septembre<\/strong>, aupr\u00e8s d\u2019Initiative Essonne, en cliquant <a href=\"https:\/\/initiative-essonne.acemlna.com\/lt.php?x=3DZy~GDGJ3DO6XN7-g~JheOg1aAiuNHxkhg3YHo2JaOa6XF._Ey.zuRy142mitA~lexAYXTKJU\" rel=\"noopener\" target=\"_blank\"><strong>sur ce lien<\/strong><\/a>. <\/p>\n<p>Le local disponible b\u00e9n\u00e9ficie d&rsquo;un emplacement privil\u00e9gi\u00e9. A quelques m\u00e8tres de la place du March\u00e9 o\u00f9 tous les commerces sont regroup\u00e9s et o\u00f9 tout se fait \u00e0 pied. L\u2019endroit offre un stationnement facile pour les v\u00e9hicules et une circulation pi\u00e9tonne ais\u00e9e sachant que le centre-ville d\u2019Angerville attire plus de <strong>20\u00a0000 chalands<\/strong>. <\/p>\n","protected":false},"excerpt":{"rendered":"\u00a9 Initiative Essonne &#8211; Un comit\u00e9 de s\u00e9lection se tiendra afin d\u2019\u00e9tudier et de s\u00e9lectionner le meilleur candidat&hellip;\n","protected":false},"author":2,"featured_media":198010,"comment_status":"","ping_status":"","sticky":false,"template":"","format":"standard","meta":{"footnotes":""},"categories":[1592],"tags":[1111,11,7227,1777,674,1011,27,662,12,626,25],"class_list":{"0":"post-198009","1":"post","2":"type-post","3":"status-publish","4":"format-standard","5":"has-post-thumbnail","7":"category-ile-de-france","8":"tag-actu","9":"tag-actualites","10":"tag-commerces","11":"tag-eu","12":"tag-europe","13":"tag-fr","14":"tag-france","15":"tag-ile-de-france","16":"tag-news","17":"tag-paris","18":"tag-republique-francaise"},"share_on_mastodon":{"url":"https:\/\/pubeurope.com\/@fr\/114732419369275237","error":""},"_links":{"self":[{"href":"https:\/\/www.europesays.com\/fr\/wp-json\/wp\/v2\/posts\/198009","targetHints":{"allow":["GET"]}}],"collection":[{"href":"https:\/\/www.europesays.com\/fr\/wp-json\/wp\/v2\/posts"}],"about":[{"href":"https:\/\/www.europesays.com\/fr\/wp-json\/wp\/v2\/types\/post"}],"author":[{"embeddable":true,"href":"https:\/\/www.europesays.com\/fr\/wp-json\/wp\/v2\/users\/2"}],"replies":[{"embeddable":true,"href":"https:\/\/www.europesays.com\/fr\/wp-json\/wp\/v2\/comments?post=198009"}],"version-history":[{"count":0,"href":"https:\/\/www.europesays.com\/fr\/wp-json\/wp\/v2\/posts\/198009\/revisions"}],"wp:featuredmedia":[{"embeddable":true,"href":"https:\/\/www.europesays.com\/fr\/wp-json\/wp\/v2\/media\/198010"}],"wp:attachment":[{"href":"https:\/\/www.europesays.com\/fr\/wp-json\/wp\/v2\/media?parent=198009"}],"wp:term":[{"taxonomy":"category","embeddable":true,"href":"https:\/\/www.europesays.com\/fr\/wp-json\/wp\/v2\/categories?post=198009"},{"taxonomy":"post_tag","embeddable":true,"href":"https:\/\/www.europesays.com\/fr\/wp-json\/wp\/v2\/tags?post=198009"}],"curies":[{"name":"wp","href":"https:\/\/api.w.org\/{rel}","templated":true}]}}