{"id":198026,"date":"2025-06-23T11:30:09","date_gmt":"2025-06-23T11:30:09","guid":{"rendered":"https:\/\/www.europesays.com\/fr\/198026\/"},"modified":"2025-06-23T11:30:09","modified_gmt":"2025-06-23T11:30:09","slug":"lassociation-allemande-de-lindustrie-revise-a-la-baisse-ses-previsions-economiques-pour-2025-en-raison-des-tarifs-douaniers-americains","status":"publish","type":"post","link":"https:\/\/www.europesays.com\/fr\/198026\/","title":{"rendered":"L&rsquo;association allemande de l&rsquo;industrie r\u00e9vise \u00e0 la baisse ses pr\u00e9visions \u00e9conomiques pour 2025 en raison des tarifs douaniers am\u00e9ricains"},"content":{"rendered":"<p>L&rsquo;\u00e9conomie allemande devrait se contracter davantage qu&rsquo;initialement pr\u00e9vu en 2025, sous l&rsquo;effet des tarifs douaniers am\u00e9ricains qui p\u00e8sent sur les exportations, a annonc\u00e9 lundi la f\u00e9d\u00e9ration industrielle BDI, pr\u00e9voyant une contraction de 0,3\u00a0% l&rsquo;an prochain.<\/p>\n<p>En janvier, la BDI avait anticip\u00e9 une baisse de 0,1\u00a0%, tout en avertissant que d&rsquo;\u00e9ventuelles modifications de la politique tarifaire am\u00e9ricaine pourraient affecter davantage une \u00e9conomie largement tourn\u00e9e vers l&rsquo;exportation.<\/p>\n<p>Une contraction en 2025 marquerait la troisi\u00e8me ann\u00e9e cons\u00e9cutive de recul pour l&rsquo;\u00e9conomie allemande.<\/p>\n<p>Les \u00c9tats-Unis ont \u00e9t\u00e9 le principal partenaire commercial de l&rsquo;Allemagne en 2024, avec des \u00e9changes bilat\u00e9raux de biens totalisant 253\u00a0milliards d&rsquo;euros (288,02\u00a0milliards de dollars).<\/p>\n<p>\u00ab\u00a0N\u00e9anmoins, il existe une r\u00e9elle possibilit\u00e9 de reprise l&rsquo;an prochain si le gouvernement allemand poursuit r\u00e9solument la voie engag\u00e9e\u00a0\u00bb, a d\u00e9clar\u00e9 le pr\u00e9sident de la BDI, Peter Leibinger, dans un communiqu\u00e9.<\/p>\n<p>Peter Leibinger s&rsquo;est f\u00e9licit\u00e9 des premi\u00e8res mesures prises par l&rsquo;actuel gouvernement, telles que les all\u00e8gements fiscaux et la baisse des prix de l&rsquo;\u00e9nergie, tout en soulignant que des r\u00e9formes suppl\u00e9mentaires \u00e9taient n\u00e9cessaires.<\/p>\n<p>La BDI a \u00e9galement propos\u00e9 son soutien au gouvernement pour renforcer les capacit\u00e9s de d\u00e9fense de l&rsquo;Allemagne, Peter Leibinger affirmant que \u00ab\u00a0l&rsquo;industrie allemande est pr\u00eate \u00e0 apporter sa contribution\u00a0\u00bb.<\/p>\n","protected":false},"excerpt":{"rendered":"L&rsquo;\u00e9conomie allemande devrait se contracter davantage qu&rsquo;initialement pr\u00e9vu en 2025, sous l&rsquo;effet des tarifs douaniers am\u00e9ricains qui p\u00e8sent&hellip;\n","protected":false},"author":2,"featured_media":198027,"comment_status":"","ping_status":"","sticky":false,"template":"","format":"standard","meta":{"footnotes":""},"categories":[1587],"tags":[11,672,340,1804,1805,1803,1777,674,1801,12,1802],"class_list":{"0":"post-198026","1":"post","2":"type-post","3":"status-publish","4":"format-standard","5":"has-post-thumbnail","7":"category-allemagne","8":"tag-actualites","9":"tag-allemagne","10":"tag-bourse","11":"tag-bundesrepublik-deutschland","12":"tag-de","13":"tag-deutschland","14":"tag-eu","15":"tag-europe","16":"tag-germany","17":"tag-news","18":"tag-republique-federale-dallemagne"},"share_on_mastodon":{"url":"https:\/\/pubeurope.com\/@fr\/114732454690041423","error":""},"_links":{"self":[{"href":"https:\/\/www.europesays.com\/fr\/wp-json\/wp\/v2\/posts\/198026","targetHints":{"allow":["GET"]}}],"collection":[{"href":"https:\/\/www.europesays.com\/fr\/wp-json\/wp\/v2\/posts"}],"about":[{"href":"https:\/\/www.europesays.com\/fr\/wp-json\/wp\/v2\/types\/post"}],"author":[{"embeddable":true,"href":"https:\/\/www.europesays.com\/fr\/wp-json\/wp\/v2\/users\/2"}],"replies":[{"embeddable":true,"href":"https:\/\/www.europesays.com\/fr\/wp-json\/wp\/v2\/comments?post=198026"}],"version-history":[{"count":0,"href":"https:\/\/www.europesays.com\/fr\/wp-json\/wp\/v2\/posts\/198026\/revisions"}],"wp:featuredmedia":[{"embeddable":true,"href":"https:\/\/www.europesays.com\/fr\/wp-json\/wp\/v2\/media\/198027"}],"wp:attachment":[{"href":"https:\/\/www.europesays.com\/fr\/wp-json\/wp\/v2\/media?parent=198026"}],"wp:term":[{"taxonomy":"category","embeddable":true,"href":"https:\/\/www.europesays.com\/fr\/wp-json\/wp\/v2\/categories?post=198026"},{"taxonomy":"post_tag","embeddable":true,"href":"https:\/\/www.europesays.com\/fr\/wp-json\/wp\/v2\/tags?post=198026"}],"curies":[{"name":"wp","href":"https:\/\/api.w.org\/{rel}","templated":true}]}}