{"id":198030,"date":"2025-06-23T11:32:10","date_gmt":"2025-06-23T11:32:10","guid":{"rendered":"https:\/\/www.europesays.com\/fr\/198030\/"},"modified":"2025-06-23T11:32:10","modified_gmt":"2025-06-23T11:32:10","slug":"le-premier-ministre-mark-carney-est-a-bruxelles-pour-le-sommet-ue-canada","status":"publish","type":"post","link":"https:\/\/www.europesays.com\/fr\/198030\/","title":{"rendered":"Le premier ministre Mark Carney est \u00e0 Bruxelles pour le sommet UE-Canada"},"content":{"rendered":"<p>BRUXELLES \u2014 Le premier ministre Mark Carney est en Belgique, lundi, o\u00f9 il a visit\u00e9 un cimeti\u00e8re militaire avant de rencontrer les dirigeants de l&rsquo;Union europ\u00e9enne lors d&rsquo;un sommet UE-Canada.<\/p>\n<p>Dimanche, M. Carney a \u00e9crit sur les r\u00e9seaux sociaux qu&rsquo;il \u00e9tait \u00e0 Bruxelles pour lancer \u00abune nouvelle \u00e8re de partenariat\u00bb entre le Canada et l&rsquo;Union europ\u00e9enne, au b\u00e9n\u00e9fice des travailleurs, des entreprises et de la s\u00e9curit\u00e9 \u00abdes deux c\u00f4t\u00e9s de l\u2019Atlantique\u00bb.<\/p>\n<p>M. Carney a commenc\u00e9 la journ\u00e9e par une visite du cimeti\u00e8re militaire d&rsquo;Anvers, le Schoonselhof, o\u00f9 sont enterr\u00e9s 348 soldats canadiens.<\/p>\n<p>M. Carney a visit\u00e9 le cimeti\u00e8re en compagnie de son \u00e9pouse, Diana Fox Carney, et du premier ministre belge, Bart De Wever.<\/p>\n<p>M. Carney a \u00e9galement pris part \u00e0 une c\u00e9r\u00e9monie de d\u00e9p\u00f4t de gerbes. La ministre des Affaires \u00e9trang\u00e8res, Anita Anand, le ministre de la D\u00e9fense nationale, David McGuinty, et l&rsquo;envoy\u00e9 sp\u00e9cial aupr\u00e8s de l&rsquo;Union europ\u00e9enne et de l&rsquo;Europe, St\u00e9phane Dion, \u00e9taient pr\u00e9sents.<\/p>\n<p>Plus tard, il doit rencontrer M. De Wever, le pr\u00e9sident du Conseil europ\u00e9en, Ant\u00f3nio Costa, et la pr\u00e9sidente de la Commission europ\u00e9enne, Ursula von der Leyen.<\/p>\n<p>Par ailleurs, M. Carney a r\u00e9v\u00e9l\u00e9 lundi s&rsquo;\u00eatre entretenu avec le pr\u00e9sident des \u00c9tats-Unis, Donald Trump, au courant de la nuit.<\/p>\n<p>\u00abNous avons abord\u00e9 la d\u00e9sescalade du conflit au Moyen-Orient, notre volont\u00e9 commune de renforcer l\u2019OTAN lors du Sommet de cette semaine, et les progr\u00e8s r\u00e9alis\u00e9s dans le cadre des n\u00e9gociations commerciales en cours entre nos pays\u00bb, a pr\u00e9cis\u00e9 M. Carney sur les r\u00e9seaux sociaux.<\/p>\n<p>Lors du sommet UE-Canada, Mme Anand et M. McGuinty devraient signer un accord de s\u00e9curit\u00e9 et de d\u00e9fense avec le bloc europ\u00e9en, ce qu&rsquo;un responsable europ\u00e9en a d\u00e9crit la semaine derni\u00e8re comme l&rsquo;un des accords les plus ambitieux jamais sign\u00e9s par les puissances du continent avec un pays tiers.<\/p>\n<p>Cet accord de s\u00e9curit\u00e9 et de d\u00e9fense vise \u00e0 ouvrir la voie \u00e0 la participation du Canada \u00e0 l&rsquo;achat conjoint d&rsquo;armes avec les pays europ\u00e9ens.<\/p>\n<p>Cela m\u00e8nera \u00e9galement \u00e0 la participation du Canada \u00e0 l&rsquo;initiative ReArm Europe, lui permettant d&rsquo;acc\u00e9der \u00e0 un programme d&rsquo;approvisionnement en mati\u00e8re de d\u00e9fense de 150 milliards d&rsquo;euros, appel\u00e9 Action de s\u00e9curit\u00e9 pour l&rsquo;Europe.<\/p>\n<p>Le Canada devra signer un deuxi\u00e8me accord avec la Commission europ\u00e9enne avant de pouvoir participer \u00e0 ce programme.<\/p>\n<p>Un responsable gouvernemental informant les journalistes du voyage a affirm\u00e9 que ce partenariat devrait faciliter et rendre plus abordables les achats d&rsquo;\u00e9quipement, tout en permettant au Canada de diversifier ses sources d&rsquo;approvisionnement.<\/p>\n<p><b>Un monde moins amical<\/b><\/p>\n<p>Lors du sommet UE-Canada, les dirigeants devraient \u00e9galement publier une d\u00e9claration commune soulignant leur volont\u00e9 de maintenir la pression sur la Russie pour qu&rsquo;elle mette fin \u00e0 sa guerre contre l&rsquo;Ukraine, notamment par de nouvelles sanctions, et appeler \u00e0 un cessez-le-feu imm\u00e9diat et permanent \u00e0 Gaza.<\/p>\n<p>La d\u00e9claration commune devrait aussi aborder les changements climatiques, le commerce et la politique num\u00e9rique et technologique.<\/p>\n<p>Lors d&rsquo;une m\u00eal\u00e9e de presse, le premier ministre De Wever a expliqu\u00e9 que le partenariat du Canada avec l&rsquo;UE \u00e9tait important, car \u00abnous nous sommes r\u00e9veill\u00e9s dans un monde qui n&rsquo;a plus l&rsquo;air si amical\u00bb.<\/p>\n<p>\u00abNous vivons dans un monde o\u00f9 nous avons une puissance imp\u00e9rialiste \u00e0 l&rsquo;Est qui utilise la force militaire, nous avons un personnage particulier \u00e0 la Maison-Blanche qui choisit la voie du protectionnisme et m\u00eame de l&rsquo;isolationnisme, alors ceux qui aiment un monde fond\u00e9 sur des r\u00e8gles, un monde multilat\u00e9ral, doivent se retrouver entre eux maintenant\u00bb, a plaid\u00e9 le premier ministre belge.<\/p>\n<p>M. De Wever a soulign\u00e9 que les pays devront d\u00e9penser davantage pour leur d\u00e9fense et qu&rsquo;ils devront le faire de mani\u00e8re judicieuse en d\u00e9veloppant ensemble leur base industrielle de d\u00e9fense.<\/p>\n<p>\u00abLes pays qui aiment encore le multilat\u00e9ralisme sont ceux qui doivent s&rsquo;entraider et conclure de bons accords\u00bb, a-t-il tranch\u00e9.<\/p>\n<p><b>Partenaires commerciaux<\/b><\/p>\n<p>Les dirigeants pr\u00e9sents au sommet UE-Canada devraient \u00e9galement discuter du commerce mondial et s&rsquo;engager \u00e0 \u0153uvrer \u00e0 la ratification et \u00e0 la mise en \u0153uvre int\u00e9grales de l&rsquo;Accord \u00e9conomique et commercial global (AECG), soit l&rsquo;accord de libre-\u00e9change entre le Canada et l&rsquo;Europe.<\/p>\n<p>Le pacte est entr\u00e9 en vigueur \u00e0 titre provisoire en 2017 et la plupart de ses dispositions s&rsquo;appliquent d\u00e9sormais. Cependant, tous les pays de l&rsquo;UE doivent approuver l&rsquo;AECG avant qu&rsquo;il puisse entrer pleinement en vigueur, et dix membres doivent encore le ratifier.<\/p>\n<p>M. Carney, M. Costa et Mme von der Leyen doivent tenir une conf\u00e9rence de presse commune plus tard lundi.<\/p>\n<p>Mardi, M. Carney se rendra \u00e0 La Haye pour le Sommet de l&rsquo;OTAN.<\/p>\n<p>Ces r\u00e9unions internationales surviennent alors que le Canada cherche \u00e0 r\u00e9duire sa d\u00e9pendance aux \u00c9tats-Unis en mati\u00e8re d&rsquo;approvisionnement de d\u00e9fense, en raison de relations tendues concernant les droits de douane et les d\u00e9clarations r\u00e9p\u00e9t\u00e9es du pr\u00e9sident Trump sur la possibilit\u00e9 que le Canada devienne un \u00c9tat am\u00e9ricain.<\/p>\n<p>Catherine Morrison, La Presse Canadienne<\/p>\n","protected":false},"excerpt":{"rendered":"BRUXELLES \u2014 Le premier ministre Mark Carney est en Belgique, lundi, o\u00f9 il a visit\u00e9 un cimeti\u00e8re militaire&hellip;\n","protected":false},"author":2,"featured_media":198031,"comment_status":"","ping_status":"","sticky":false,"template":"","format":"standard","meta":{"footnotes":""},"categories":[1586],"tags":[11,33751,574,33748,1777,674,1779,1011,27,7738,33750,15904,12,25,1778,33749,364],"class_list":{"0":"post-198030","1":"post","2":"type-post","3":"status-publish","4":"format-standard","5":"has-post-thumbnail","7":"category-europe","8":"tag-actualites","9":"tag-bart-de-wever","10":"tag-canada","11":"tag-cimetiere-militaire","12":"tag-eu","13":"tag-europe","14":"tag-european-union","15":"tag-fr","16":"tag-france","17":"tag-lunion-europeenne","18":"tag-le-canada","19":"tag-mark-carney","20":"tag-news","21":"tag-republique-francaise","22":"tag-ue","23":"tag-ue-canada","24":"tag-union-europeenne"},"share_on_mastodon":{"url":"https:\/\/pubeurope.com\/@fr\/114732462531575124","error":""},"_links":{"self":[{"href":"https:\/\/www.europesays.com\/fr\/wp-json\/wp\/v2\/posts\/198030","targetHints":{"allow":["GET"]}}],"collection":[{"href":"https:\/\/www.europesays.com\/fr\/wp-json\/wp\/v2\/posts"}],"about":[{"href":"https:\/\/www.europesays.com\/fr\/wp-json\/wp\/v2\/types\/post"}],"author":[{"embeddable":true,"href":"https:\/\/www.europesays.com\/fr\/wp-json\/wp\/v2\/users\/2"}],"replies":[{"embeddable":true,"href":"https:\/\/www.europesays.com\/fr\/wp-json\/wp\/v2\/comments?post=198030"}],"version-history":[{"count":0,"href":"https:\/\/www.europesays.com\/fr\/wp-json\/wp\/v2\/posts\/198030\/revisions"}],"wp:featuredmedia":[{"embeddable":true,"href":"https:\/\/www.europesays.com\/fr\/wp-json\/wp\/v2\/media\/198031"}],"wp:attachment":[{"href":"https:\/\/www.europesays.com\/fr\/wp-json\/wp\/v2\/media?parent=198030"}],"wp:term":[{"taxonomy":"category","embeddable":true,"href":"https:\/\/www.europesays.com\/fr\/wp-json\/wp\/v2\/categories?post=198030"},{"taxonomy":"post_tag","embeddable":true,"href":"https:\/\/www.europesays.com\/fr\/wp-json\/wp\/v2\/tags?post=198030"}],"curies":[{"name":"wp","href":"https:\/\/api.w.org\/{rel}","templated":true}]}}