{"id":198038,"date":"2025-06-23T11:37:15","date_gmt":"2025-06-23T11:37:15","guid":{"rendered":"https:\/\/www.europesays.com\/fr\/198038\/"},"modified":"2025-06-23T11:37:15","modified_gmt":"2025-06-23T11:37:15","slug":"volley-ball-manon-bernard-sen-va-sara-romati-fait-son-retour-aux-angels","status":"publish","type":"post","link":"https:\/\/www.europesays.com\/fr\/198038\/","title":{"rendered":"Volley-ball\u00a0: Manon Bernard s\u2019en va, Sara Romati fait son retour aux Angels"},"content":{"rendered":"<p>\n                                                                Le mercato estival s\u2019est poursuivi cette semaine du c\u00f4t\u00e9 des B\u00e9ziers Angels avec plusieurs mouvements officialis\u00e9s par le club.\n                            <\/p>\n<p>S\u2019il faudra peut-\u00eatre patienter encore un peu pour d\u00e9couvrir l\u2019ensemble des joueuses qui composeront l\u2019effectif des B\u00e9ziers Angels la saison prochaine, le futur groupe commence \u00e0 prendre forme.<\/p>\n<p>Deux joueuses s\u2019en vont<\/p>\n<p>Cette semaine, le club biterrois a notamment officialis\u00e9 quatre nouveaux mouvements. Dans le sens des d\u00e9parts, la centrale polonaise Paulina Majkowska va quitter les bords de la M\u00e9diterran\u00e9e, un an seulement apr\u00e8s sa signature. Ce sera \u00e9galement le cas de l\u2019internationale fran\u00e7aise Manon Bernard. Arriv\u00e9e lors de la saison 2023-2024 en provenance de Chamali\u00e8res, la libero va changer d\u2019air et d\u00e9couvrir un nouveau projet ces prochains mois.<\/p>\n<p>Un retour tr\u00e8s attendu<\/p>\n<p>\u00c0 l\u2019inverse, la centrale am\u00e9ricaine Am\u00e9lia Moore arborera \u00e0 nouveau la tunique biterroise la saison prochaine. Frein\u00e9e par une op\u00e9ration au ligament crois\u00e9e du genou en f\u00e9vrier dernier, l\u2019ancienne joueuse de l\u2019Universit\u00e9 de Dayton a prolong\u00e9 son contrat et retrouvera dans le groupe un visage bien connu des supporters du club. Form\u00e9e au club avant de s\u2019exporter \u00e0 Mougins puis Bordeaux \u2013 M\u00e9rignac, Sara Romati s\u2019est en effet engag\u00e9e avec les B\u00e9ziers Angels. Un retour aux sources pour la jeune libero de 22 ans.<\/p>\n","protected":false},"excerpt":{"rendered":"Le mercato estival s\u2019est poursuivi cette semaine du c\u00f4t\u00e9 des B\u00e9ziers Angels avec plusieurs mouvements officialis\u00e9s par le&hellip;\n","protected":false},"author":2,"featured_media":198039,"comment_status":"","ping_status":"","sticky":false,"template":"","format":"standard","meta":{"footnotes":""},"categories":[1417],"tags":[1011,27,60,1470,1469],"class_list":{"0":"post-198038","1":"post","2":"type-post","3":"status-publish","4":"format-standard","5":"has-post-thumbnail","7":"category-volley","8":"tag-fr","9":"tag-france","10":"tag-sports","11":"tag-volley","12":"tag-volleyball"},"share_on_mastodon":{"url":"https:\/\/pubeurope.com\/@fr\/114732482186933530","error":""},"_links":{"self":[{"href":"https:\/\/www.europesays.com\/fr\/wp-json\/wp\/v2\/posts\/198038","targetHints":{"allow":["GET"]}}],"collection":[{"href":"https:\/\/www.europesays.com\/fr\/wp-json\/wp\/v2\/posts"}],"about":[{"href":"https:\/\/www.europesays.com\/fr\/wp-json\/wp\/v2\/types\/post"}],"author":[{"embeddable":true,"href":"https:\/\/www.europesays.com\/fr\/wp-json\/wp\/v2\/users\/2"}],"replies":[{"embeddable":true,"href":"https:\/\/www.europesays.com\/fr\/wp-json\/wp\/v2\/comments?post=198038"}],"version-history":[{"count":0,"href":"https:\/\/www.europesays.com\/fr\/wp-json\/wp\/v2\/posts\/198038\/revisions"}],"wp:featuredmedia":[{"embeddable":true,"href":"https:\/\/www.europesays.com\/fr\/wp-json\/wp\/v2\/media\/198039"}],"wp:attachment":[{"href":"https:\/\/www.europesays.com\/fr\/wp-json\/wp\/v2\/media?parent=198038"}],"wp:term":[{"taxonomy":"category","embeddable":true,"href":"https:\/\/www.europesays.com\/fr\/wp-json\/wp\/v2\/categories?post=198038"},{"taxonomy":"post_tag","embeddable":true,"href":"https:\/\/www.europesays.com\/fr\/wp-json\/wp\/v2\/tags?post=198038"}],"curies":[{"name":"wp","href":"https:\/\/api.w.org\/{rel}","templated":true}]}}