{"id":198042,"date":"2025-06-23T11:39:11","date_gmt":"2025-06-23T11:39:11","guid":{"rendered":"https:\/\/www.europesays.com\/fr\/198042\/"},"modified":"2025-06-23T11:39:11","modified_gmt":"2025-06-23T11:39:11","slug":"wta-sans-jouer-lois-boisson-gagne-deux-places-au-classement","status":"publish","type":"post","link":"https:\/\/www.europesays.com\/fr\/198042\/","title":{"rendered":"WTA. Sans jouer, Lo\u00efs Boisson gagne deux places au classement"},"content":{"rendered":"<p>Alors qu&rsquo;elle va conna\u00eetre son tirage pour les qualifications de Wimbledon dans la journ\u00e9e, l&rsquo;Ann\u00e9cienne <a href=\"https:\/\/www.ledauphine.com\/p\/lois-boisson\" target=\"_blank\" rel=\"noopener\">Lo\u00efs Boisson<\/a> demeure n\u00b01 fran\u00e7aise au 65e rang mondial (+2) sans avoir jou\u00e9.<\/p>\n<p>Seule autre Tricolore dans le top 100, L\u00e9olia Jeanjean perd une place au 95e rang apr\u00e8s sa d\u00e9faite au premier tour \u00e0 Nottingham o\u00f9 elle \u00e9tait pass\u00e9e par les qualifications.<\/p>\n<p>Marketa Vondrousova, <a href=\"https:\/\/www.ledauphine.com\/sport\/2025\/06\/22\/avant-wimbledon-vondrousova-retrouve-les-sommets-en-s-offrant-le-wta-500-de-berlin\" target=\"_blank\" rel=\"noopener\">titr\u00e9e dimanche sur le gazon de Berlin<\/a>, fait un bond de 91 places au classement WTA o\u00f9 elle pointe au 73e rang lundi, \u00e0 une semaine du d\u00e9but de Wimbledon o\u00f9 elle s&rsquo;est impos\u00e9e en 2023. La hi\u00e9rarchie mondiale est toujours largement domin\u00e9e par <a href=\"https:\/\/www.ledauphine.com\/p\/aryna-sabalenka\" target=\"_blank\" rel=\"noopener\">Aryna Sabalenka<\/a>, battue en demi-finales \u00e0 Berlin par Vondrousova, devant <a href=\"https:\/\/www.ledauphine.com\/p\/coco-gauff\" target=\"_blank\" rel=\"noopener\">Coco Gauff<\/a> et Jessica Pegula.<\/p>\n<p>Jasmine Paolini retrouve la 4e place (+1) malgr\u00e9 sa d\u00e9faite d\u00e8s son entr\u00e9e en lice \u00e0 Berlin, tandis que Zheng Qinwen redescend \u00e0 la 5e (-1) sans avoir jou\u00e9 la semaine derni\u00e8re. Sa compatriote chinoise Wang Xinyu progresse de 16 places au 33e rang mondial apr\u00e8s sa finale \u00e0 Berlin.<\/p>\n","protected":false},"excerpt":{"rendered":"Alors qu&rsquo;elle va conna\u00eetre son tirage pour les qualifications de Wimbledon dans la journ\u00e9e, l&rsquo;Ann\u00e9cienne Lo\u00efs Boisson demeure&hellip;\n","protected":false},"author":2,"featured_media":198043,"comment_status":"","ping_status":"","sticky":false,"template":"","format":"standard","meta":{"footnotes":""},"categories":[1415],"tags":[3853,3854,3855,3856,107,1701,1011,27,4638,273,517,1947,60,1467],"class_list":{"0":"post-198042","1":"post","2":"type-post","3":"status-publish","4":"format-standard","5":"has-post-thumbnail","7":"category-tennis","8":"tag-annecy","9":"tag-annecy-bassin","10":"tag-annecy-region","11":"tag-edition-annecy-rumilly-les-aravis","12":"tag-fil-info","13":"tag-fil-info-sport","14":"tag-fr","15":"tag-france","16":"tag-haute-savoie","17":"tag-selection-de-la-redaction","18":"tag-sport","19":"tag-sport-national","20":"tag-sports","21":"tag-tennis"},"share_on_mastodon":{"url":"https:\/\/pubeurope.com\/@fr\/114732489923016358","error":""},"_links":{"self":[{"href":"https:\/\/www.europesays.com\/fr\/wp-json\/wp\/v2\/posts\/198042","targetHints":{"allow":["GET"]}}],"collection":[{"href":"https:\/\/www.europesays.com\/fr\/wp-json\/wp\/v2\/posts"}],"about":[{"href":"https:\/\/www.europesays.com\/fr\/wp-json\/wp\/v2\/types\/post"}],"author":[{"embeddable":true,"href":"https:\/\/www.europesays.com\/fr\/wp-json\/wp\/v2\/users\/2"}],"replies":[{"embeddable":true,"href":"https:\/\/www.europesays.com\/fr\/wp-json\/wp\/v2\/comments?post=198042"}],"version-history":[{"count":0,"href":"https:\/\/www.europesays.com\/fr\/wp-json\/wp\/v2\/posts\/198042\/revisions"}],"wp:featuredmedia":[{"embeddable":true,"href":"https:\/\/www.europesays.com\/fr\/wp-json\/wp\/v2\/media\/198043"}],"wp:attachment":[{"href":"https:\/\/www.europesays.com\/fr\/wp-json\/wp\/v2\/media?parent=198042"}],"wp:term":[{"taxonomy":"category","embeddable":true,"href":"https:\/\/www.europesays.com\/fr\/wp-json\/wp\/v2\/categories?post=198042"},{"taxonomy":"post_tag","embeddable":true,"href":"https:\/\/www.europesays.com\/fr\/wp-json\/wp\/v2\/tags?post=198042"}],"curies":[{"name":"wp","href":"https:\/\/api.w.org\/{rel}","templated":true}]}}