{"id":198044,"date":"2025-06-23T11:41:13","date_gmt":"2025-06-23T11:41:13","guid":{"rendered":"https:\/\/www.europesays.com\/fr\/198044\/"},"modified":"2025-06-23T11:41:13","modified_gmt":"2025-06-23T11:41:13","slug":"marc-etait-plus-rapide-que-moi","status":"publish","type":"post","link":"https:\/\/www.europesays.com\/fr\/198044\/","title":{"rendered":"Marc \u00e9tait plus rapide que moi"},"content":{"rendered":"<p><a href=\"https:\/\/fr.motorsport.com\/driver\/alex-marquez\/96324\/\" target=\"_blank\" rel=\"noopener\">\u00c1lex M\u00e1rquez<\/a> repart d&rsquo;Italie en ayant perdu des points sur son fr\u00e8re, leader du championnat, mais en ayant consolid\u00e9 sa deuxi\u00e8me place par rapport \u00e0 un <a href=\"https:\/\/fr.motorsport.com\/driver\/pecco-bagnaia\/109394\/\" target=\"_blank\" rel=\"noopener\">Pecco Bagnaia<\/a> qui appara\u00eet v\u00e9ritablement perdu. Le pilote Gresini se serait bien vu gagner sur un circuit qui, sur le papier, lui convenait plus qu&rsquo;\u00e0 <a href=\"https:\/\/fr.motorsport.com\/driver\/marc-marquez\/92646\/\" target=\"_blank\" rel=\"noopener\">Marc M\u00e1rquez<\/a>, mais face \u00e0 un champion au meilleur de sa forme, il sait la valeur des deuxi\u00e8mes positions d\u00e9croch\u00e9es derri\u00e8re lui au sprint et dans la course longue.<\/p>\n<p>\u00ab\u00a0C&rsquo;est important d&rsquo;\u00eatre encore sur le podium ici, au Mugello, important pour notre championnat d&rsquo;avoir encore augment\u00e9 l&rsquo;\u00e9cart sur Pecco. C&rsquo;est vrai que je m&rsquo;attendais \u00e0 reprendre plus de points sur Marc ici, mais il faut malgr\u00e9 tout qu&rsquo;on s&rsquo;estime satisfaits\u00a0\u00bb, a-t-il d\u00e9clar\u00e9 \u00e0 chaud au site officiel du MotoGP.<\/p>\n<p>Lire aussi :<\/p>\n<p>S&rsquo;il voit le verre \u00e0 moiti\u00e9 plein, c&rsquo;est qu&rsquo;Alex Marquez n&rsquo;a rien laiss\u00e9 de c\u00f4t\u00e9, il a tout donn\u00e9 et valid\u00e9 le r\u00e9sultat qui correspondait \u00e0 son potentiel. \u00ab\u00a0Je suis tr\u00e8s content de cette deuxi\u00e8me place. Il \u00e9tait important aujourd&rsquo;hui de donner le meilleur de nous-m\u00eames, particuli\u00e8rement de ne pas faire d&rsquo;erreurs\u00a0\u00bb,\u00a0voulait-il retenir dimanche.<\/p>\n<p>\u00ab\u00a0Marc \u00e9tait plus rapide que moi. Avant de venir ici, je savais que cette piste m&rsquo;offrait une bonne opportunit\u00e9 pour marquer plus de points que lui mais il a \u00e9t\u00e9 meilleur. Par rapport au championnat, j&rsquo;ai fait mieux que Pecco et \u00e7a renforce vraiment bien ma deuxi\u00e8me place, mais il faut rester concentr\u00e9. \u00c7a a \u00e9t\u00e9 un week-end tr\u00e8s positif pour nous.\u00a0\u00bb<\/p>\n<p>\u00c1lex M\u00e1rquez n&rsquo;a pas voulu trop se battre<\/p>\n<p>Pour s&rsquo;imposer, Marc M\u00e1rquez a d&rsquo;abord d\u00fb venir \u00e0 bout d&rsquo;un Pecco Bagnaia tr\u00e8s incisif dans les premiers tours. Le public a pu assister \u00e0 une lutte plus intense que jamais cette saison pour d\u00e9terminer qui allait prendre les commandes, lutte pour laquelle \u00c1lex M\u00e1rquez \u00e9tait aux premi\u00e8res loges mais dans laquelle il ne voulait pas vraiment s&rsquo;impliquer.<\/p>\n<p>Lire aussi :<\/p>\n<p>\u00ab\u00a0C&rsquo;\u00e9tait une belle bagarre \u00e0 voir. Je n&rsquo;avais pas besoin de chercher \u00e0 m&rsquo;immiscer, j&rsquo;aurais perdu du temps et de la gomme, j&rsquo;aurais perdu des forces pour rien \u00e0 ce moment-l\u00e0. En tant que pilote on veut y aller, mais j&rsquo;ai respir\u00e9 et, ensuite, quand Pecco a fait une faute au virage 15 et qu&rsquo;ils se sont retrouv\u00e9s c\u00f4te \u00e0 c\u00f4te dans la ligne droite, j&rsquo;ai eu une bonne aspiration [\u2026] j&rsquo;ai attaqu\u00e9 et j&rsquo;ai pris la t\u00eate au virage 3. L\u00e0, je me suis dit &lsquo;allez, pousse, pousse\u00a0!&rsquo; car c&rsquo;\u00e9tait le moment de creuser l&rsquo;\u00e9cart.\u00a0\u00bb<\/p>\n<p>Avant cela, le pilote Gresini s&rsquo;est fait une grosse chaleur, puisqu&rsquo;il \u00e9tait coll\u00e9 \u00e0 Bagnaia lorsque celui-ci a tap\u00e9 la roue arri\u00e8re de Marc M\u00e1rquez. \u00ab\u00a0C&rsquo;\u00e9tait tr\u00e8s serr\u00e9 et aussi tr\u00e8s risqu\u00e9. Je ne m&rsquo;attendais pas \u00e0 cette collision entre Pecco et Marc\u00a0\u00bb, a-t-il admis. \u00ab\u00a0C&rsquo;est un moment o\u00f9 on est sur les gaz et quand j&rsquo;ai vu qu&rsquo;il coupait, ma seule option \u00e9tait de redresser la moto et de passer un peu sur le vert. [\u2026] J&rsquo;ai utilis\u00e9 mon joker \u00e0 ce moment-l\u00e0\u00a0!\u00a0\u00bb<\/p>\n<p>\u00a0<\/p>\n<p>Toute cette lutte a finalement ralenti le rythme et donn\u00e9 \u00e0 \u00c1lex M\u00e1rquez l&rsquo;opportunit\u00e9 de prendre la t\u00eate, mais il n&rsquo;allait tenir que trois tours. \u00ab\u00a0Quand j&rsquo;ai d\u00e9pass\u00e9 Pecco dans le virage 3, j&rsquo;ai voulu imprimer mon rythme. Je savais que j&rsquo;allais probablement le payer dans les derniers tours mais c&rsquo;\u00e9tait ma strat\u00e9gie \u00e0 ce moment-l\u00e0, de pousser et aussi d&rsquo;\u00eatre devant par rapport au pneu avant.\u00a0\u00bb<\/p>\n<p>Lorsque son fr\u00e8re a repris l&rsquo;avantage, dans la neuvi\u00e8me boucle, le pilote Gresini a encore tent\u00e9 de tenir son rythme, en vain. \u00ab\u00a0Je suis rest\u00e9 [dans sa roue] pendant deux ou trois tours mais j&rsquo;ai commenc\u00e9 \u00e0 souffrir un peu, et j&rsquo;ai compris qu&rsquo;il me fallait laisser de l&rsquo;espace pour ne pas faire d&rsquo;erreur ou risquer de tomber. J&rsquo;ai d\u00e9cid\u00e9 de rester l\u00e0 et de g\u00e9rer jusqu&rsquo;au bout.\u00a0\u00bb<\/p>\n<p>G\u00e9rer, cela allait aussi impliquer de contenir <a href=\"https:\/\/fr.motorsport.com\/driver\/fabio-di-giannantonio\/289538\/\" target=\"_blank\" rel=\"noopener\">Fabio Di Giannantonio<\/a>, remont\u00e9 tr\u00e8s fort dans la seconde partie de l&rsquo;\u00e9preuve. \u00ab\u00a0J&rsquo;avais utilis\u00e9 un petit peu trop de gomme\u00a0\u00bb, a avou\u00e9 \u00c1lex M\u00e1rquez. \u00ab\u00a0\u00c0 ce moment-l\u00e0, je souffrais un peu mais j&rsquo;avais un bon rythme. J&rsquo;ai un peu rel\u00e2ch\u00e9 dans le dernier tour. Un peu trop, \u00e0 vrai dire, parce que j&rsquo;ai vu qu&rsquo;il a pass\u00e9 l&rsquo;arriv\u00e9e seulement un dixi\u00e8me derri\u00e8re moi. J&rsquo;avais fait ce dernier tour trop \u00e0 la cool pour ne pas faire d&rsquo;erreur.\u00a0\u00bb<\/p>\n<p>L&rsquo;essentiel est donc sauf pour\u00a0\u00c1lex M\u00e1rquez, qui a empoch\u00e9, comme au GP d&rsquo;Arag\u00f3n, le deuxi\u00e8me meilleur score possible. Il pointe d\u00e9sormais \u00e0 40 unit\u00e9s de Marc M\u00e1rquez au <a href=\"https:\/\/fr.motorsport.com\/motogp\/news\/championnat-marquez-relegue-bagnaia-mugello\/10735173\/\" target=\"_self\" rel=\"noopener\">championnat<\/a>, mais peut compter sur 70 longueurs d&rsquo;avance sur Pecco Bagnaia.<\/p>\n<p>Dans cet article<\/p>\n<p>    L\u00e9na Buffa\n<\/p>\n<p>    MotoGP\n<\/p>\n<p>    \u00c1lex M\u00e1rquez\n<\/p>\n<p>    Gresini Racing\n<\/p>\n<p>Soyez le premier inform\u00e9 et souscrivez aux alertes mails pour recevoir les infos en temps r\u00e9el<\/p>\n<p>    S&rsquo;abonner aux alertes de news<\/p>\n","protected":false},"excerpt":{"rendered":"\u00c1lex M\u00e1rquez repart d&rsquo;Italie en ayant perdu des points sur son fr\u00e8re, leader du championnat, mais en ayant&hellip;\n","protected":false},"author":2,"featured_media":198045,"comment_status":"","ping_status":"","sticky":false,"template":"","format":"standard","meta":{"footnotes":""},"categories":[1413],"tags":[1011,27,31123,3452,1457,1456,1458,31124,60,7896],"class_list":{"0":"post-198044","1":"post","2":"type-post","3":"status-publish","4":"format-standard","5":"has-post-thumbnail","7":"category-moto","8":"tag-fr","9":"tag-france","10":"tag-gp-ditalie","11":"tag-gresini-racing","12":"tag-moto","13":"tag-motocycle","14":"tag-motogp","15":"tag-mugello","16":"tag-sports","17":"tag-u00c1lex-mu00e1rquez"},"share_on_mastodon":{"url":"https:\/\/pubeurope.com\/@fr\/114732497929798018","error":""},"_links":{"self":[{"href":"https:\/\/www.europesays.com\/fr\/wp-json\/wp\/v2\/posts\/198044","targetHints":{"allow":["GET"]}}],"collection":[{"href":"https:\/\/www.europesays.com\/fr\/wp-json\/wp\/v2\/posts"}],"about":[{"href":"https:\/\/www.europesays.com\/fr\/wp-json\/wp\/v2\/types\/post"}],"author":[{"embeddable":true,"href":"https:\/\/www.europesays.com\/fr\/wp-json\/wp\/v2\/users\/2"}],"replies":[{"embeddable":true,"href":"https:\/\/www.europesays.com\/fr\/wp-json\/wp\/v2\/comments?post=198044"}],"version-history":[{"count":0,"href":"https:\/\/www.europesays.com\/fr\/wp-json\/wp\/v2\/posts\/198044\/revisions"}],"wp:featuredmedia":[{"embeddable":true,"href":"https:\/\/www.europesays.com\/fr\/wp-json\/wp\/v2\/media\/198045"}],"wp:attachment":[{"href":"https:\/\/www.europesays.com\/fr\/wp-json\/wp\/v2\/media?parent=198044"}],"wp:term":[{"taxonomy":"category","embeddable":true,"href":"https:\/\/www.europesays.com\/fr\/wp-json\/wp\/v2\/categories?post=198044"},{"taxonomy":"post_tag","embeddable":true,"href":"https:\/\/www.europesays.com\/fr\/wp-json\/wp\/v2\/tags?post=198044"}],"curies":[{"name":"wp","href":"https:\/\/api.w.org\/{rel}","templated":true}]}}