{"id":198048,"date":"2025-06-23T11:43:11","date_gmt":"2025-06-23T11:43:11","guid":{"rendered":"https:\/\/www.europesays.com\/fr\/198048\/"},"modified":"2025-06-23T11:43:11","modified_gmt":"2025-06-23T11:43:11","slug":"cyclisme-tour-de-belgique-tim-merlier-la-60e-victoire-de-ma-carriere","status":"publish","type":"post","link":"https:\/\/www.europesays.com\/fr\/198048\/","title":{"rendered":"Cyclisme. Tour de Belgique &#8211; Tim Merlier : \u00abLa 60e victoire de ma carri\u00e8re&#8230;\u00bb"},"content":{"rendered":"<p>Il y a-t-il encore un doute sur le nom du meilleur sprinteur du peloton ? <strong>Tim Merlier<\/strong> semble s&rsquo;\u00eatre occup\u00e9 de r\u00e9pondre \u00e0 cette question lors du <strong><a href=\"https:\/\/www.cyclismactu.net\/..\/news-tour-de-belgique-route-tim-merlier-imperial-bruxelles-filippo-baroncini-general-88498.html\" target=\"_blank\" rel=\"nofollow noopener\">Tour de Belgique<\/a><\/strong> (ou <strong>Baloise Belgium Tour<\/strong>). Une petite semaine de course qu&rsquo;il a conclut comme il l&rsquo;avait commenc\u00e9, c&rsquo;est \u00e0 dire par une victoire. Impressionnant, le Belge de la Soudal Quick-Step s&rsquo;est une nouvelle fois montr\u00e9 au-dessus de la concurrence dans le sprint final de la 5e \u00e9tape, en devan\u00e7ant avec une belle marge d&rsquo;avance <strong>Juan Sebastian Molano <\/strong>(UAE Team Emirates XRG) et <strong>Kim Heiduk <\/strong>(INEOS Grenadiers). Un 10e succ\u00e8s cette saison et une 60e victoire chez les professionnels pour <strong>Merlier<\/strong>, \u00e0 quelques jours du Grand D\u00e9part du <strong>Tour de France<\/strong>, o\u00f9 il fera figure d&rsquo;\u00e9pouvantail sur la 1\u00e8re \u00e9tape.<\/p>\n<p>Vid\u00e9o &#8211; La victoire de Tim merlier sur la 1\u00e8re \u00e9tape en Belgique Lire la suite de l&rsquo;article&#13;<\/p>\n<p>\u00a0<\/p>\n<p>&#13;<br \/>\n\u00ab\u00a0Ce sont de beaux chiffres&#8230;\u00a0\u00bb&#13;<\/p>\n<p>\u00ab\u00a0C\u2019est une super fa\u00e7on de conclure notre semaine ici en Belgique ! Mes co\u00e9quipiers ont fait un travail parfait, en s\u2019assurant que j\u2019\u00e9tais bien plac\u00e9 \u00e0 l\u2019approche des derniers kilom\u00e8tres, ce qui m\u2019a permis d\u2019aborder le dernier virage en troisi\u00e8me position id\u00e9al pour lancer le sprint\u00a0\u00bb, a d\u00e9clar\u00e9 <strong>Merlier<\/strong>. \u00ab\u00a0Je suis vraiment heureux de terminer le Tour de Belgique par une victoire, ma dixi\u00e8me de la saison et la 60e de ma carri\u00e8re. Ce sont de beaux chiffres, et \u00e7a me rend fier d\u2019avoir une \u00e9quipe aussi fantastique pour m\u2019aider \u00e0 atteindre ces \u00e9tapes importantes. Cette victoire est bonne pour la confiance, alors que je continue \u00e0 me pr\u00e9parer pour le Tour de France.\u00a0\u00bb<\/p>\n<p>Baloise Tour de Belgique &#8211; Classement de la 5\u00e8 \u00e9tape Baloise Tour de Belgique &#8211; Classement g\u00e9n\u00e9ral<\/p>\n","protected":false},"excerpt":{"rendered":"Il y a-t-il encore un doute sur le nom du meilleur sprinteur du peloton ? Tim Merlier semble&hellip;\n","protected":false},"author":2,"featured_media":198049,"comment_status":"","ping_status":"","sticky":false,"template":"","format":"standard","meta":{"footnotes":""},"categories":[1411],"tags":[1154,207,211,1011,27,209,60,32478,210,212,208,213],"class_list":{"0":"post-198048","1":"post","2":"type-post","3":"status-publish","4":"format-standard","5":"has-post-thumbnail","7":"category-cyclisme","8":"tag-cycling","9":"tag-cyclisme","10":"tag-ffc","11":"tag-fr","12":"tag-france","13":"tag-route","14":"tag-sports","15":"tag-tour-de-belgique","16":"tag-tour-de-france","17":"tag-uci","18":"tag-velo","19":"tag-world-tour"},"share_on_mastodon":{"url":"https:\/\/pubeurope.com\/@fr\/114732505728524523","error":""},"_links":{"self":[{"href":"https:\/\/www.europesays.com\/fr\/wp-json\/wp\/v2\/posts\/198048","targetHints":{"allow":["GET"]}}],"collection":[{"href":"https:\/\/www.europesays.com\/fr\/wp-json\/wp\/v2\/posts"}],"about":[{"href":"https:\/\/www.europesays.com\/fr\/wp-json\/wp\/v2\/types\/post"}],"author":[{"embeddable":true,"href":"https:\/\/www.europesays.com\/fr\/wp-json\/wp\/v2\/users\/2"}],"replies":[{"embeddable":true,"href":"https:\/\/www.europesays.com\/fr\/wp-json\/wp\/v2\/comments?post=198048"}],"version-history":[{"count":0,"href":"https:\/\/www.europesays.com\/fr\/wp-json\/wp\/v2\/posts\/198048\/revisions"}],"wp:featuredmedia":[{"embeddable":true,"href":"https:\/\/www.europesays.com\/fr\/wp-json\/wp\/v2\/media\/198049"}],"wp:attachment":[{"href":"https:\/\/www.europesays.com\/fr\/wp-json\/wp\/v2\/media?parent=198048"}],"wp:term":[{"taxonomy":"category","embeddable":true,"href":"https:\/\/www.europesays.com\/fr\/wp-json\/wp\/v2\/categories?post=198048"},{"taxonomy":"post_tag","embeddable":true,"href":"https:\/\/www.europesays.com\/fr\/wp-json\/wp\/v2\/tags?post=198048"}],"curies":[{"name":"wp","href":"https:\/\/api.w.org\/{rel}","templated":true}]}}