{"id":19805,"date":"2025-04-12T12:41:12","date_gmt":"2025-04-12T12:41:12","guid":{"rendered":"https:\/\/www.europesays.com\/fr\/19805\/"},"modified":"2025-04-12T12:41:12","modified_gmt":"2025-04-12T12:41:12","slug":"lukraine-divisee-sur-le-modele-de-berlin-apres-la-guerre-la-nouvelle-piste-dun-emissaire-americain","status":"publish","type":"post","link":"https:\/\/www.europesays.com\/fr\/19805\/","title":{"rendered":"L&rsquo;Ukraine divis\u00e9e sur le mod\u00e8le de Berlin apr\u00e8s la guerre ? La nouvelle piste d&rsquo;un \u00e9missaire am\u00e9ricain"},"content":{"rendered":"<p>Keith Kellogg, l&rsquo;\u00e9missaire am\u00e9ricain en Ukraine, a donn\u00e9 une interview publi\u00e9e ce samedi par le \u00ab\u00a0Times\u00a0\u00bb.Il imagine l&rsquo;Ukraine post-conflit divis\u00e9e en deux.Une s\u00e9paration qui pourrait ressembler au \u00ab\u00a0Berlin d&rsquo;apr\u00e8s la Seconde Guerre mondiale\u00a0\u00bb.<a href=\"https:\/\/www.tf1info.fr\/actualite\/etats-unis-election-presidentielle-americaine-2024-donald-trump-vs-kamala-harris-13534\/\" rel=\"noopener\" class=\"jsx-3118104007 Link jsx-1428418400 jsx-554215408\" target=\"_blank\"><\/p>\n<p style=\"font-weight:400\" class=\"jsx-1837267516\">Suivez la couverture compl\u00e8te<\/p>\n<p style=\"font-weight:800\" class=\"jsx-1837267516\">Le second mandat de Donald Trump<\/p>\n<p><\/a><\/p>\n<p data-module=\"article-paragraph\" class=\"jsx-362436225 Paragraph Paragraph__End\">Dans les esprits des Europ\u00e9ens, il symbolise le mur de la honte. Mais dans celui d&rsquo;un proche de Donald Trump, il se transforme en source d&rsquo;inspiration. Dans un entretien publi\u00e9 ce samedi 12 avril dans le Times, Keith Kellogg, \u00e9missaire des \u00c9tats-Unis, imagine ce \u00e0 quoi pourrait ressembler l&rsquo;Ukraine post-conflit. Et propose une s\u00e9paration du pays sur le mod\u00e8le de Berlin au lendemain de la Seconde Guerre mondiale.<\/p>\n<p>Une \u00ab\u00a0zone d\u00e9militaris\u00e9e\u00a0\u00bb sur la ligne de front<\/p>\n<p data-module=\"article-paragraph\" class=\"jsx-362436225 Paragraph\">Pour l&rsquo;envoy\u00e9 de Donald Trump en Ukraine, cette proposition s&rsquo;accompagnerait d&rsquo;une pr\u00e9sence \u00e0 la fois de forces europ\u00e9ennes et russes sur le territoire ukrainien. \u00ab\u00a0Vous pourriez presque faire ressembler cela \u00e0 ce qui s&rsquo;est pass\u00e9 avec Berlin apr\u00e8s la Seconde Guerre mondiale, quand vous aviez une zone russe, une zone fran\u00e7aise, une zone britannique, une zone am\u00e9ricaine\u00a0\u00bb, a d\u00e9peint le g\u00e9n\u00e9ral Kellogg. <a href=\"https:\/\/www.tf1info.fr\/international\/le-jour-ou-le-9-novembre-1989-la-folle-nuit-qui-a-provoque-la-chute-du-mur-de-berlin-2138044.html\" target=\"_blank\" rel=\"noopener\">Pas besoin d&rsquo;un mur (nouvelle fen\u00eatre)<\/a> cette fois-ci, puisque l&rsquo;\u00e9missaire am\u00e9ricain pense au fleuve Dniepr comme fronti\u00e8re naturelle. \u00ab\u00a0Un obstacle majeur\u00a0\u00bb naturel qui coupe l&rsquo;Ukraine et m\u00eame sa capitale du nord au sud.<\/p>\n<p data-module=\"article-paragraph\" class=\"jsx-362436225 Paragraph Paragraph__End\">Dans ce sc\u00e9nario, <a href=\"https:\/\/www.tf1info.fr\/international\/que-sait-on-des-forces-de-reassurance-qui-seraient-deployees-en-ukraine-en-cas-de-cessez-le-feu-defendues-par-emmanuel-macron-2361837.html\" target=\"_blank\" rel=\"noopener\">les troupes franco-anglaises (nouvelle fen\u00eatre)<\/a>, deux pays favorables au d\u00e9ploiement d&rsquo;une force militaire europ\u00e9enne en Ukraine, se positionneraient en arri\u00e8re de la ligne de front. Elles prendraient la forme d&rsquo;une \u00ab\u00a0force de garantie\u00a0\u00bb de la paix afin de ne pas \u00eatre \u00ab\u00a0provocatrice\u00a0\u00bb pour Moscou, selon l&rsquo;analyse du g\u00e9n\u00e9ral. La Russie serait quant \u00e0 elle positionn\u00e9e \u00e0 l&rsquo;est du cours d&rsquo;eau. Donc tous les territoires conquis depuis <a href=\"https:\/\/www.tf1info.fr\/actualite\/invasion-de-l-ukraine-par-la-russie-une-guerre-qui-dure-12951\/\" target=\"_blank\" rel=\"noopener\">l&rsquo;invasion des troupes russes  (nouvelle fen\u00eatre)<\/a>resteraient dans les mains du Kremlin. Les troupes ukrainiennes se tiendraient quant \u00e0 elles au milieu.<\/p>\n<ul class=\"jsx-658110588 ReadMoreArticle__List flex flex-column\">\n<li class=\"jsx-658110588\"><a href=\"https:\/\/www.tf1info.fr\/international\/lci-sur-le-terrain-je-n-aime-pas-les-brutes-la-fronde-anti-trump-des-soldats-americains-en-ukraine-en-guerre-contre-la-russie-2364657.html\" rel=\"noopener\" class=\"jsx-4233824444 Link flex\" target=\"_blank\"><img decoding=\"async\" src=\"https:\/\/www.europesays.com\/fr\/wp-content\/uploads\/2025\/04\/lci-sur-le-terrain-ou-la-fronde-anti-trump-des-soldats-americains-en-ukraine-e009c6-0@1x.jpeg\" alt=\"Lire aussi\" loading=\"lazy\" importance=\"low\" fetchpriority=\"low\" class=\"\" copyright=\"Capture vid\u00e9o LCI\"\/>\n<p class=\"jsx-658110588 ReadMoreArticle__Title\">Lire aussi<\/p>\n<p class=\"jsx-658110588\">LCI SUR LE TERRAIN &#8211; \u00ab\u00a0Je n&rsquo;aime pas les brutes\u00a0\u00bb : la fronde anti-Trump des combattants volontaires am\u00e9ricains en Ukraine<\/p>\n<p><\/a><\/li>\n<\/ul>\n<p data-module=\"article-paragraph\" class=\"jsx-362436225 Paragraph\">Conscient toutefois que Vladimir Poutine pourrait \u00ab\u00a0ne pas accepter\u00a0\u00bb cette proposition, Keith Kellogg est m\u00eame pr\u00eat \u00e0 aller plus loin. Et sugg\u00e8re d&rsquo;\u00e9tablir une \u00ab\u00a0zone d\u00e9militaris\u00e9e\u00a0\u00bb entre les lignes ukrainienne et russe. Cette zone tampon, similaire \u00e0 ce qu&rsquo;on trouve entre les deux Cor\u00e9es depuis 1953, permettrait \u00e0 ses yeux d&rsquo;assurer qu&rsquo;aucun \u00e9change de tirs n&rsquo;ait lieu. \u00ab\u00a0Les deux camps reculent chacun de 15 kilom\u00e8tres\u00a0\u00bb, explique-t-il.\u00a0<\/p>\n<p data-module=\"article-paragraph\" class=\"jsx-362436225 Paragraph\">Un sc\u00e9nario qui ne correspond pas tout \u00e0 fait \u00e0 une partition de l&rsquo;Ukraine, mais qui comporte deux risques. D&rsquo;abord, l&rsquo;annexion ill\u00e9gale par la Russie des territoires sur lesquelles se trouvent ses troupes. Ensuite, la reprise des combats. Si cette situation \u00e0 l&rsquo;avantage de \u00ab\u00a0surveiller\u00a0\u00bb chacune des arm\u00e9es \u00ab\u00a0plut\u00f4t facilement\u00a0\u00bb, cet ancien des forces sp\u00e9ciales et de la guerre du Vietnam reconnait en effet que le risque de violations existe. \u00ab\u00a0Parce qu&rsquo;il y en a toujours\u00a0\u00bb. \u00a0<\/p>\n<p data-module=\"article-paragraph\" class=\"jsx-362436225 Paragraph Paragraph__End\">Au-del\u00e0 de comporter peu de garanties pour l&rsquo;Ukraine et beaucoup de concessions pour la Russie, le Times r\u00e9v\u00e8le que ce plan poss\u00e8de un autre d\u00e9faut. Et pas des moindres. En comparant la situation de Kiev \u00e0 celle de l&rsquo;Allemagne d&rsquo;apr\u00e8s-guerre, l&rsquo;\u00e9missaire am\u00e9ricain s&rsquo;inscrit dans le r\u00e9cit russe selon lequel l&rsquo;objectif de cette guerre d\u00e9clench\u00e9e il y a trois ans par Vladimir Poutine \u00e9tait de \u00ab\u00a0d\u00e9nazifier\u00a0\u00bb le pays.<\/p>\n<p>Felicia SIDERIS<\/p>\n","protected":false},"excerpt":{"rendered":"Keith Kellogg, l&rsquo;\u00e9missaire am\u00e9ricain en Ukraine, a donn\u00e9 une interview publi\u00e9e ce samedi par le \u00ab\u00a0Times\u00a0\u00bb.Il imagine l&rsquo;Ukraine&hellip;\n","protected":false},"author":2,"featured_media":19806,"comment_status":"","ping_status":"","sticky":false,"template":"","format":"standard","meta":{"footnotes":""},"categories":[1590],"tags":[1111,11,1921,5925,73,1777,674,1922,2497,12,132,220,1917,133,1920],"class_list":{"0":"post-19805","1":"post","2":"type-post","3":"status-publish","4":"format-standard","5":"has-post-thumbnail","7":"category-ukraine","8":"tag-actu","9":"tag-actualites","10":"tag-article-video","11":"tag-conflits-et-guerre","12":"tag-etats-unis","13":"tag-eu","14":"tag-europe","15":"tag-info","16":"tag-le-second-mandat-de-donald-trump","17":"tag-news","18":"tag-russie","19":"tag-ukraine","20":"tag-ukraine-4-annee-de-guerre","21":"tag-video","22":"tag-video-international"},"share_on_mastodon":{"url":"https:\/\/pubeurope.com\/@fr\/114325047464523331","error":""},"_links":{"self":[{"href":"https:\/\/www.europesays.com\/fr\/wp-json\/wp\/v2\/posts\/19805","targetHints":{"allow":["GET"]}}],"collection":[{"href":"https:\/\/www.europesays.com\/fr\/wp-json\/wp\/v2\/posts"}],"about":[{"href":"https:\/\/www.europesays.com\/fr\/wp-json\/wp\/v2\/types\/post"}],"author":[{"embeddable":true,"href":"https:\/\/www.europesays.com\/fr\/wp-json\/wp\/v2\/users\/2"}],"replies":[{"embeddable":true,"href":"https:\/\/www.europesays.com\/fr\/wp-json\/wp\/v2\/comments?post=19805"}],"version-history":[{"count":0,"href":"https:\/\/www.europesays.com\/fr\/wp-json\/wp\/v2\/posts\/19805\/revisions"}],"wp:featuredmedia":[{"embeddable":true,"href":"https:\/\/www.europesays.com\/fr\/wp-json\/wp\/v2\/media\/19806"}],"wp:attachment":[{"href":"https:\/\/www.europesays.com\/fr\/wp-json\/wp\/v2\/media?parent=19805"}],"wp:term":[{"taxonomy":"category","embeddable":true,"href":"https:\/\/www.europesays.com\/fr\/wp-json\/wp\/v2\/categories?post=19805"},{"taxonomy":"post_tag","embeddable":true,"href":"https:\/\/www.europesays.com\/fr\/wp-json\/wp\/v2\/tags?post=19805"}],"curies":[{"name":"wp","href":"https:\/\/api.w.org\/{rel}","templated":true}]}}