{"id":198052,"date":"2025-06-23T11:45:19","date_gmt":"2025-06-23T11:45:19","guid":{"rendered":"https:\/\/www.europesays.com\/fr\/198052\/"},"modified":"2025-06-23T11:45:19","modified_gmt":"2025-06-23T11:45:19","slug":"pierre-chabrier-annonce-quitter-youtube-apres-son-clash-avec-sylvain-levy-son-ex-partenaire-de-vilebrequin","status":"publish","type":"post","link":"https:\/\/www.europesays.com\/fr\/198052\/","title":{"rendered":"Pierre Chabrier annonce quitter YouTube apr\u00e8s son clash avec Sylvain Levy, son ex-partenaire de Vilebrequin"},"content":{"rendered":"<p>5 mois apr\u00e8s la vid\u00e9o r\u00e9ponse de Sylvain L\u00e9vy \u00e0 Pierre Chabrier, ce dernier a d\u00e9cid\u00e9 de r\u00e9pondre \u00e0 son tour en publiant une vid\u00e9o dans laquelle il a aussi d\u00e9cid\u00e9 d&rsquo;annoncer l&rsquo;arr\u00eat de sa carri\u00e8re sur YouTube. <\/p>\n<p>Depuis fin 2023, le duo de la cha\u00eene Vilebrequin, <a href=\"https:\/\/www.programme-tv.net\/news\/societe\/374599-le-plus-gros-projet-de-ma-vie-sylvain-levy-tourne-definitivement-la-page-vilebrequin-et-lance-un-nouveau-projet-automobile\/\" data-api-deeplink=\"teleloisirs:\/\/news\/374599\" rel=\"nofollow noopener\" target=\"_blank\">Sylvain L\u00e9vy<\/a> et Pierre Chabrier, n&rsquo;est plus. En effet, les activit\u00e9s de la cha\u00eene se sont arr\u00eat\u00e9es et plusieurs mois apr\u00e8s, Pierre Chabrier a d\u00e9cid\u00e9 de faire une vid\u00e9o dans laquelle il choisit de d\u00e9voiler plusieurs \u00e9l\u00e9ments mettant en cause son ancien acolyte. Sylvain L\u00e9vy r\u00e9pondra \u00e0 son tour en janvier dernier avec une vid\u00e9o cumulant plus de 15 millions de vues. Et le 20 juin, nouvel \u00e9pisode dans cette affaire <a href=\"https:\/\/www.programme-tv.net\/news\/tv\/347438-top-gear-france-2024-date-de-diffusion-nouveaux-animateurs-invites-toutes-les-infos-sur-la-saison-9\/\" data-api-deeplink=\"teleloisirs:\/\/news\/347438\" rel=\"nofollow noopener\" target=\"_blank\">Vilebrequin<\/a> avec Pierre Chabrier qui a d\u00e9cid\u00e9 de r\u00e9pondre \u00e0 Sylvain, mais pas seulement. Le vid\u00e9aste a aussi annonc\u00e9 quitter d\u00e9finitivement YouTube.<\/p>\n<p>Pierre Chabrier d\u00e9voile les raisons de la fin de sa cha\u00eene YouTube<\/p>\n<p>Dans une vid\u00e9o publi\u00e9e le 20 juin dernier, Pierre Chabrier a souhait\u00e9 r\u00e9pondre \u00e0 Sylvain L\u00e9vy plusieurs mois apr\u00e8s la vid\u00e9o de ce dernier. Un nouvel \u00e9pisode de la s\u00e9paration difficile de Vilebrequin, mais qui n&rsquo;a pas \u00e9t\u00e9 le seul sujet apport\u00e9 par le cr\u00e9ateur de contenu. En effet, Pierre Chabrier a aussi annonc\u00e9 son d\u00e9part de YouTube. Une annonce surprise pour ses abonn\u00e9s et que le vid\u00e9aste a justifi\u00e9 de diff\u00e9rentes mani\u00e8res. \u00ab\u00a0J&rsquo;arr\u00eate YouTube parce que je n&rsquo;ai plus les moyens de produire les vid\u00e9os que je voudrais produire. Je ne peux plus payer ma charg\u00e9e de production, je ne peux plus payer les monteurs, je ne peux plus payer les graphistes. C&rsquo;est une gal\u00e8re de fou\u00a0\u00bb, explique l&rsquo;ancien participant au <a href=\"https:\/\/www.programme-tv.net\/news\/sport\/381536-il-ne-doit-pas-oublier-squeezie-met-en-garde-anyme-avec-humour-concernant-sa-preparation-au-gp-explorer\/\" data-api-deeplink=\"teleloisirs:\/\/news\/381536\" rel=\"nofollow noopener\" target=\"_blank\">GP Explorer<\/a> dans un premier temps. Un manque de ressources financi\u00e8res qui s&rsquo;explique par un investissement massif dans son projet personnel. \u00ab\u00a0J&rsquo;ai d\u00fb faire des choix. J&rsquo;ai mis tout ce qu&rsquo;il me restait dans la plus grosse aventure de ma vie, \u00e0 savoir la Racebox\u00a0\u00bb, r\u00e9v\u00e8le Pierre Chabrier. Une d\u00e9cision qui va d\u00e9cevoir ses presque 400 000 abonn\u00e9s.<\/p>\n<p>                        \u00ab\u00a0YouTube ne m&rsquo;a jamais aid\u00e9\u00a0\u00bb : Pierre Chabrier regrette le manque de soutien de la plateforme<\/p>\n<p>Outre l&rsquo;aspect financier, <a href=\"https:\/\/www.programme-tv.net\/news\/societe\/374332-pierre-chabrier-revient-sur-la-fin-de-vilebrequin-de-bons-souvenirs-malheureusement-entaches\/\" data-api-deeplink=\"teleloisirs:\/\/news\/374332\" rel=\"nofollow noopener\" target=\"_blank\">Pierre Chabrier<\/a> justifie l&rsquo;arr\u00eat de sa cha\u00eene par un manque de soutien de la part du site. En effet, le cr\u00e9ateur de contenu regrette le manque de r\u00e9f\u00e9rencement de sa cha\u00eene alors qu&rsquo;il proposait de nouveaux projets. \u00ab\u00a0YouTube qui ne m&rsquo;a jamais aid\u00e9. le probl\u00e8me il commence d\u00e8s la fin de Villebrequin. En fait la derni\u00e8re vid\u00e9o qu&rsquo;on a sortie il y avait nos liens de cha\u00eene YouTube dans la description. Et la premi\u00e8re soir\u00e9e s&rsquo;est super bien pass\u00e9e puisque j&rsquo;ai pris plus de 200 000 abonn\u00e9s en 6h. Mais YouTube a dit qu&rsquo;une cha\u00eene sur laquelle il n&rsquo;y a pas de contenu et qui prend 200 000 abonn\u00e9s, c&rsquo;est s\u00fbrement un spam et ma cha\u00eene n&rsquo;apparaissait plus\u00a0\u00bb, explique Pierre Chabrier. Un probl\u00e8me qui n&rsquo;a jamais \u00e9t\u00e9 vraiment r\u00e9gl\u00e9 selon le vid\u00e9aste et qui l&rsquo;aurait emp\u00each\u00e9 de poursuivre ses gros projets sur la plateforme.<\/p>\n","protected":false},"excerpt":{"rendered":"5 mois apr\u00e8s la vid\u00e9o r\u00e9ponse de Sylvain L\u00e9vy \u00e0 Pierre Chabrier, ce dernier a d\u00e9cid\u00e9 de r\u00e9pondre&hellip;\n","protected":false},"author":2,"featured_media":198053,"comment_status":"","ping_status":"","sticky":false,"template":"","format":"standard","meta":{"footnotes":""},"categories":[1359],"tags":[244,58,59,1011,27,973,6569,33752,2784],"class_list":{"0":"post-198052","1":"post","2":"type-post","3":"status-publish","4":"format-standard","5":"has-post-thumbnail","7":"category-people","8":"tag-commentaire","9":"tag-divertissement","10":"tag-entertainment","11":"tag-fr","12":"tag-france","13":"tag-people","14":"tag-streamers","15":"tag-top-gear-france-avec-vilebrequin-532024-0910-pm-rmc-du00e9couverte","16":"tag-youtube"},"share_on_mastodon":{"url":"https:\/\/pubeurope.com\/@fr\/114732513571872327","error":""},"_links":{"self":[{"href":"https:\/\/www.europesays.com\/fr\/wp-json\/wp\/v2\/posts\/198052","targetHints":{"allow":["GET"]}}],"collection":[{"href":"https:\/\/www.europesays.com\/fr\/wp-json\/wp\/v2\/posts"}],"about":[{"href":"https:\/\/www.europesays.com\/fr\/wp-json\/wp\/v2\/types\/post"}],"author":[{"embeddable":true,"href":"https:\/\/www.europesays.com\/fr\/wp-json\/wp\/v2\/users\/2"}],"replies":[{"embeddable":true,"href":"https:\/\/www.europesays.com\/fr\/wp-json\/wp\/v2\/comments?post=198052"}],"version-history":[{"count":0,"href":"https:\/\/www.europesays.com\/fr\/wp-json\/wp\/v2\/posts\/198052\/revisions"}],"wp:featuredmedia":[{"embeddable":true,"href":"https:\/\/www.europesays.com\/fr\/wp-json\/wp\/v2\/media\/198053"}],"wp:attachment":[{"href":"https:\/\/www.europesays.com\/fr\/wp-json\/wp\/v2\/media?parent=198052"}],"wp:term":[{"taxonomy":"category","embeddable":true,"href":"https:\/\/www.europesays.com\/fr\/wp-json\/wp\/v2\/categories?post=198052"},{"taxonomy":"post_tag","embeddable":true,"href":"https:\/\/www.europesays.com\/fr\/wp-json\/wp\/v2\/tags?post=198052"}],"curies":[{"name":"wp","href":"https:\/\/api.w.org\/{rel}","templated":true}]}}