{"id":198056,"date":"2025-06-23T11:48:22","date_gmt":"2025-06-23T11:48:22","guid":{"rendered":"https:\/\/www.europesays.com\/fr\/198056\/"},"modified":"2025-06-23T11:48:22","modified_gmt":"2025-06-23T11:48:22","slug":"deconseillee-aux-moins-de-16-ans-cette-serie-netflix-passe-directement-numero-1-et-deloge-ginny-georgia","status":"publish","type":"post","link":"https:\/\/www.europesays.com\/fr\/198056\/","title":{"rendered":"D\u00e9conseill\u00e9e aux moins de 16 ans, cette s\u00e9rie Netflix passe directement num\u00e9ro 1 et d\u00e9loge Ginny &#038; Georgia"},"content":{"rendered":"<p>Si cette s\u00e9rie n&rsquo;est pas adapt\u00e9e \u00e0 tous les publics, cela ne l&rsquo;a pas emp\u00each\u00e9e de s&rsquo;imposer d\u00e8s sa sortie sur Netflix, notamment devant la saison 3 de Ginny &amp; Georgia.<\/p>\n<p>Arriv\u00e9e vendredi 20 juin sur Netflix parmi les nombreuses <a href=\"https:\/\/www.programme-tv.net\/news\/series-tv\/331417-nouveautes-netflix-les-sorties-films-series-et-documentaires\/\" data-api-deeplink=\"teleloisirs:\/\/news\/331417\" target=\"_blank\" rel=\"noopener\">nouveaut\u00e9s de ce mois de juin<\/a>, <a href=\"https:\/\/www.programme-tv.net\/news\/series-tv\/381196-olympo-on-pensait-avoir-touche-le-fond-avec-elite-mais-netflix-creuse-encore\/\" data-api-deeplink=\"teleloisirs:\/\/news\/381196\" target=\"_blank\" rel=\"noopener\">Olympo<\/a> s&rsquo;est impos\u00e9e en t\u00eate des s\u00e9ries les plus vues du moment sur la plateforme de streaming. Arriv\u00e9e num\u00e9ro 1 ce lundi 23 juin, la s\u00e9rie a r\u00e9ussi l&rsquo;exploit de s&rsquo;imposer face \u00e0 la saison 3 de Ginny &amp; Georgia, dont <a href=\"https:\/\/www.programme-tv.net\/news\/series-tv\/381531-ginny-georgia-saison-3-une-fin-alternative-a-ete-ecrite-et-elle-ne-va-pas-plaire-aux-fans\/\" data-api-deeplink=\"teleloisirs:\/\/news\/381531\" target=\"_blank\" rel=\"noopener\">une fin alternative<\/a> avait \u00e9t\u00e9 \u00e9crite. Cette nouvelle s\u00e9rie espagnole nous plonge dans les coulisses d&rsquo;un centre d&rsquo;entra\u00eenement d&rsquo;excellence sportive espagnol. Parmi les brillants athl\u00e8tes qui y \u00e9voluent figure Amaia, la capitaine de l&rsquo;\u00e9quipe nationale de natation synchronis\u00e9e, qui ne cache pas ses ambitions. Le jour o\u00f9 sa meilleure amie N\u00faria r\u00e9ussit pour une fois \u00e0 la surpasser, elle s&rsquo;interroge. D&rsquo;o\u00f9 vient cette soudaine performance ? D&rsquo;autant plus que N\u00faria n&rsquo;est pas la seule athl\u00e8te \u00e0 s&rsquo;am\u00e9liorer de fa\u00e7on inexplicable&#8230; Les sportifs sont-ils vraiment pr\u00eats \u00e0 tout pour s&rsquo;imposer sur les podiums ?<\/p>\n<p>Sur Netflix, Olympo ne fait pas l&rsquo;unanimit\u00e9 malgr\u00e9 sa place de num\u00e9ro 1<\/p>\n<p>Les huit \u00e9pisodes de la premi\u00e8re saison d&rsquo;Olympo ont conquis de nombreux abonn\u00e9s. Sur X, ils partagent leur enthousiasme. \u00ab\u00a0La nouvelle s\u00e9rie Olympo sur Netflix est incroyable\u00a0\u00bb, commente l&rsquo;un d&rsquo;eux. \u00ab\u00a0Merci Netflix pour Olympo\u00a0\u00bb, \u00e9crit un autre tandis qu&rsquo;un fan r\u00e9clame d\u00e9j\u00e0 une saison 2. Mais certains avis sont beaucoup plus tranch\u00e9s et n\u00e9gatifs : \u00ab\u00a0J&rsquo;ai commenc\u00e9 la s\u00e9rie Olympo sur Netflix. C&rsquo;est un peu dans la m\u00eame vibe que Elite&#8230; J&rsquo;ai abandonn\u00e9 la s\u00e9rie au bout de 2 \u00e9pisodes\u00a0\u00bb, confie l&rsquo;un d&rsquo;eux. \u00ab\u00a0C\u2019est catastrophique, mal jou\u00e9, mal doubl\u00e9, g\u00eanant\u00a0\u00bb, critique un autre qui ajoute : \u00ab\u00a0\u00c9lite para\u00eet \u00eatre du grand art \u00e0 c\u00f4t\u00e9. \u00c0 fuir\u00a0\u00bb.<\/p>\n<p>                        Olympo : des visages bien connus des fans des s\u00e9ries et films espagnols de Netflix<\/p>\n<p>Si la s\u00e9rie ne fait pas l&rsquo;unanimit\u00e9, comment expliquer son succ\u00e8s sur Netflix ? On peut imaginer que la pr\u00e9sence d&rsquo;acteurs d\u00e9j\u00e0 vus dans d&rsquo;autres programmes de la plateforme de streaming n&rsquo;y est pas \u00e9trang\u00e8re. Ainsi, l&rsquo;un des personnages principaux est interpr\u00e9t\u00e9 par Clara Galle, la star de la saga \u00c0 travers ma fen\u00eatre. <a href=\"https:\/\/www.programme-tv.net\/news\/series-tv\/380846-olympo-netflix-deux-stars-de-la-serie-sont-en-couple-dans-la-vie\/\" data-api-deeplink=\"teleloisirs:\/\/news\/380846\" target=\"_blank\" rel=\"noopener\">L&rsquo;actrice est en couple avec Nuno Gallego<\/a>, qui pr\u00eate quant \u00e0 lui ses traits \u00e0 Cristian et que l&rsquo;on a d\u00e9j\u00e0 pu voir dans Elite.<\/p>\n<blockquote class=\"twitter-tweet\">\n<p lang=\"fr\" dir=\"ltr\">La nouvelle s\u00e9rie <a href=\"https:\/\/twitter.com\/hashtag\/olympo?src=hash&amp;ref_src=twsrc%5Etfw\" target=\"_blank\" rel=\"noopener\">#olympo<\/a> sur <a href=\"https:\/\/twitter.com\/hashtag\/Netflix?src=hash&amp;ref_src=twsrc%5Etfw\" target=\"_blank\" rel=\"noopener\">#Netflix<\/a> est incroyable \ud83e\udd2f<\/p>\n<p>Mais comment vous pouvez nous laisser sur une fin comme \u00e7a \ud83e\udd72<a href=\"https:\/\/twitter.com\/hashtag\/OlympoNetflix?src=hash&amp;ref_src=twsrc%5Etfw\" target=\"_blank\" rel=\"noopener\">#OlympoNetflix<\/a> <a href=\"https:\/\/twitter.com\/NetflixFR?ref_src=twsrc%5Etfw\" target=\"_blank\" rel=\"noopener\">@NetflixFR<\/a> <a href=\"https:\/\/twitter.com\/netflix?ref_src=twsrc%5Etfw\" target=\"_blank\" rel=\"noopener\">@netflix<\/a><\/p>\n<p>\u2014 lamatrix_ftn \ud83c\udf42\ud83c\udfa4 (@lamatrix_ftn) <a href=\"https:\/\/twitter.com\/lamatrix_ftn\/status\/1936425081976094887?ref_src=twsrc%5Etfw\" target=\"_blank\" rel=\"noopener\">June 21, 2025<\/a><\/p><\/blockquote>\n<blockquote class=\"twitter-tweet\">\n<p lang=\"fr\" dir=\"ltr\">Je veux la saison 2 de OLYMPO !! <a href=\"https:\/\/twitter.com\/NetflixFR?ref_src=twsrc%5Etfw\" target=\"_blank\" rel=\"noopener\">@NetflixFR<\/a> <a href=\"https:\/\/twitter.com\/netflix?ref_src=twsrc%5Etfw\" target=\"_blank\" rel=\"noopener\">@netflix<\/a> <a href=\"https:\/\/twitter.com\/NetflixES?ref_src=twsrc%5Etfw\" target=\"_blank\" rel=\"noopener\">@NetflixES<\/a> \ud83d\ude0d<\/p>\n<p>\u2014 \ud835\udcd5\ud835\udcf5\ud835\udcea\ud835\udcff\ud835\udd02 &#8211; \u276f\u276f\u276f\u276f (@flavyunivers) <a href=\"https:\/\/twitter.com\/flavyunivers\/status\/1936888309940105253?ref_src=twsrc%5Etfw\" target=\"_blank\" rel=\"noopener\">June 22, 2025<\/a><\/p><\/blockquote>\n<blockquote class=\"twitter-tweet\">\n<p lang=\"fr\" dir=\"ltr\">Merci Netflix pour Olympo<\/p>\n<p>\u2014 Kro (@krobball) <a href=\"https:\/\/twitter.com\/krobball\/status\/1936120889642262976?ref_src=twsrc%5Etfw\" target=\"_blank\" rel=\"noopener\">June 20, 2025<\/a><\/p><\/blockquote>\n<blockquote class=\"twitter-tweet\">\n<p lang=\"fr\" dir=\"ltr\">j&rsquo;ai commenc\u00e9 la s\u00e9rie Olympo sur Netflix&#8230; c&rsquo;est un peu dans la m\u00eame vibe que elite&#8230; j&rsquo;ai abandonn\u00e9 la s\u00e9rie au bout de 2 \u00e9pisodes du coup c&rsquo;est un nop pour moi.<\/p>\n<p>\u2014 alex (@saturnhsl) <a href=\"https:\/\/twitter.com\/saturnhsl\/status\/1936852393368695203?ref_src=twsrc%5Etfw\" target=\"_blank\" rel=\"noopener\">June 22, 2025<\/a><\/p><\/blockquote>\n<blockquote class=\"twitter-tweet\">\n<p lang=\"fr\" dir=\"ltr\">C\u2019est catastrophique , mal jou\u00e9, mal doubl\u00e9, g\u00eanant . <br \/>\u00c9lite para\u00eet \u00eatre du grand art \u00e0 c\u00f4t\u00e9. \u00c0 fuir. <a href=\"https:\/\/twitter.com\/hashtag\/olympo?src=hash&amp;ref_src=twsrc%5Etfw\" target=\"_blank\" rel=\"noopener\">#olympo<\/a><\/p>\n<p>\u2014 Oli Vier (@BorisBnp) <a href=\"https:\/\/twitter.com\/BorisBnp\/status\/1936031867494711341?ref_src=twsrc%5Etfw\" target=\"_blank\" rel=\"noopener\">June 20, 2025<\/a><\/p><\/blockquote>\n<p>Article \u00e9crit en collaboration avec 6Medias<\/p>\n<p>        <script async src=\"https:\/\/platform.twitter.com\/widgets.js\" charset=\"utf-8\"><\/script><\/p>\n","protected":false},"excerpt":{"rendered":"Si cette s\u00e9rie n&rsquo;est pas adapt\u00e9e \u00e0 tous les publics, cela ne l&rsquo;a pas emp\u00each\u00e9e de s&rsquo;imposer d\u00e8s&hellip;\n","protected":false},"author":2,"featured_media":198057,"comment_status":"","ping_status":"","sticky":false,"template":"","format":"standard","meta":{"footnotes":""},"categories":[1356],"tags":[244,58,59,1011,27,127,33753,1722,1721,129,252,1364],"class_list":{"0":"post-198056","1":"post","2":"type-post","3":"status-publish","4":"format-standard","5":"has-post-thumbnail","7":"category-television","8":"tag-commentaire","9":"tag-divertissement","10":"tag-entertainment","11":"tag-fr","12":"tag-france","13":"tag-netflix","14":"tag-olympo","15":"tag-pub-streaming-netflix","16":"tag-su00e9rie-netflix","17":"tag-svod","18":"tag-television","19":"tag-tv"},"share_on_mastodon":{"url":"https:\/\/pubeurope.com\/@fr\/114732525418558669","error":""},"_links":{"self":[{"href":"https:\/\/www.europesays.com\/fr\/wp-json\/wp\/v2\/posts\/198056","targetHints":{"allow":["GET"]}}],"collection":[{"href":"https:\/\/www.europesays.com\/fr\/wp-json\/wp\/v2\/posts"}],"about":[{"href":"https:\/\/www.europesays.com\/fr\/wp-json\/wp\/v2\/types\/post"}],"author":[{"embeddable":true,"href":"https:\/\/www.europesays.com\/fr\/wp-json\/wp\/v2\/users\/2"}],"replies":[{"embeddable":true,"href":"https:\/\/www.europesays.com\/fr\/wp-json\/wp\/v2\/comments?post=198056"}],"version-history":[{"count":0,"href":"https:\/\/www.europesays.com\/fr\/wp-json\/wp\/v2\/posts\/198056\/revisions"}],"wp:featuredmedia":[{"embeddable":true,"href":"https:\/\/www.europesays.com\/fr\/wp-json\/wp\/v2\/media\/198057"}],"wp:attachment":[{"href":"https:\/\/www.europesays.com\/fr\/wp-json\/wp\/v2\/media?parent=198056"}],"wp:term":[{"taxonomy":"category","embeddable":true,"href":"https:\/\/www.europesays.com\/fr\/wp-json\/wp\/v2\/categories?post=198056"},{"taxonomy":"post_tag","embeddable":true,"href":"https:\/\/www.europesays.com\/fr\/wp-json\/wp\/v2\/tags?post=198056"}],"curies":[{"name":"wp","href":"https:\/\/api.w.org\/{rel}","templated":true}]}}