{"id":198070,"date":"2025-06-23T11:55:09","date_gmt":"2025-06-23T11:55:09","guid":{"rendered":"https:\/\/www.europesays.com\/fr\/198070\/"},"modified":"2025-06-23T11:55:09","modified_gmt":"2025-06-23T11:55:09","slug":"les-trois-options-de-teheran-pour-bloquer-le-detroit-dormuz","status":"publish","type":"post","link":"https:\/\/www.europesays.com\/fr\/198070\/","title":{"rendered":"les trois options de T\u00e9h\u00e9ran pour bloquer le d\u00e9troit d\u2019Ormuz"},"content":{"rendered":"<p><strong>D\u00c9CRYPTAGE &#8211;<\/strong> Frapp\u00e9e par les Am\u00e9ricains et les Isra\u00e9liens, la R\u00e9publique islamique pourrait mettre \u00e0 ex\u00e9cution sa menace de fermer ce passage maritime strat\u00e9gique. Mais elle doit choisir entre des options limit\u00e9es.<\/p>\n<p class=\"fig-paragraph\">Parmi les options &#8211; limit\u00e9es &#8211; qui s\u2019offrent \u00e0 l\u2019Iran pour riposter aux\u00a0<a href=\"https:\/\/www.lefigaro.fr\/international\/direct-iran-israel-trump-etats-unis-nucleaire-b-2-fordo-attaque-bombardement-20250622\" target=\"_blank\" data-fig-type=\"Live\" rel=\"noopener\" data-gtm-custom-categorie=\"navigation\" data-gtm-custom-action=\"crossclick\" data-gtm-custom-label=\"Contextuel\" data-gtm-event=\"customEventSPE\" data-fig-domain=\"LEFIGARO\">bombardements am\u00e9ricains<\/a>\u00a0sans pr\u00e9c\u00e9dent contre ses installations nucl\u00e9aires, dans la nuit de samedi \u00e0 dimanche, T\u00e9h\u00e9ran pourrait opter pour la\u00a0<a href=\"http:\/\/www.lefigaro.fr\/conjoncture\/conflit-israel-iran-pourquoi-la-fermeture-du-detroit-d-ormuz-serait-un-cauchemar-absolu-pour-l-economie-mondiale-20250614\" target=\"_blank\" data-fig-type=\"NewsFlash\" rel=\"noopener\" data-gtm-custom-categorie=\"navigation\" data-gtm-custom-action=\"crossclick\" data-gtm-custom-label=\"Contextuel\" data-gtm-event=\"customEventSPE\" data-fig-domain=\"LEFIGARO\">fermeture du d\u00e9troit d\u2019Ormuz<\/a>, par lequel transitent 20% des flux p\u00e9troliers et gaziers mondiaux. Quelques heures apr\u00e8s les\u00a0<a href=\"http:\/\/www.lefigaro.fr\/international\/donald-trump-il-y-aura-soit-la-paix-soit-une-tragedie-pour-l-iran-20250622\" target=\"_blank\" data-fig-type=\"Article\" rel=\"noopener\" data-gtm-custom-categorie=\"navigation\" data-gtm-custom-action=\"crossclick\" data-gtm-custom-label=\"Contextuel\" data-gtm-event=\"customEventSPE\" data-fig-domain=\"LEFIGARO\">frappes d\u00e9cid\u00e9es par Donald Trump<\/a>, le Parlement iranien a approuv\u00e9 la fermeture de ce passage de 250 kilom\u00e8tres de long qui relie le golfe persique \u00e0 l\u2019oc\u00e9an indien via le golf d\u2019Oman. Le Conseil supr\u00eame de s\u00e9curit\u00e9 nationale, l\u2019instance qui d\u00e9cide des choix strat\u00e9giques autour de l\u2019<a href=\"http:\/\/www.lefigaro.fr\/international\/apres-l-elimination-de-hauts-grades-iraniens-l-ayatollah-ali-khamenei-sait-qu-il-n-est-plus-intouchable-20250615\" target=\"_blank\" data-fig-type=\"Article\" rel=\"noopener\" data-gtm-custom-categorie=\"navigation\" data-gtm-custom-action=\"crossclick\" data-gtm-custom-label=\"Contextuel\" data-gtm-event=\"customEventSPE\" data-fig-domain=\"LEFIGARO\">Ayatollah Ali Khamenei<\/a>, a fait savoir qu\u2019elle prendra \u00abune d\u00e9cision finale\u00bb dans les prochains jours. Le d\u00e9put\u00e9 et commandant des gardiens de la r\u00e9volution, bras arm\u00e9 du r\u00e9gime, Esmail Kosari a de son c\u00f4t\u00e9 d\u00e9clar\u00e9 qu\u2019une telle option \u00absera mise en \u0153uvre si n\u00e9cessaire\u00bb.<\/p>\n<p class=\"fig-paragraph\">Dimanche, le Secr\u00e9taire d\u2019\u00c9tat am\u00e9ricain Marco Rubio a exhort\u00e9 la Chine \u00e0 contribuer \u00e0 dissuader l\u2019Iran de fermer\u2026<\/p>\n<p class=\"fig-premium-paywall__infos\">\n        Cet article est r\u00e9serv\u00e9 aux abonn\u00e9s.        Il vous reste 84% \u00e0 d\u00e9couvrir.\n    <\/p>\n<p>                <img  data- alt=\"Le Figaro\" class=\"fig-img--complete fig-img\"\/><\/p>\n<p class=\"fig-premium-paywall__title\">Vente Flash<\/p>\n<p class=\"fig-premium-paywall__subtitle\">3,99\u20ac par mois pendant 12 mois. Sans engagement.<\/p>\n<p class=\"fig-premium-paywall__connect\">\n                D\u00e9j\u00e0 abonn\u00e9\u00a0?                <a class=\"fig-premium-paywall__connect-link\" href=\"https:\/\/connect.lefigaro.fr\/login?client=horizon_web&amp;type=main&amp;redirect_uri=https%3A%2F%2Fwww.lefigaro.fr%2Finternational%2Fguerre-israel-iran-les-trois-options-de-teheran-pour-bloquer-le-detroit-d-ormuz-20250623\" data-js-gtm=\"{&quot;customCategorie&quot;: &quot;conversion&quot;, &quot;customAction&quot;: &quot;before_Landing_Connexion_paywall_auto&quot;, &quot;customLabel&quot;: &quot;bGVmaWdhcm8uZnJfXzFmMDRmZmM3LWM1NmEtNjk1ZS04YjIwLTU5MTU5YTU4NzI0YV9fQXJ0aWNsZQ==_Guerre Isra\u00ebl-Iran\u00a0: les trois options de T\u00e9h\u00e9ran pour bloquer le d\u00e9troit d\u2019Ormuz_109&quot;, &quot;customIDSPE&quot;: &quot;bGVmaWdhcm8uZnJfXzFmMDRmZmM3LWM1NmEtNjk1ZS04YjIwLTU5MTU5YTU4NzI0YV9fQXJ0aWNsZQ==&quot;, &quot;event&quot;: &quot;customEventSPE&quot;}\" target=\"_blank\" rel=\"noopener\"><br \/>\n                    Connectez-vous<br \/>\n                <\/a>\n            <\/p>\n","protected":false},"excerpt":{"rendered":"D\u00c9CRYPTAGE &#8211; Frapp\u00e9e par les Am\u00e9ricains et les Isra\u00e9liens, la R\u00e9publique islamique pourrait mettre \u00e0 ex\u00e9cution sa menace&hellip;\n","protected":false},"author":2,"featured_media":198071,"comment_status":"","ping_status":"","sticky":false,"template":"","format":"standard","meta":{"footnotes":""},"categories":[6],"tags":[259,260,35,33,34,1011,27,14,3019,261,33754,262],"class_list":{"0":"post-198070","1":"post","2":"type-post","3":"status-publish","4":"format-standard","5":"has-post-thumbnail","7":"category-economie","8":"tag-actualite-internationale","9":"tag-affaires-etrangeres","10":"tag-business","11":"tag-economie","12":"tag-economy","13":"tag-fr","14":"tag-france","15":"tag-international","16":"tag-iran","17":"tag-ministere-des-affaires-etrangeres","18":"tag-ormuz","19":"tag-politique-etrangere"},"share_on_mastodon":{"url":"https:\/\/pubeurope.com\/@fr\/114732552902955056","error":""},"_links":{"self":[{"href":"https:\/\/www.europesays.com\/fr\/wp-json\/wp\/v2\/posts\/198070","targetHints":{"allow":["GET"]}}],"collection":[{"href":"https:\/\/www.europesays.com\/fr\/wp-json\/wp\/v2\/posts"}],"about":[{"href":"https:\/\/www.europesays.com\/fr\/wp-json\/wp\/v2\/types\/post"}],"author":[{"embeddable":true,"href":"https:\/\/www.europesays.com\/fr\/wp-json\/wp\/v2\/users\/2"}],"replies":[{"embeddable":true,"href":"https:\/\/www.europesays.com\/fr\/wp-json\/wp\/v2\/comments?post=198070"}],"version-history":[{"count":0,"href":"https:\/\/www.europesays.com\/fr\/wp-json\/wp\/v2\/posts\/198070\/revisions"}],"wp:featuredmedia":[{"embeddable":true,"href":"https:\/\/www.europesays.com\/fr\/wp-json\/wp\/v2\/media\/198071"}],"wp:attachment":[{"href":"https:\/\/www.europesays.com\/fr\/wp-json\/wp\/v2\/media?parent=198070"}],"wp:term":[{"taxonomy":"category","embeddable":true,"href":"https:\/\/www.europesays.com\/fr\/wp-json\/wp\/v2\/categories?post=198070"},{"taxonomy":"post_tag","embeddable":true,"href":"https:\/\/www.europesays.com\/fr\/wp-json\/wp\/v2\/tags?post=198070"}],"curies":[{"name":"wp","href":"https:\/\/api.w.org\/{rel}","templated":true}]}}