{"id":198072,"date":"2025-06-23T11:56:08","date_gmt":"2025-06-23T11:56:08","guid":{"rendered":"https:\/\/www.europesays.com\/fr\/198072\/"},"modified":"2025-06-23T11:56:08","modified_gmt":"2025-06-23T11:56:08","slug":"un-couple-americain-obtient-plus-de-2-millions-apres-la-diffusion-de-lautopsie","status":"publish","type":"post","link":"https:\/\/www.europesays.com\/fr\/198072\/","title":{"rendered":"un couple am\u00e9ricain obtient plus de 2 millions apr\u00e8s la diffusion de l&rsquo;autopsie"},"content":{"rendered":"<p>Un accouchement qui vire au drame. Un jeune couple vivant en G\u00e9orgie aux \u00c9tats-Unis, attendait avec impatience la naissance de leur premier enfant en juillet 2023. Mais ce moment a vir\u00e9 au cauchemar dans un h\u00f4pital au sud d&rsquo;Atlanta. <strong><a href=\"https:\/\/www.laprovence.com\/videos\/un-bb-de-sept-mois-retrouv-mort-dans-une-voiture-carpentras\/1718877805456\" target=\"_blank\" rel=\"noopener\">Leur b\u00e9b\u00e9 est mort<\/a> \u00e0 la naissance<\/strong> dans des conditions particuli\u00e8rement traumatisantes.<\/p>\n<p>Selon leur plainte, le b\u00e9b\u00e9 est rest\u00e9 bloqu\u00e9 au niveau du bassin de la m\u00e8re. L&rsquo;obst\u00e9tricienne, charg\u00e9e de l&rsquo;accouchement, aurait alors <strong>tir\u00e9 avec force sur le cou et la t\u00eate de l&rsquo;enfant, <\/strong>provoquant une fracture fatale. L&rsquo;autopsie pratiqu\u00e9e plus tard r\u00e9v\u00e8le bien une fracture au niveau des cervicales caus\u00e9e par une manipulation humaine, et conclut \u00e0 un homicide.<\/p>\n<p>Des parents tenus dans l&rsquo;ignorance<\/p>\n<p>Les parents n&rsquo;auraient pas \u00e9t\u00e9 imm\u00e9diatement inform\u00e9s de la gravit\u00e9 des blessures. Ce n&rsquo;est que plusieurs jours plus tard, lorsqu&rsquo;ils ont r\u00e9cup\u00e9r\u00e9 le corps de leur enfant <a href=\"https:\/\/www.laprovence.com\/article\/region\/2082400379758615\/changement-du-certificat-de-deces-a-marseille-les-chambres-funeraires-sont-debordees\" target=\"_blank\" rel=\"noopener\">des pompes fun\u00e8bres,<\/a> qu&rsquo;ils<strong> ont appris que le nouveau-n\u00e9 avait \u00e9t\u00e9 d\u00e9capit\u00e9<\/strong>.<\/p>\n<p>Estimant que la c\u00e9sarienne aurait d\u00fb \u00eatre pratiqu\u00e9e plus t\u00f4t et que l&rsquo;obst\u00e9tricienne a tard\u00e9 \u00e0 demander de l&rsquo;aide, le couple a d\u00e9pos\u00e9 plainte contre la maternit\u00e9 et le m\u00e9decin. \u00c0 ce jour, cette <strong>proc\u00e9dure judiciaire est toujours en cours<\/strong>.<\/p>\n<p>L&rsquo;autopsie publi\u00e9e sur Instagram<\/p>\n<p>Un second scandale est venu alourdir leur deuil. Le m\u00e9decin l\u00e9giste ayant pratiqu\u00e9 l&rsquo;autopsie a publi\u00e9 <strong>sur son <a href=\"https:\/\/www.laprovence.com\/article\/societe\/13856666552478\/comment-algorithmes-des-reseaux-sociaux-nourrissent-les-stereotypes-sexistes-de-genre\" target=\"_blank\" rel=\"noopener\">compte Instagram<\/a> plusieurs vid\u00e9os<\/strong>, supprim\u00e9es depuis, montrant l&rsquo;examen du corps de l&rsquo;enfant, sans demander l&rsquo;autorisation des parents.<\/p>\n<p>Apr\u00e8s une premi\u00e8re mise en garde de leur avocat, les vid\u00e9os ont \u00e9t\u00e9 bri\u00e8vement \u00e9t\u00e9 retir\u00e9es\u2026 avant d&rsquo;\u00eatre de nouveau publi\u00e9es. Le couple a alors engag\u00e9 une seconde proc\u00e9dure judiciaire, cette fois contre le m\u00e9decin l\u00e9giste, pour diffusion non autoris\u00e9e d&rsquo;images m\u00e9dicales extr\u00eamement sensibles.<\/p>\n<p>Un jugement sans appel pour le m\u00e9decin l\u00e9giste<\/p>\n<p>Le docteur ne s&rsquo;est pas pr\u00e9sent\u00e9 devant la justice pour se d\u00e9fendre, ce qui a conduit le tribunal du comt\u00e9 de Fulton \u00e0 trancher en faveur du couple. Le jugement, rendu par d\u00e9faut, accorde aux parents <strong>une indemnisation de 2,25 millions de dollars<\/strong> (environ 1,85 million d&rsquo;euros).<\/p>\n<p>Le tribunal a consid\u00e9r\u00e9 que la diffusion constituait une atteinte grave \u00e0 leur vie priv\u00e9e et \u00e0 la dignit\u00e9 de l&rsquo;enfant comme le rapporte <a href=\"https:\/\/www.bfmtv.com\/international\/amerique-nord\/etats-unis\/des-images-horribles-plus-de-2-millions-de-dollars-verses-a-un-couple-d-americains-apres-la-diffusion-des-videos-d-autopsie-de-leur-bebe-decapite_AN-202506220149.html?at_brand=BFMTV&amp;at_compte=BFMTV&amp;at_plateforme=facebook&amp;at_campaign=Fan_pages&amp;at_medium=Community_Management\" target=\"_blank\" rel=\"noopener\">BFM via l&rsquo;agence Associated Press<\/a>.<\/p>\n<p>L&rsquo;avocate du praticien affirme que celui-ci publie r\u00e9guli\u00e8rement des vid\u00e9os \u00e0 but \u00e9ducatif pour ses confr\u00e8res. Elle a d\u00e9clar\u00e9 que son client \u00e9tait profond\u00e9ment d\u00e9sol\u00e9, tout en ajoutant que son client envisageait de faire appel. Du c\u00f4t\u00e9 des parents, les avocats d\u00e9noncent <strong>une souffrance r\u00e9activ\u00e9e par ces publications<\/strong>.<\/p>\n","protected":false},"excerpt":{"rendered":"Un accouchement qui vire au drame. Un jeune couple vivant en G\u00e9orgie aux \u00c9tats-Unis, attendait avec impatience la&hellip;\n","protected":false},"author":2,"featured_media":198073,"comment_status":"","ping_status":"","sticky":false,"template":"","format":"standard","meta":{"footnotes":""},"categories":[5],"tags":[17,11,7204,3493,1193,33755,274,1011,27,14,198,12,32684,378,28],"class_list":{"0":"post-198072","1":"post","2":"type-post","3":"status-publish","4":"format-standard","5":"has-post-thumbnail","7":"category-international","8":"tag-17","9":"tag-actualites","10":"tag-americain","11":"tag-bebe","12":"tag-couple","13":"tag-decapite","14":"tag-faits-divers-justice","15":"tag-fr","16":"tag-france","17":"tag-international","18":"tag-naissance","19":"tag-news","20":"tag-obtient","21":"tag-plus","22":"tag-world"},"share_on_mastodon":{"url":"https:\/\/pubeurope.com\/@fr\/114732556881665072","error":""},"_links":{"self":[{"href":"https:\/\/www.europesays.com\/fr\/wp-json\/wp\/v2\/posts\/198072","targetHints":{"allow":["GET"]}}],"collection":[{"href":"https:\/\/www.europesays.com\/fr\/wp-json\/wp\/v2\/posts"}],"about":[{"href":"https:\/\/www.europesays.com\/fr\/wp-json\/wp\/v2\/types\/post"}],"author":[{"embeddable":true,"href":"https:\/\/www.europesays.com\/fr\/wp-json\/wp\/v2\/users\/2"}],"replies":[{"embeddable":true,"href":"https:\/\/www.europesays.com\/fr\/wp-json\/wp\/v2\/comments?post=198072"}],"version-history":[{"count":0,"href":"https:\/\/www.europesays.com\/fr\/wp-json\/wp\/v2\/posts\/198072\/revisions"}],"wp:featuredmedia":[{"embeddable":true,"href":"https:\/\/www.europesays.com\/fr\/wp-json\/wp\/v2\/media\/198073"}],"wp:attachment":[{"href":"https:\/\/www.europesays.com\/fr\/wp-json\/wp\/v2\/media?parent=198072"}],"wp:term":[{"taxonomy":"category","embeddable":true,"href":"https:\/\/www.europesays.com\/fr\/wp-json\/wp\/v2\/categories?post=198072"},{"taxonomy":"post_tag","embeddable":true,"href":"https:\/\/www.europesays.com\/fr\/wp-json\/wp\/v2\/tags?post=198072"}],"curies":[{"name":"wp","href":"https:\/\/api.w.org\/{rel}","templated":true}]}}