{"id":198080,"date":"2025-06-23T12:00:11","date_gmt":"2025-06-23T12:00:11","guid":{"rendered":"https:\/\/www.europesays.com\/fr\/198080\/"},"modified":"2025-06-23T12:00:11","modified_gmt":"2025-06-23T12:00:11","slug":"un-exercice-de-securite-civile-ce-mardi-a-larena-saint-etienne-metropole-de-saint-chamond","status":"publish","type":"post","link":"https:\/\/www.europesays.com\/fr\/198080\/","title":{"rendered":"Un exercice de s\u00e9curit\u00e9 civile ce mardi \u00e0 l&rsquo;Arena Saint-\u00c9tienne M\u00e9tropole de Saint-Chamond\u00a0"},"content":{"rendered":"<p>Mardi 24 juin, la pr\u00e9fecture de la Loire organise un important exercice de s\u00e9curit\u00e9 civile \u00e0 l&rsquo;Arena Saint-\u00c9tienne M\u00e9tropole, \u00e0 Saint-Chamond. Objectif : pr\u00e9parer les services de secours \u00e0 g\u00e9rer une situation extr\u00eame avec de nombreuses victimes dans le cadre d&rsquo;un sc\u00e9nario d&rsquo;attentat de type tuerie de masse.<\/p>\n<p>Il va y avoir du mouvement \u00e0 <b>l&rsquo;Arena Saint-\u00c9tienne M\u00e9tropole de Saint-Chamond<\/b>.<\/p>\n<p>Un exercice NOVI-ATM pour tester la r\u00e9ponse \u00e0 une crise majeure \u00e0 Saint-Chamond<\/p>\n<p>Un important <b>exercice de s\u00e9curit\u00e9 civile<\/b> organis\u00e9 par la <b>pr\u00e9fecture de la Loire<\/b> va se d\u00e9rouler ce\u00a0<b>mardi 24 juin de 13h \u00e0 17h<\/b>. Le site sera <b>ferm\u00e9 au public<\/b> pendant toute la dur\u00e9e de l&rsquo;\u00e9v\u00e9nement.<\/p>\n<p>De nombreux <b>agents <\/b>et des <b>v\u00e9hicules d&rsquo;intervention<\/b> de la <b>gendarmerie<\/b>, de la <b>police nationale<\/b>, des<b> sapeurs-pompiers <\/b>et du <b>SAMU de la Loire<\/b> seront d\u00e9ploy\u00e9s sur la zone de la salle de basket.\u00a0<\/p>\n<p><b>75 sapeurs-pompiers<\/b>, <b>19 personnels d&rsquo;associations agr\u00e9\u00e9es s\u00e9curit\u00e9 civile<\/b> (AASC) ainsi qu&rsquo;une <b>vingtaine de gendarmes <\/b>et<b> membres de la direction interd\u00e9partementale de la police nationale <\/b>(DIPN) seront mobilis\u00e9s.<\/p>\n<p>Cet entra\u00eenement de grande ampleur s&rsquo;inscrit dans le cadre du<b> plan ORSEC <\/b>(Organisation de la R\u00e9ponse de S\u00e9curit\u00e9 Civile)<b>\u00a0<\/b>et de sa <b>disposition NOVI-ATM<\/b> (Nombreuses Victimes-Attentat Tuerie de Masse).<\/p>\n<p>L&rsquo;objectif pour les services de secours sera de se <b>pr\u00e9parer \u00e0 g\u00e9rer une situation extr\u00eame<\/b> avec de nombreuses victimes, dans le cadre d&rsquo;un <b>sc\u00e9nario d&rsquo;attentat <\/b>de type tuerie de masse.<\/p>\n<p>FR-ALERT test\u00e9 en conditions r\u00e9elles autour de l&rsquo;Arena Saint-\u00c9tienne M\u00e9tropole \u00e0 Saint-Chamond<\/p>\n<p>Cet exercice sera aussi l&rsquo;occasion de tester le <b>dispositif FR-ALERT<\/b>, le syst\u00e8me national d&rsquo;alerte par notification t\u00e9l\u00e9phonique.\u00a0<\/p>\n<p>Les <b>habitants <\/b>ou <b>passants situ\u00e9s \u00e0 proximit\u00e9 de l&rsquo;Arena<\/b> pourront ainsi <b>recevoir un message\u00a0<\/b>sur leur t\u00e9l\u00e9phone sans qu&rsquo;<b>aucune action<\/b> ne soit requise de leur part.<\/p>\n<p>Pendant l&rsquo;exercice, des <b>bandes sonores de d\u00e9tonations<\/b> pourront \u00eatre entendues afin de reproduire avec le plus d&rsquo;exactitude possible les<b> conditions d&rsquo;un v\u00e9ritable attentat.<\/b><\/p>\n<p>Anticiper pour mieux r\u00e9agir<\/p>\n<p>Ce type d&rsquo;op\u00e9ration est organis\u00e9 r\u00e9guli\u00e8rement sur des sites sensibles du d\u00e9partement.\u00a0<\/p>\n<p><img loading=\"lazy\" decoding=\"async\" src=\"https:\/\/www.europesays.com\/fr\/wp-content\/uploads\/2025\/06\/1750680011_799_img\" width=\"350\" height=\"200\" border=\"0\" title=\"les gendarmes sont arriv\u00c3\u00a9s rapidement sur les lieux\"\/><\/p>\n<p>\u25baActualit\u00e9<\/p>\n<p style=\"font-size: 22px;\"><b>Exercice attentat dans la Loire : 2 individus prennent d\u2019assaut le lyc\u00e9e de Montbrison<\/b><\/p>\n<p>Deux terroristes retranch\u00e9s dans le lyc\u00e9e Beauregard&#8230;<\/p>\n<p>Il permet de <b>v\u00e9rifier l&rsquo;efficacit\u00e9 des proc\u00e9dures d&rsquo;urgence<\/b> et la <b>coordination entre les diff\u00e9rents services.\u00a0<br \/><\/b><br \/>L&rsquo;\u00c9tat rappelle que l&rsquo;entra\u00eenement des \u00e9quipes de secours est essentiel pour assurer la s\u00e9curit\u00e9 de tous face aux risques majeurs, qu&rsquo;ils soient d&rsquo;origine naturelle, technologique ou terroriste.<img loading=\"lazy\" decoding=\"async\" src=\"https:\/\/www.europesays.com\/fr\/wp-content\/uploads\/2025\/06\/1750680011_628_img\" width=\"350\" height=\"200\" border=\"0\" title=\"La zone de la Gouyonni\u00c3\u00a8re, entre Andr\u00c3\u00a9zieux-Bouth\u00c3\u00a9on et La Fouillouse\"\/><\/p>\n<p>\u25baTrafic<\/p>\n<p style=\"font-size: 22px;\"><b>A72 : coup d&rsquo;envoi des travaux sur l&rsquo;\u00e9changeur de la Gouyonni\u00e8re<\/b><\/p>\n<p>\u00c0 partir de ce lundi 23 juin, la bretelle d&rsquo;entr\u00e9e&#8230;<\/p>\n<p><\/p>\n","protected":false},"excerpt":{"rendered":"Mardi 24 juin, la pr\u00e9fecture de la Loire organise un important exercice de s\u00e9curit\u00e9 civile \u00e0 l&rsquo;Arena Saint-\u00c9tienne&hellip;\n","protected":false},"author":2,"featured_media":198081,"comment_status":"","ping_status":"","sticky":false,"template":"","format":"standard","meta":{"footnotes":""},"categories":[9653],"tags":[1111,11,33756,2430,1777,674,33758,33757,1011,27,3367,12,33759,25,9669,4001],"class_list":{"0":"post-198080","1":"post","2":"type-post","3":"status-publish","4":"format-standard","5":"has-post-thumbnail","7":"category-saint-etienne","8":"tag-actu","9":"tag-actualites","10":"tag-arena-saint-tienne-mtropole","11":"tag-auvergne-rhone-alpes","12":"tag-eu","13":"tag-europe","14":"tag-exercice-fr-alert","15":"tag-exercice-novi-atm","16":"tag-fr","17":"tag-france","18":"tag-loire","19":"tag-news","20":"tag-prfecture-de-la-loire","21":"tag-republique-francaise","22":"tag-saint-chamond","23":"tag-saint-etienne"},"share_on_mastodon":{"url":"https:\/\/pubeurope.com\/@fr\/114732572947468544","error":""},"_links":{"self":[{"href":"https:\/\/www.europesays.com\/fr\/wp-json\/wp\/v2\/posts\/198080","targetHints":{"allow":["GET"]}}],"collection":[{"href":"https:\/\/www.europesays.com\/fr\/wp-json\/wp\/v2\/posts"}],"about":[{"href":"https:\/\/www.europesays.com\/fr\/wp-json\/wp\/v2\/types\/post"}],"author":[{"embeddable":true,"href":"https:\/\/www.europesays.com\/fr\/wp-json\/wp\/v2\/users\/2"}],"replies":[{"embeddable":true,"href":"https:\/\/www.europesays.com\/fr\/wp-json\/wp\/v2\/comments?post=198080"}],"version-history":[{"count":0,"href":"https:\/\/www.europesays.com\/fr\/wp-json\/wp\/v2\/posts\/198080\/revisions"}],"wp:featuredmedia":[{"embeddable":true,"href":"https:\/\/www.europesays.com\/fr\/wp-json\/wp\/v2\/media\/198081"}],"wp:attachment":[{"href":"https:\/\/www.europesays.com\/fr\/wp-json\/wp\/v2\/media?parent=198080"}],"wp:term":[{"taxonomy":"category","embeddable":true,"href":"https:\/\/www.europesays.com\/fr\/wp-json\/wp\/v2\/categories?post=198080"},{"taxonomy":"post_tag","embeddable":true,"href":"https:\/\/www.europesays.com\/fr\/wp-json\/wp\/v2\/tags?post=198080"}],"curies":[{"name":"wp","href":"https:\/\/api.w.org\/{rel}","templated":true}]}}