{"id":198084,"date":"2025-06-23T12:02:51","date_gmt":"2025-06-23T12:02:51","guid":{"rendered":"https:\/\/www.europesays.com\/fr\/198084\/"},"modified":"2025-06-23T12:02:51","modified_gmt":"2025-06-23T12:02:51","slug":"reseau-stan-apres-les-65-ans-et-plus-la-gratuite-bientot-etendue-a-dautres-habitants-mathieu-klein-repond","status":"publish","type":"post","link":"https:\/\/www.europesays.com\/fr\/198084\/","title":{"rendered":"R\u00e9seau Stan. Apr\u00e8s les 65 ans et plus, la gratuit\u00e9 bient\u00f4t \u00e9tendue \u00e0 d&rsquo;autres habitants ? Mathieu Klein r\u00e9pond"},"content":{"rendered":"<p>            Par<br \/>\n        <strong><br \/>\n            <a href=\"https:\/\/actu.fr\/auteur\/amandine-mehl\" title=\"Consulter tous les articles de Amandine Mehl\" rel=\"nofollow noopener\" target=\"_blank\">Amandine Mehl<\/a><br \/>\n        <\/strong><\/p>\n<p>        Publi\u00e9 le<\/p>\n<p>            23 juin 2025 \u00e0 13h19        <\/p>\n<p>\u00c0 compter du <strong>1\u1d49\u02b3 ao\u00fbt\u00a02025<\/strong>, outre <a href=\"https:\/\/actu.fr\/grand-est\/nancy_54395\/reseau-stan-les-prix-des-tickets-de-bus-vont-augmenter-au-1er-aout-2025-dans-le-grand-nancy_62800464.html\" rel=\"nofollow noopener\" target=\"_blank\">les prix des tickets qui vont augmenter<\/a>, les habitants de <a href=\"https:\/\/actu.fr\/grand-est\/nancy_54395\/le-reseau-stan-bientot-gratuit-pour-les-65-ans-et-plus-dans-le-grand-nancy-voici-tout-ce-qu-il-faut-savoir_62804118.html\" rel=\"nofollow noopener\" target=\"_blank\">65\u00a0ans et plus<\/a> pourront <strong>voyager gratuitement<\/strong> dans le <a href=\"https:\/\/actu.fr\/tag\/grand-nancy\" rel=\"nofollow noopener\" target=\"_blank\">Grand Nancy<\/a>, que ce soit via le <a href=\"https:\/\/actu.fr\/tag\/reseau-stan\" rel=\"nofollow noopener\" target=\"_blank\">r\u00e9seau Stan<\/a>\u00a0ou encore les <strong>r\u00e9seaux Sub et TER<\/strong>.<\/p>\n<p class=\" wall-content\">Apr\u00e8s la <a href=\"https:\/\/actu.fr\/grand-est\/nancy_54395\/nancy-la-gratuite-des-bus-et-des-trams-le-week-end-debute-samedi-ce-qu-il-faut-savoir_37906831.html\" rel=\"nofollow noopener\" target=\"_blank\">gratuit\u00e9<\/a> instaur\u00e9e pour toutes et tous chaque week-end en 2020, mais aussi celle mise en place pour <a href=\"https:\/\/actu.fr\/grand-est\/nancy_54395\/nancy-les-bus-et-trams-gratuits-pour-les-moins-de-18-ans-des-mardi-ce-qu-il-faut-savoir_49016163.html\" rel=\"nofollow noopener\" target=\"_blank\">les moins de 18\u00a0ans<\/a> en 2022, la M\u00e9tropole franchit donc une <strong>nouvelle \u00e9tape<\/strong>.<\/p>\n<p class=\" wall-content\"><strong>Va-t-elle s\u2019arr\u00eater l\u00e0<\/strong>\u2009? Son pr\u00e9sident, <strong>Mathieu Klein<\/strong>, a fait le point lors d\u2019une conf\u00e9rence de presse.<\/p>\n<p>La gratuit\u00e9 du r\u00e9seau Stan repr\u00e9sente 4,2\u00a0millions d\u2019euros d\u2019engagement pour le Grand Nancy<\/p>\n<p class=\" wall-content\">Interrog\u00e9 sur la possibilit\u00e9 d\u2019une <strong>future gratuit\u00e9 des transports en commun pour les \u00e9tudiants<\/strong>, M. Klein a d\u00e9clar\u00e9 que rien n\u2019\u00e9tait exclu, mais que ce n\u2019\u00e9tait <strong>pas \u00e0 l\u2019ordre du jour<\/strong>.<\/p>\n<p class=\" wall-content\">\u00ab\u2009Je souhaite proc\u00e9der par \u00e9tapes. Aujourd\u2019hui, nous devons aussi tenir compte de la <strong>capacit\u00e9 d\u2019absorption financi\u00e8re de la gratuit\u00e9 par le Grand Nancy<\/strong>. Les mesures de gratuit\u00e9 repr\u00e9sentent <strong>4,2\u00a0millions d\u2019euros d\u2019engagement pour la M\u00e9tropole<\/strong> sur un total de recettes du r\u00e9seau Stan de <strong>17,5\u00a0millions d\u2019euros<\/strong>\u2009\u00bb, a-t-il poursuivi.<\/p>\n<p>Vid\u00e9os : en ce moment sur ActuMathieu Klein \u00ab\u2009partisan de la gratuit\u00e9\u2009\u00bb<\/p>\n<p class=\" wall-content\">Ainsi, pour envisager une <strong>gratuit\u00e9 totale<\/strong> pour toutes et tous sur le r\u00e9seau Stan, il serait n\u00e9cessaire d\u2019<strong>\u00e9quilibrer le budget des transports<\/strong> avec une subvention au budget annexe des transports de 17,5\u00a0millions d\u2019euros. Cela permettrait notamment de combler le manque \u00e0 gagner du r\u00e9seau Stan.<\/p>\n<p class=\" wall-content\">\u00ab\u2009Je suis \u00e9videmment un <strong>partisan de la gratuit\u00e9<\/strong>, car elle est un outil formidable de renforcement de l\u2019attractivit\u00e9 des transports en commun et de d\u00e9carbonation des transports en g\u00e9n\u00e9ral, mais je me dois de <strong>proc\u00e9der par \u00e9tapes en fonction des moyens que je peux d\u00e9gager pour cette politique<\/strong>\u2009\u00bb, a conclu Mathieu Klein.<\/p>\n<p class=\" wall-content\">Suivez toute l\u2019actualit\u00e9 de vos villes et m\u00e9dias favoris en vous inscrivant \u00e0 <a href=\"https:\/\/moncompte.actu.fr\" title=\"D\u00e9couvez Mon Actu\" rel=\"nofollow noopener\" data-trk=\"{&quot;cta&quot;:{&quot;action&quot;:&quot;https:\\\/\\\/moncompte.actu.fr&quot;,&quot;category&quot;:&quot;mon compte&quot;,&quot;from&quot;:&quot;article footer&quot;,&quot;name&quot;:&quot;Mon actu&quot;,&quot;type&quot;:&quot;cta&quot;}}\" target=\"_blank\">Mon Actu<\/a>.<\/p>\n","protected":false},"excerpt":{"rendered":"Par Amandine Mehl Publi\u00e9 le 23 juin 2025 \u00e0 13h19 \u00c0 compter du 1\u1d49\u02b3 ao\u00fbt\u00a02025, outre les prix&hellip;\n","protected":false},"author":2,"featured_media":198085,"comment_status":"","ping_status":"","sticky":false,"template":"","format":"standard","meta":{"footnotes":""},"categories":[9635],"tags":[1111,11,1777,674,1011,27,775,10375,1702,12,25,9849,104,2803],"class_list":{"0":"post-198084","1":"post","2":"type-post","3":"status-publish","4":"format-standard","5":"has-post-thumbnail","7":"category-nancy","8":"tag-actu","9":"tag-actualites","10":"tag-eu","11":"tag-europe","12":"tag-fr","13":"tag-france","14":"tag-grand-est","15":"tag-grand-nancy","16":"tag-nancy","17":"tag-news","18":"tag-republique-francaise","19":"tag-reseau-stan","20":"tag-societe","21":"tag-transport"},"share_on_mastodon":{"url":"https:\/\/pubeurope.com\/@fr\/114732584426431667","error":""},"_links":{"self":[{"href":"https:\/\/www.europesays.com\/fr\/wp-json\/wp\/v2\/posts\/198084","targetHints":{"allow":["GET"]}}],"collection":[{"href":"https:\/\/www.europesays.com\/fr\/wp-json\/wp\/v2\/posts"}],"about":[{"href":"https:\/\/www.europesays.com\/fr\/wp-json\/wp\/v2\/types\/post"}],"author":[{"embeddable":true,"href":"https:\/\/www.europesays.com\/fr\/wp-json\/wp\/v2\/users\/2"}],"replies":[{"embeddable":true,"href":"https:\/\/www.europesays.com\/fr\/wp-json\/wp\/v2\/comments?post=198084"}],"version-history":[{"count":0,"href":"https:\/\/www.europesays.com\/fr\/wp-json\/wp\/v2\/posts\/198084\/revisions"}],"wp:featuredmedia":[{"embeddable":true,"href":"https:\/\/www.europesays.com\/fr\/wp-json\/wp\/v2\/media\/198085"}],"wp:attachment":[{"href":"https:\/\/www.europesays.com\/fr\/wp-json\/wp\/v2\/media?parent=198084"}],"wp:term":[{"taxonomy":"category","embeddable":true,"href":"https:\/\/www.europesays.com\/fr\/wp-json\/wp\/v2\/categories?post=198084"},{"taxonomy":"post_tag","embeddable":true,"href":"https:\/\/www.europesays.com\/fr\/wp-json\/wp\/v2\/tags?post=198084"}],"curies":[{"name":"wp","href":"https:\/\/api.w.org\/{rel}","templated":true}]}}