{"id":198090,"date":"2025-06-23T12:05:19","date_gmt":"2025-06-23T12:05:19","guid":{"rendered":"https:\/\/www.europesays.com\/fr\/198090\/"},"modified":"2025-06-23T12:05:19","modified_gmt":"2025-06-23T12:05:19","slug":"a-mauguio-le-salmantino-julio-norte-remporte-le-troisieme-trophee-daniel-gimenez","status":"publish","type":"post","link":"https:\/\/www.europesays.com\/fr\/198090\/","title":{"rendered":"\u00c0 Mauguio, le Salmantino Julio Norte remporte le troisi\u00e8me Troph\u00e9e Daniel Gimenez"},"content":{"rendered":"<p>Le Salmantino Julio Norte s&rsquo;est av\u00e9r\u00e9 le plus puesto de cette novillada de la <a href=\"https:\/\/www.laprovence.com\/article\/region\/2737760460137814\/victor-el-mene-et-julio-norte-en-piste-pour-la-romeria-de-mauguio-ce-samedi-21-juin\" target=\"_blank\" rel=\"noopener\">36e Romer\u00eda del Encuentro \u00e0 Mauguio<\/a>, coupant la seule oreille du jour, en perdant au moins une autre avec les \u00e9p\u00e9es avec son second novillo.<\/p>\n<p>Le Saintois Victor est lui aussi pass\u00e9 \u00e0 cot\u00e9 d&rsquo;un pavillon \u00e0 cause des armes \u00e0 son premier, tandis qu&rsquo;El Mene continue d&rsquo;encha\u00eener des festejos sans peine ni gloire.<\/p>\n<p>Le San Sebastian d&rsquo;ouverture s&#8217;emploiera sur ses deux rencontres, avec forces \u00e0 la premi\u00e8re. Julio Norte volera ensuite en allant au quite, avant que les efforts d\u00e9ploy\u00e9s face au cheval ne se fassent payer au dernier tiers.<\/p>\n<p>El Mene essaiera en vain de construire une faena \u00e0 un adversaire qui passera peu \u00e0 peu en mode d\u00e9fensif. L&rsquo;Aragonais d\u00e9butera bien devant un excellent Tardieu, les premi\u00e8res passes \u00e0 genoux, avant de tomber dans l&rsquo;\u00e0 peu pr\u00e8s, passant \u00e0 cot\u00e9 d&rsquo;un novillo qui m\u00e9ritait bien mieux.<\/p>\n<p>Julio Norte au-dessus d&rsquo;un Marg\u00e9 mobile, mais exigeant \u00e0 la muleta<\/p>\n<p>Julio Norte se montrera quant \u00e0 lui au-dessus d&rsquo;un Marg\u00e9 mobile mais exigeant \u00e0 la muleta, donnant des hachazos en sortant du leurre. Le Salmantino insistera pour en tirer le meilleur parti possible, se jetant dans les cornes pour loger une lame enti\u00e8re.<\/p>\n<p>Il recevra son Pag\u00e8s-Mailhan d&rsquo;une larga afarolada, qui vit l&rsquo;excellent casta\u00f1o d\u00e9coller litt\u00e9ralement au-dessus de lui.<\/p>\n","protected":false},"excerpt":{"rendered":"Le Salmantino Julio Norte s&rsquo;est av\u00e9r\u00e9 le plus puesto de cette novillada de la 36e Romer\u00eda del Encuentro&hellip;\n","protected":false},"author":2,"featured_media":198091,"comment_status":"","ping_status":"","sticky":false,"template":"","format":"standard","meta":{"footnotes":""},"categories":[9599],"tags":[17,1111,11,1777,674,1011,27,33386,33760,2208,12,33387,2680,16,6798,25,33761,33762,32098],"class_list":{"0":"post-198090","1":"post","2":"type-post","3":"status-publish","4":"format-standard","5":"has-post-thumbnail","7":"category-montpellier","8":"tag-17","9":"tag-actu","10":"tag-actualites","11":"tag-eu","12":"tag-europe","13":"tag-fr","14":"tag-france","15":"tag-julio","16":"tag-mauguio","17":"tag-montpellier","18":"tag-news","19":"tag-norte","20":"tag-occitanie","21":"tag-region","22":"tag-remporte","23":"tag-republique-francaise","24":"tag-salmantino","25":"tag-troisieme","26":"tag-trophee"},"share_on_mastodon":{"url":"https:\/\/pubeurope.com\/@fr\/114732592264947310","error":""},"_links":{"self":[{"href":"https:\/\/www.europesays.com\/fr\/wp-json\/wp\/v2\/posts\/198090","targetHints":{"allow":["GET"]}}],"collection":[{"href":"https:\/\/www.europesays.com\/fr\/wp-json\/wp\/v2\/posts"}],"about":[{"href":"https:\/\/www.europesays.com\/fr\/wp-json\/wp\/v2\/types\/post"}],"author":[{"embeddable":true,"href":"https:\/\/www.europesays.com\/fr\/wp-json\/wp\/v2\/users\/2"}],"replies":[{"embeddable":true,"href":"https:\/\/www.europesays.com\/fr\/wp-json\/wp\/v2\/comments?post=198090"}],"version-history":[{"count":0,"href":"https:\/\/www.europesays.com\/fr\/wp-json\/wp\/v2\/posts\/198090\/revisions"}],"wp:featuredmedia":[{"embeddable":true,"href":"https:\/\/www.europesays.com\/fr\/wp-json\/wp\/v2\/media\/198091"}],"wp:attachment":[{"href":"https:\/\/www.europesays.com\/fr\/wp-json\/wp\/v2\/media?parent=198090"}],"wp:term":[{"taxonomy":"category","embeddable":true,"href":"https:\/\/www.europesays.com\/fr\/wp-json\/wp\/v2\/categories?post=198090"},{"taxonomy":"post_tag","embeddable":true,"href":"https:\/\/www.europesays.com\/fr\/wp-json\/wp\/v2\/tags?post=198090"}],"curies":[{"name":"wp","href":"https:\/\/api.w.org\/{rel}","templated":true}]}}