{"id":198099,"date":"2025-06-23T12:11:14","date_gmt":"2025-06-23T12:11:14","guid":{"rendered":"https:\/\/www.europesays.com\/fr\/198099\/"},"modified":"2025-06-23T12:11:14","modified_gmt":"2025-06-23T12:11:14","slug":"grenoble-habitants-taxis-et-commercants-enragent-contre-eric-piolle-son-dedain-ca-suffit","status":"publish","type":"post","link":"https:\/\/www.europesays.com\/fr\/198099\/","title":{"rendered":"Grenoble. Habitants, taxis et commer\u00e7ants enragent contre \u00c9ric Piolle : \u00ab\u00a0Son d\u00e9dain, \u00e7a suffit\u00a0\u00bb"},"content":{"rendered":"<p>            Par<br \/>\n        <strong><br \/>\n            <a href=\"https:\/\/actu.fr\/auteur\/julien-sournies\" title=\"Consulter tous les articles de Julien Sournies\" rel=\"nofollow noopener\" target=\"_blank\">Julien Sournies<\/a><br \/>\n        <\/strong><\/p>\n<p>        Publi\u00e9 le<\/p>\n<p>            23 juin 2025 \u00e0 13h54        <\/p>\n<p>\u00ab\u2009On est l\u00e0 pour sauver Grenoble\u2009\u00bb, \u00ab\u2009On est tr\u00e8s d\u00e9\u00e7us de vous monsieur Piolle\u2009\u00bb\u2009: la col\u00e8re contre les projets de r\u00e9am\u00e9nagement urbains en cours ne d\u00e9semplit toujours pas du c\u00f4t\u00e9 des commer\u00e7ants, des habitants ou encore des usagers de la capitale des Alpes.<br \/>Sur les coups de 9\u00a0heures ce lundi 23\u00a0juin 2025, plus d\u2019une centaine de manifestants ont pos\u00e9 leur quartier devant la mairie de <a href=\"https:\/\/actu.fr\/grenoble\/\" rel=\"nofollow noopener\" target=\"_blank\">Grenoble<\/a> (<a href=\"https:\/\/actu.fr\/auvergne-rhone-alpes\/isere_38\" rel=\"nofollow noopener\" target=\"_blank\">Is\u00e8re<\/a>) en marge du <strong>conseil municipal<\/strong> du jour pour mettre un terme \u00e0 une \u00ab\u2009politique des pays de l\u2019Est des ann\u00e9es 1960 qui dure depuis d\u00e9j\u00e0 trop longtemps\u2009\u00bb.<\/p>\n<p>\u00ab\u2009Il y a des quartiers qui sont quasiment morts aujourd\u2019hui\u2009\u00bb<\/p>\n<p class=\" wall-content\">Pour \u00e9viter des <a href=\"https:\/\/actu.fr\/auvergne-rhone-alpes\/grenoble_38185\/grenoble-coup-de-force-des-habitants-en-colere-en-plein-conseil-municipal-la-scene-filmee_62657558.html\" rel=\"nofollow noopener\" target=\"_blank\">d\u00e9bordements similaires \u00e0 ceux survenus lors du pr\u00e9c\u00e9dent conseil municipal<\/a> le 19\u00a0mai dernier, de nombreux policiers ont \u00e9t\u00e9 d\u00e9ploy\u00e9s devant les entr\u00e9es de l\u2019h\u00f4tel de ville. Malgr\u00e9 un important dispositif, les manifestants n\u2019ont pas baiss\u00e9 le ton, <strong>interpellant de vive voix<\/strong> le maire de la ville, <a href=\"https:\/\/actu.fr\/tag\/eric-piolle\" rel=\"nofollow noopener\" target=\"_blank\">\u00c9ric Piolle<\/a>.<\/p>\n<p class=\" wall-content\">\u00ab\u2009Son d\u00e9dain, \u00e7a suffit. Il ne nous \u00e9coute pas. On continuera tant qu\u2019il ne sortira pas ou qu\u2019il n\u2019organisera pas une r\u00e9union avec nous pour discuter de nos dol\u00e9ances. On ne demande pas la lune non plus. Ne serait-ce que baisser une borne ou deux de temps en temps pour acc\u00e9der au centre-ville, ce n\u2019est pas trop demand\u00e9, je trouve\u2009\u00bb, s\u2019exasp\u00e8re Olivier Curto, pr\u00e9sident du collectif Touche pas mon commerce.<\/p>\n<blockquote class=\"ac-article-quote wall-content\">\n<p>La r\u00e9alit\u00e9, c&rsquo;est que cette politique de r\u00e9duction de la voiture et du stationnement touche pratiquement tout le monde maintenant. Il y a des quartiers qui sont quasiment morts aujourd&rsquo;hui.<\/p>\n<p>    <strong>Olivier Curto<\/strong><br \/>\n        Coiffeur \u00e0 Notre-Dame et pr\u00e9sident du collectif Touche pas mon commerce    <\/p><\/blockquote>\n<p>Alain Carignon\u2009: \u00ab\u2009Les gens qui sont l\u00e0 se battent pour leur survie\u2009\u00bb<\/p>\n<p class=\" wall-content\">Venu aupr\u00e8s de ses plus proches partisans, <strong>Alain Carignon<\/strong>, <a href=\"https:\/\/actu.fr\/auvergne-rhone-alpes\/grenoble_38185\/municipales-2026-a-grenoble-alain-carignon-est-candidat-les-grenoblois-meritent-le-meilleur_62735518.html\" rel=\"nofollow noopener\" target=\"_blank\">candidat \u00e0 la mairie de Grenoble en 2026<\/a>, a par ailleurs exprim\u00e9 son soutien \u00e0 toutes les personnes mobilis\u00e9es ce lundi matin. \u00ab\u2009Le constat est devenu alarmant \u00e0 Grenoble\u2009\u00e0 cause des travaux \u00bb, alerte l\u2019ancien \u00e9dile.<\/p>\n<p>    <img   decoding=\"async\" loading=\"lazy\" src=\"https:\/\/www.europesays.com\/fr\/wp-content\/uploads\/2025\/06\/alain-carignon-grenoble-manif-960x640.jpg\" alt=\"Alain Carignon, candidat \u00e0 la mairie de Grenoble en 2026, est venu apporter son soutien aux manifestants ce lundi matin.\" width=\"960\" height=\"640\"\/><br \/>\n    Alain Carignon, candidat \u00e0 la mairie de Grenoble en 2026, est venu apporter son soutien aux manifestants ce lundi matin. (\u00a9Julien Sournies \/ actu Grenoble)<\/p>\n<p class=\" wall-content\">\u00ab\u00a0Nous avons le commerce le plus en difficult\u00e9 de France. Le <a href=\"https:\/\/actu.fr\/auvergne-rhone-alpes\/grenoble_38185\/grenoble-pour-eux-le-commerce-n-est-pas-mort-on-est-une-ville-privilegiee_62646860.html\" rel=\"nofollow noopener\" target=\"_blank\">taux de commerces vacants<\/a> est deux fois sup\u00e9rieur \u00e0 ceux des autres villes. La raison\u2009? \u00c0 Grenoble, nous avons 12\u00a0ans de mandat \u00e9cologiste contre 6 pour toutes les autres\u2009\u00bb, ajoute Alain Carignon.<\/p>\n<p class=\" wall-content\">Et ce dernier de conclure\u2009: \u00ab\u2009Les gens qui sont l\u00e0 se battent pour leur survie. Nous sommes de tout c\u0153ur derri\u00e8re eux. \u00bb<\/p>\n<p>Les taxis s&rsquo;invitent \u00e0 la manifestation<\/p>\n<p>Ils n&rsquo;\u00e9taient pas cens\u00e9s faire part de leurs pr\u00e9sences, mais ils sont quand m\u00eame venus. Un cort\u00e8ge de taxis a bloqu\u00e9 durant quelques minutes le boulevard Jean-Pain devant la mairie. <\/p>\n<p>S&rsquo;ils reconnaissent qu&rsquo;il est \u00ab\u00a0forc\u00e9ment devenu plus difficile de circuler \u00e0 Grenoble face \u00e0 tous ces travaux\u00a0\u00bb, les chauffeurs de taxis sont venus pour une tout autre raison.<\/p>\n<p>Ces derniers regrettent en effet un \u00ab\u00a0manque de reconnaissance\u00a0\u00bb de la Ville \u00e0 leur \u00e9gard. \u00ab\u00a0Alors qu&rsquo;il n&rsquo;y avait plus de transports, ils ont pr\u00e9f\u00e9r\u00e9 vanter les m\u00e9rites des VTC, alors que nous samedi matin, on payait tous une taxe de stationnement de 170 euros. On est r\u00e9volt\u00e9s\u00a0\u00bb, se d\u00e9sole Maurice Nesta, vice-pr\u00e9sident du syndicat des taxis grenoblois.<\/p>\n<p>Voir tout\u00ab\u2009Pourquoi changer un quartier qui marche bien\u2009?\u2009\u00bb<\/p>\n<p class=\" wall-content\">Pr\u00e9sent, lui aussi, en cette matin\u00e9e de protestation, Bernard Mure-Ravaud, c\u00e9l\u00e9brit\u00e9 grenobloise et <a href=\"https:\/\/actu.fr\/auvergne-rhone-alpes\/grenoble_38185\/le-meilleur-fromager-du-monde-est-a-grenoble-je-suis-ne-dans-le-fromage_56432495.html\" rel=\"nofollow noopener\" target=\"_blank\">meilleur fromager du monde en 2007<\/a>, a \u00e9galement tenu \u00e0 faire entendre sa voix. S\u2019il indique que \u00ab\u2009tout va bien pour le moment\u2009\u00bb chez lui, le fromager dresse un bilan \u00ab\u2009d\u00e9solant\u2009\u00bb chez ses homologues des autres quartiers.<\/p>\n<blockquote class=\"ac-article-quote wall-content\">\n<p>Pourquoi changer un quartier qui marche bien ? Pourquoi vouloir supprimer tous ces stationnements ? On le voit dans les autres quartiers frapp\u00e9s par cette r\u00e9duction du stationnement, les commer\u00e7ants ont perdu jusqu&rsquo;\u00e0 40% de chiffre d&rsquo;affaires. Ce n&rsquo;est plus possible, il faut se d\u00e9tendre.<\/p>\n<p>    <strong>Bernard Mure-Ravaud<\/strong><br \/>\n        Commer\u00e7ant de Grenoble et meilleur fromager du monde en 2007    <\/p><\/blockquote>\n<p class=\" wall-content\">M\u00eame s\u2019ils ne sont toujours pas parvenus \u00e0 se faire recevoir par le maire apr\u00e8s deux heures de rassemblement, les manifestants, par l\u2019interm\u00e9diaire du pr\u00e9sident de l\u2019Union de quartier Abbaye-Jouhaux, Jean-No\u00ebl Pusel, le promettent\u2009: \u00ab\u2009Tant que cette mairie sera en place, les <strong>rassemblements continueront<\/strong>. Nous ne nous arr\u00eaterons pas\u2009!\u2009\u00bb<\/p>\n<p>R\u00e9action de la mairie de Grenoble<\/p>\n<p>Sollicit\u00e9e par actu Grenoble, la municipalit\u00e9 grenobloise confirme \u00ab\u00a0qu&rsquo;aucune violence physique n&rsquo;a \u00e9t\u00e9 d\u00e9plor\u00e9e cette fois-ci. Les opposants ont tent\u00e9 de d\u00e9ranger la tenue du conseil en faisant du bruit au bas de la salle, notamment avec un microphone, pendant quelques dizaines de minutes. Nous ne pr\u00e9voyons pas de communiqu\u00e9 ni de r\u00e9action suppl\u00e9mentaire\u00a0\u00bb.<\/p>\n<p class=\" wall-content\">Suivez toute l\u2019actualit\u00e9 de vos villes et m\u00e9dias favoris en vous inscrivant \u00e0 <a href=\"https:\/\/moncompte.actu.fr\" title=\"D\u00e9couvez Mon Actu\" rel=\"nofollow noopener\" data-trk=\"{&quot;cta&quot;:{&quot;action&quot;:&quot;https:\\\/\\\/moncompte.actu.fr&quot;,&quot;category&quot;:&quot;mon compte&quot;,&quot;from&quot;:&quot;article footer&quot;,&quot;name&quot;:&quot;Mon actu&quot;,&quot;type&quot;:&quot;cta&quot;}}\" target=\"_blank\">Mon Actu<\/a>.<\/p>\n","protected":false},"excerpt":{"rendered":"Par Julien Sournies Publi\u00e9 le 23 juin 2025 \u00e0 13h54 \u00ab\u2009On est l\u00e0 pour sauver Grenoble\u2009\u00bb, \u00ab\u2009On est&hellip;\n","protected":false},"author":2,"featured_media":198100,"comment_status":"","ping_status":"","sticky":false,"template":"","format":"standard","meta":{"footnotes":""},"categories":[9566],"tags":[1111,11,2430,215,9607,1777,674,1011,27,2731,1272,12,25,104],"class_list":{"0":"post-198099","1":"post","2":"type-post","3":"status-publish","4":"format-standard","5":"has-post-thumbnail","7":"category-grenoble","8":"tag-actu","9":"tag-actualites","10":"tag-auvergne-rhone-alpes","11":"tag-commerce","12":"tag-eric-piolle","13":"tag-eu","14":"tag-europe","15":"tag-fr","16":"tag-france","17":"tag-grenoble","18":"tag-manifestations","19":"tag-news","20":"tag-republique-francaise","21":"tag-societe"},"share_on_mastodon":{"url":"https:\/\/pubeurope.com\/@fr\/114732615948182331","error":""},"_links":{"self":[{"href":"https:\/\/www.europesays.com\/fr\/wp-json\/wp\/v2\/posts\/198099","targetHints":{"allow":["GET"]}}],"collection":[{"href":"https:\/\/www.europesays.com\/fr\/wp-json\/wp\/v2\/posts"}],"about":[{"href":"https:\/\/www.europesays.com\/fr\/wp-json\/wp\/v2\/types\/post"}],"author":[{"embeddable":true,"href":"https:\/\/www.europesays.com\/fr\/wp-json\/wp\/v2\/users\/2"}],"replies":[{"embeddable":true,"href":"https:\/\/www.europesays.com\/fr\/wp-json\/wp\/v2\/comments?post=198099"}],"version-history":[{"count":0,"href":"https:\/\/www.europesays.com\/fr\/wp-json\/wp\/v2\/posts\/198099\/revisions"}],"wp:featuredmedia":[{"embeddable":true,"href":"https:\/\/www.europesays.com\/fr\/wp-json\/wp\/v2\/media\/198100"}],"wp:attachment":[{"href":"https:\/\/www.europesays.com\/fr\/wp-json\/wp\/v2\/media?parent=198099"}],"wp:term":[{"taxonomy":"category","embeddable":true,"href":"https:\/\/www.europesays.com\/fr\/wp-json\/wp\/v2\/categories?post=198099"},{"taxonomy":"post_tag","embeddable":true,"href":"https:\/\/www.europesays.com\/fr\/wp-json\/wp\/v2\/tags?post=198099"}],"curies":[{"name":"wp","href":"https:\/\/api.w.org\/{rel}","templated":true}]}}