{"id":198105,"date":"2025-06-23T12:14:11","date_gmt":"2025-06-23T12:14:11","guid":{"rendered":"https:\/\/www.europesays.com\/fr\/198105\/"},"modified":"2025-06-23T12:14:11","modified_gmt":"2025-06-23T12:14:11","slug":"alsace-zelensky-annonce-a-strasbourg-mercredi","status":"publish","type":"post","link":"https:\/\/www.europesays.com\/fr\/198105\/","title":{"rendered":"Alsace. Zelensky annonc\u00e9 \u00e0 Strasbourg mercredi"},"content":{"rendered":"<p>Depuis le d\u00e9but de la guerre d\u2019agression \u00e0 grande \u00e9chelle men\u00e9e par la Russie contre l\u2019Ukraine, <a href=\"https:\/\/www.lalsace.fr\/p\/volodymyr-zelensky\" target=\"_blank\" rel=\"nofollow noopener\">Volodymyr Zelensky<\/a> s\u2019est adress\u00e9 plusieurs fois \u00e0 l\u2019Assembl\u00e9e parlementaire du Conseil de l\u2019Europe, mais toujours en visioconf\u00e9rence. Lors du sommet des chefs d\u2019\u00c9tats du Conseil \u00e0 Reykjavik, il y a 2 ans, il \u00e9tait aussi intervenu \u00e0 distance et avait d\u00e9l\u00e9gu\u00e9 son Premier ministre en Islande.<\/p>\n<p>  La cr\u00e9ation d\u2019un tribunal sp\u00e9cial pour juger la Russie<\/p>\n<p>Cette fois, donc, une venue en personne \u00e0 Strasbourg du pr\u00e9sident ukrainien est annonc\u00e9e. Il s\u2019exprimera devant l\u2019Assembl\u00e9e en fin d\u2019apr\u00e8s-midi mercredi, et plus t\u00f4t dans la journ\u00e9e devant le Comit\u00e9 des ministres (qui r\u00e9unit les ambassadeurs des \u00c9tats membres). Ce dernier est en train de finaliser la cr\u00e9ation d\u2019un tribunal sp\u00e9cial charg\u00e9 de juger les crimes commis par la Russie en Ukraine depuis 2022.<\/p>\n<p>La cr\u00e9ation de ce tribunal, soutenue par environ 35 pays et par l\u2019Union europ\u00e9enne, a \u00e9t\u00e9 officiellement valid\u00e9e par les \u00c9tats d\u00e9but mai et se fait sous l\u2019\u00e9gide du Conseil de l\u2019Europe. L\u2019organisation paneurop\u00e9enne, bas\u00e9e \u00e0 Strasbourg, avait exclu la Russie (qui en \u00e9tait membre depuis 1996) d\u00e8s mars\u00a02022, et a depuis pris la t\u00eate de file de la r\u00e9ponse juridique et judiciaire \u00e0 cette guerre. Il a notamment cr\u00e9\u00e9 un registre des dommages, charg\u00e9 de recevoir les plaintes de citoyens ukrainiens pour leurs pertes, humaines et mat\u00e9rielles, dues au conflit. Il a re\u00e7u \u00e0 ce jour 34\u00a0000 plaintes.<\/p>\n<p>  Remobiliser les \u00c9tats dans le soutien \u00e0 l\u2019Ukraine<\/p>\n<p>La veille de sa visite pr\u00e9vue \u00e0 Strasbourg, demain mardi, <a href=\"https:\/\/www.lalsace.fr\/defense-guerre-conflit\/2025\/06\/18\/zelensky-prevoit-d-aller-au-sommet-de-l-otan-pour-promouvoir-l-idee-d-un-cessez-le-feu\" target=\"_blank\" rel=\"nofollow noopener\">Volodymyr Zelensky envisage de se rendre \u00e0 La\u00a0Haye (Pays-Bas) o\u00f9 se d\u00e9roule au sommet de l\u2019Otan<\/a>. L\u2019Ukraine n\u2019est pas membre de l\u2019Otan (c\u2019est justement l\u2019un des sujets de tension historiques avec Moscou), mais le pr\u00e9sident compte participer \u00e0 des \u00e9v\u00e9nements annexes avec les chefs d\u2019\u00c9tats et de gouvernements afin de les remobiliser dans le soutien \u00e0 l\u2019Ukraine, pass\u00e9 \u00e0 l\u2019arri\u00e8re-plan des pr\u00e9occupations internationales depuis le r\u00e9embrasement du Moyen-Orient et l\u2019extension r\u00e9cente du conflit \u00e0 l\u2019Iran.<\/p>\n<p>Ce lundi, Volodymyr Zelensky est \u00e0 Londres pour des rencontres avec le Premier ministre britannique <a href=\"https:\/\/www.lalsace.fr\/p\/keir-starmer\" target=\"_blank\" rel=\"nofollow noopener\">Keir Starmer<\/a> et le roi <a href=\"https:\/\/www.lalsace.fr\/p\/roi-charles-iii\" target=\"_blank\" rel=\"nofollow noopener\">Charles III<\/a>.<\/p>\n","protected":false},"excerpt":{"rendered":"Depuis le d\u00e9but de la guerre d\u2019agression \u00e0 grande \u00e9chelle men\u00e9e par la Russie contre l\u2019Ukraine, Volodymyr Zelensky&hellip;\n","protected":false},"author":2,"featured_media":198106,"comment_status":"","ping_status":"","sticky":false,"template":"","format":"standard","meta":{"footnotes":""},"categories":[2820],"tags":[1111,11,2389,3206,1777,674,107,1011,27,775,12,316,25,640],"class_list":{"0":"post-198105","1":"post","2":"type-post","3":"status-publish","4":"format-standard","5":"has-post-thumbnail","7":"category-strasbourg","8":"tag-actu","9":"tag-actualites","10":"tag-alsace","11":"tag-defense-guerre-conflit","12":"tag-eu","13":"tag-europe","14":"tag-fil-info","15":"tag-fr","16":"tag-france","17":"tag-grand-est","18":"tag-news","19":"tag-politique","20":"tag-republique-francaise","21":"tag-strasbourg"},"share_on_mastodon":{"url":"https:\/\/pubeurope.com\/@fr\/114732627676674000","error":""},"_links":{"self":[{"href":"https:\/\/www.europesays.com\/fr\/wp-json\/wp\/v2\/posts\/198105","targetHints":{"allow":["GET"]}}],"collection":[{"href":"https:\/\/www.europesays.com\/fr\/wp-json\/wp\/v2\/posts"}],"about":[{"href":"https:\/\/www.europesays.com\/fr\/wp-json\/wp\/v2\/types\/post"}],"author":[{"embeddable":true,"href":"https:\/\/www.europesays.com\/fr\/wp-json\/wp\/v2\/users\/2"}],"replies":[{"embeddable":true,"href":"https:\/\/www.europesays.com\/fr\/wp-json\/wp\/v2\/comments?post=198105"}],"version-history":[{"count":0,"href":"https:\/\/www.europesays.com\/fr\/wp-json\/wp\/v2\/posts\/198105\/revisions"}],"wp:featuredmedia":[{"embeddable":true,"href":"https:\/\/www.europesays.com\/fr\/wp-json\/wp\/v2\/media\/198106"}],"wp:attachment":[{"href":"https:\/\/www.europesays.com\/fr\/wp-json\/wp\/v2\/media?parent=198105"}],"wp:term":[{"taxonomy":"category","embeddable":true,"href":"https:\/\/www.europesays.com\/fr\/wp-json\/wp\/v2\/categories?post=198105"},{"taxonomy":"post_tag","embeddable":true,"href":"https:\/\/www.europesays.com\/fr\/wp-json\/wp\/v2\/tags?post=198105"}],"curies":[{"name":"wp","href":"https:\/\/api.w.org\/{rel}","templated":true}]}}