{"id":198114,"date":"2025-06-23T12:19:12","date_gmt":"2025-06-23T12:19:12","guid":{"rendered":"https:\/\/www.europesays.com\/fr\/198114\/"},"modified":"2025-06-23T12:19:12","modified_gmt":"2025-06-23T12:19:12","slug":"un-homme-en-garde-a-vue-pour-une-tentative-de-meurtre-le-soir-de-la-fete-de-la-musique","status":"publish","type":"post","link":"https:\/\/www.europesays.com\/fr\/198114\/","title":{"rendered":"un homme en garde \u00e0 vue pour une tentative de meurtre le soir de la F\u00eate de la musique"},"content":{"rendered":"<p>Il se trouve dans les locaux du commissariat depuis 36h, apr\u00e8s avoir port\u00e9 un grave coup de tesson de bouteille au niveau de la figure et de la gorge d\u2019un individu, dans la nuit de samedi \u00e0 dimanche.<\/p>\n<p class=\"fig-paragraph\">Un individu de 23 ans a \u00e9t\u00e9 plac\u00e9 en garde \u00e0 vue dans la nuit de samedi \u00e0 dimanche pour une tentative de meurtre dans le centre de\u00a0<a href=\"http:\/\/www.lefigaro.fr\/nantes\/nantes-il-n-y-aura-jamais-d-ecologie-sans-les-ecologistes-assurent-les-allies-verts-de-la-maire-socialiste-20250623\" target=\"_blank\" data-fig-type=\"NewsFlash\" rel=\"noopener\" data-gtm-custom-categorie=\"navigation\" data-gtm-custom-action=\"crossclick\" data-gtm-custom-label=\"Contextuel\" data-gtm-event=\"customEventSPE\" data-fig-domain=\"LEFIGARO\">Nantes<\/a>. Lundi matin, ce jeune homme devait \u00eatre auditionn\u00e9 une seconde fois dans les locaux du commissariat pour s\u2019expliquer sur ces faits violents survenus en marge de la\u00a0<a href=\"http:\/\/www.lefigaro.fr\/actualite-france\/vols-avec-violences-rixes-piqures-le-bilan-amer-de-la-fete-de-la-musique-20250622\" target=\"_blank\" data-fig-type=\"NewsFlash\" rel=\"noopener\" data-gtm-custom-categorie=\"navigation\" data-gtm-custom-action=\"crossclick\" data-gtm-custom-label=\"Contextuel\" data-gtm-event=\"customEventSPE\" data-fig-domain=\"LEFIGARO\">F\u00eate de la musique<\/a>.<\/p>\n<p class=\"fig-paragraph\">Selon les premiers \u00e9l\u00e9ments, une brouille aurait \u00e9clat\u00e9 le 22 juin au petit matin, vers 2h, conduisant l\u2019auteur pr\u00e9sum\u00e9 \u00e0 donner un coup de tesson de bouteille au niveau de la figure et de la gorge de la victime. Le mis en cause a pu \u00eatre rapidement interpell\u00e9 le soir m\u00eame par la police, pr\u00e9venue de l\u2019histoire par un passant.\u00a0\u00abOn ne sait pas s\u2019il a ramass\u00e9 un tesson de bouteille ou s\u2019il a cass\u00e9 une bouteille pour en faire un tesson\u00bb, d\u00e9taille une source proche de l\u2019enqu\u00eate. \u00abLes deux protagonistes ne se connaissent pas a priori\u00bb, pr\u00e9cise cette m\u00eame source. La victime, dont le pronostic vital \u00e9tait engag\u00e9 au moment d\u2019\u00eatre conduit \u00e0 l\u2019h\u00f4pital, a re\u00e7u finalement une ITT de 14 jours.<\/p>\n<p>Alcool<\/p>\n<p class=\"fig-paragraph\">D\u00e9sormais, les policiers doivent recouper tous les t\u00e9moignages permettant d\u2019\u00e9lucider cette affaire encore bien floue, qui s\u2019est d\u00e9roul\u00e9e \u00e0 quelques encablures de l\u2019arr\u00eat de tramway Commerce. La consommation d\u2019alcool chez les deux protagonistes doit notamment \u00eatre \u00e9tudi\u00e9e. Selon\u00a0<a href=\"https:\/\/www.ouest-france.fr\/societe\/faits-divers\/un-quadra-victime-dune-tentative-de-meurtre-en-plein-centre-de-nantes-lors-de-la-fete-de-la-musique-4007c5e0-4f58-11f0-8eae-d079c596ca40\" target=\"_blank\" rel=\"noopener\" data-gtm-custom-categorie=\"navigation\" data-gtm-custom-action=\"crossclick\" data-gtm-custom-label=\"Contextuel\" data-gtm-event=\"customEventSPE\">Presse Oc\u00e9an<\/a>, la victime quadrag\u00e9naire a subi une entaille s\u2019\u00e9talant de la glotte \u00e0 l\u2019oreille et des taches de sang t\u00e9moignaient encore de la sc\u00e8ne dimanche matin.<\/p>\n","protected":false},"excerpt":{"rendered":"Il se trouve dans les locaux du commissariat depuis 36h, apr\u00e8s avoir port\u00e9 un grave coup de tesson&hellip;\n","protected":false},"author":2,"featured_media":198115,"comment_status":"","ping_status":"","sticky":false,"template":"","format":"standard","meta":{"footnotes":""},"categories":[2818],"tags":[1111,11,1777,674,462,1011,27,2640,2642,766,2638,2643,2637,2639,2646,2645,2641,2635,2644,2647,12,2636,25,5118],"class_list":{"0":"post-198114","1":"post","2":"type-post","3":"status-publish","4":"format-standard","5":"has-post-thumbnail","7":"category-nantes","8":"tag-actu","9":"tag-actualites","10":"tag-eu","11":"tag-europe","12":"tag-fc-nantes","13":"tag-fr","14":"tag-france","15":"tag-hauts-paves-saint-felix","16":"tag-ile-de-nantes","17":"tag-nantes","18":"tag-nantes-bellevue-chantenay-sainte-anne","19":"tag-nantes-breil-barberie","20":"tag-nantes-centre-ville","21":"tag-nantes-dervallieres-zola","22":"tag-nantes-doulon-bottiere","23":"tag-nantes-erdre","24":"tag-nantes-malakoff-saint-donatien","25":"tag-nantes-metropole","26":"tag-nantes-nord","27":"tag-nantes-sud","28":"tag-news","29":"tag-pays-de-la-loire","30":"tag-republique-francaise","31":"tag-tentative-de-meurtre"},"share_on_mastodon":{"url":"https:\/\/pubeurope.com\/@fr\/114732647266705799","error":""},"_links":{"self":[{"href":"https:\/\/www.europesays.com\/fr\/wp-json\/wp\/v2\/posts\/198114","targetHints":{"allow":["GET"]}}],"collection":[{"href":"https:\/\/www.europesays.com\/fr\/wp-json\/wp\/v2\/posts"}],"about":[{"href":"https:\/\/www.europesays.com\/fr\/wp-json\/wp\/v2\/types\/post"}],"author":[{"embeddable":true,"href":"https:\/\/www.europesays.com\/fr\/wp-json\/wp\/v2\/users\/2"}],"replies":[{"embeddable":true,"href":"https:\/\/www.europesays.com\/fr\/wp-json\/wp\/v2\/comments?post=198114"}],"version-history":[{"count":0,"href":"https:\/\/www.europesays.com\/fr\/wp-json\/wp\/v2\/posts\/198114\/revisions"}],"wp:featuredmedia":[{"embeddable":true,"href":"https:\/\/www.europesays.com\/fr\/wp-json\/wp\/v2\/media\/198115"}],"wp:attachment":[{"href":"https:\/\/www.europesays.com\/fr\/wp-json\/wp\/v2\/media?parent=198114"}],"wp:term":[{"taxonomy":"category","embeddable":true,"href":"https:\/\/www.europesays.com\/fr\/wp-json\/wp\/v2\/categories?post=198114"},{"taxonomy":"post_tag","embeddable":true,"href":"https:\/\/www.europesays.com\/fr\/wp-json\/wp\/v2\/tags?post=198114"}],"curies":[{"name":"wp","href":"https:\/\/api.w.org\/{rel}","templated":true}]}}