{"id":198123,"date":"2025-06-23T12:24:12","date_gmt":"2025-06-23T12:24:12","guid":{"rendered":"https:\/\/www.europesays.com\/fr\/198123\/"},"modified":"2025-06-23T12:24:12","modified_gmt":"2025-06-23T12:24:12","slug":"fermeture-du-centre-social-le-nautilus-communique-des-partenaires","status":"publish","type":"post","link":"https:\/\/www.europesays.com\/fr\/198123\/","title":{"rendered":"Fermeture du Centre Social Le Nautilus : communiqu\u00e9 des partenaires"},"content":{"rendered":"<p>Le Centre Social Le Nautilus, situ\u00e9 dans les quartiers Ouest de Roubaix, est sous administration judiciaire depuis quelques mois. L\u2019administratrice judiciaire a inform\u00e9 les diff\u00e9rents partenaires d\u2019une situation de cessation de paiement imminente. Elle va donc saisir le Tribunal comp\u00e9tent. La liquidation judiciaire devrait sans doute \u00eatre prononc\u00e9e par le tribunal.<\/p>\n<p>Cette situation financi\u00e8re critique est la cons\u00e9quence directe d\u2019un climat social et organisationnel gravement d\u00e9t\u00e9rior\u00e9 : tensions internes, conflits r\u00e9currents, gouvernance fragilis\u00e9e, blocages administratifs, et actes d\u2019intimidation. Ce contexte n\u2019a pas permis d\u2019assurer la continuit\u00e9 des missions ni de pr\u00e9server un cadre conforme aux exigences de s\u00e9curit\u00e9, de transparence, et d\u2019int\u00e9r\u00eat g\u00e9n\u00e9ral.<\/p>\n<p>Depuis plusieurs mois, les partenaires publics (Ville de Roubaix, CAF du Nord, D\u00e9partement du Nord, services de l\u2019\u00c9tat, F\u00e9d\u00e9ration des centres sociaux) ont \u0153uvr\u00e9 collectivement pour r\u00e9tablir un fonctionnement viable : soutien renforc\u00e9, m\u00e9diation, accompagnement technique, dialogue avec les \u00e9quipes. Mais les conditions n\u2019\u00e9taient plus r\u00e9unies pour envisager un redressement de la structure.<\/p>\n<p>Dans ce contexte, le centre social Le Nautilus a ferm\u00e9 ses portes le 19 juin 2025, dans l\u2019attente de la d\u00e9cision de justice concernant la liquidation judiciaire de l\u2019association.<\/p>\n<p><strong>Cette fermeture n\u2019est pas un abandon<\/strong>. Bien au contraire, l\u2019ensemble des partenaires a valid\u00e9 un plan d\u2019action imm\u00e9diat pour assurer la continuit\u00e9 des services d\u00e8s cet \u00e9t\u00e9 2025, autour des axes suivants :<\/p>\n<ul>\n<li>\u00a0<strong>Accueils de loisirs<\/strong> <strong>pour les enfants<\/strong> (3-5 ans, 6-11 ans et 11-17 ans) sur les sites de la ville de Roubaix<\/li>\n<li>Mise en place d\u2019un <strong>dispositif jeunesse 16-25 ans<\/strong>, par la ville (service jeunesse) en partenariat avec les associations locales<\/li>\n<li><strong>Animations<\/strong> de quartier avec les \u00e9ducateurs sportifs municipaux<\/li>\n<li><strong>Accompagnement renforc\u00e9<\/strong> au quartier de l\u2019\u00c9peule dans les actions financ\u00e9es dans le cadre des projets \u00ab Quartiers d\u2019\u00e9t\u00e9 \u00bb et \u00ab Vacances pour tous \u00bb afin d\u2019animer le quartier au cours de la p\u00e9riode estivale<\/li>\n<li>L\u2019accompagnement \u00e0 l\u2019<strong>insertion professionnelle<\/strong> ne sera pas abandonn\u00e9. Le d\u00e9partement avec les partenaires est en travail pour proposer une suite dans le quartier.<\/li>\n<li><strong>Cr\u00e9ation d\u2019un poste de coordination et d\u2019animation locale<\/strong>, d\u00e8s septembre 2025, pour permettre aux associations et aux collectifs d\u2019habitants de continuer et de d\u00e9velopper leurs activit\u00e9s sur le quartier.<\/li>\n<li>La <strong>r\u00e9affectation du b\u00e2timent \u00e0 des usages collectifs<\/strong> sera mis en r\u00e9flexion d\u00e8s le mois de septembre, dans le cadre d\u2019une concertation \u00e0 mener avec les associations, les habitants, la ville et ses partenaires.<\/li>\n<\/ul>\n<p>Une <strong>r\u00e9union d\u2019information aura lieu le 24 juin<\/strong> avec les habitants et adh\u00e9rents du centre social pour expliquer collectivement la situation, le plan alternatif, et les perspectives de relance du lien social sur le quartier. Des \u00e9l\u00e9ments plus pr\u00e9cis sur les actions propos\u00e9es seront communiqu\u00e9s lors de cette rencontre.<\/p>\n<p>Les partenaires r\u00e9affirment leur engagement commun en faveur de la coh\u00e9sion sociale, de la solidarit\u00e9 de proximit\u00e9 et du respect des habitants.<\/p>\n<p><strong>Signataires : l\u2019\u00c9tat \u2013 La Caisse d\u2019Allocations Familiales \u2013 La Ville de Roubaix \u2013 La F\u00e9d\u00e9ration des Centres Sociaux<\/strong><\/p>\n","protected":false},"excerpt":{"rendered":"Le Centre Social Le Nautilus, situ\u00e9 dans les quartiers Ouest de Roubaix, est sous administration judiciaire depuis quelques&hellip;\n","protected":false},"author":2,"featured_media":198124,"comment_status":"","ping_status":"","sticky":false,"template":"","format":"standard","meta":{"footnotes":""},"categories":[2815],"tags":[1111,11,33765,1777,674,1011,27,811,4075,1307,12,25,3400],"class_list":{"0":"post-198123","1":"post","2":"type-post","3":"status-publish","4":"format-standard","5":"has-post-thumbnail","7":"category-lille","8":"tag-actu","9":"tag-actualites","10":"tag-centre-social","11":"tag-eu","12":"tag-europe","13":"tag-fr","14":"tag-france","15":"tag-hauts-de-france","16":"tag-jeunesse","17":"tag-lille","18":"tag-news","19":"tag-republique-francaise","20":"tag-solidarite"},"share_on_mastodon":{"url":"https:\/\/pubeurope.com\/@fr\/114732667215279992","error":""},"_links":{"self":[{"href":"https:\/\/www.europesays.com\/fr\/wp-json\/wp\/v2\/posts\/198123","targetHints":{"allow":["GET"]}}],"collection":[{"href":"https:\/\/www.europesays.com\/fr\/wp-json\/wp\/v2\/posts"}],"about":[{"href":"https:\/\/www.europesays.com\/fr\/wp-json\/wp\/v2\/types\/post"}],"author":[{"embeddable":true,"href":"https:\/\/www.europesays.com\/fr\/wp-json\/wp\/v2\/users\/2"}],"replies":[{"embeddable":true,"href":"https:\/\/www.europesays.com\/fr\/wp-json\/wp\/v2\/comments?post=198123"}],"version-history":[{"count":0,"href":"https:\/\/www.europesays.com\/fr\/wp-json\/wp\/v2\/posts\/198123\/revisions"}],"wp:featuredmedia":[{"embeddable":true,"href":"https:\/\/www.europesays.com\/fr\/wp-json\/wp\/v2\/media\/198124"}],"wp:attachment":[{"href":"https:\/\/www.europesays.com\/fr\/wp-json\/wp\/v2\/media?parent=198123"}],"wp:term":[{"taxonomy":"category","embeddable":true,"href":"https:\/\/www.europesays.com\/fr\/wp-json\/wp\/v2\/categories?post=198123"},{"taxonomy":"post_tag","embeddable":true,"href":"https:\/\/www.europesays.com\/fr\/wp-json\/wp\/v2\/tags?post=198123"}],"curies":[{"name":"wp","href":"https:\/\/api.w.org\/{rel}","templated":true}]}}