{"id":198132,"date":"2025-06-23T12:29:11","date_gmt":"2025-06-23T12:29:11","guid":{"rendered":"https:\/\/www.europesays.com\/fr\/198132\/"},"modified":"2025-06-23T12:29:11","modified_gmt":"2025-06-23T12:29:11","slug":"cette-nouvelle-ligne-tcl-mise-en-service-mardi","status":"publish","type":"post","link":"https:\/\/www.europesays.com\/fr\/198132\/","title":{"rendered":"cette nouvelle ligne TCL mise en service mardi"},"content":{"rendered":"<p>            Par<br \/>\n        <strong><br \/>\n            <a href=\"https:\/\/actu.fr\/auteur\/nicolas-zaugra\" title=\"Consulter tous les articles de Nicolas Zaugra\" target=\"_blank\" rel=\"noopener\">Nicolas Zaugra<\/a><br \/>\n        <\/strong><\/p>\n<p>        Publi\u00e9 le<\/p>\n<p>            23 juin 2025 \u00e0 14h00        <\/p>\n<p>Une toute <strong>nouvelle ligne de bus TCL<\/strong> va s\u2019ajouter au r\u00e9seau ce mardi 24 juin 2025. Avec un jour de retard, en raison de la <a href=\"https:\/\/actu.fr\/auvergne-rhone-alpes\/lyon_69123\/lyon-une-greve-massive-va-toucher-les-bus-tcl-ce-lundi-voici-a-quoi-s-attendre_62807234.html\" target=\"_blank\" rel=\"noopener\">gr\u00e8ve massive qui touche les lignes de bus<\/a> ce lundi. La future <a href=\"https:\/\/actu.fr\/auvergne-rhone-alpes\/lyon_69123\/tcl-a-lyon-un-nouveau-bus-pour-secourir-cette-ligne-completement-saturee-voici-quand_62747585.html\" target=\"_blank\" rel=\"noopener\">ligne C23<\/a> va venir soulager la <a href=\"https:\/\/actu.fr\/auvergne-rhone-alpes\/lyon_69123\/tcl-a-lyon-cette-importante-ligne-de-bus-surfrequentee-et-saturee-on-va-l-ameliorer_62513366.html\" target=\"_blank\" rel=\"noopener\">C3 au bord de la rupture<\/a> en raison d\u2019une fr\u00e9quentation de plus en plus forte. <a href=\"https:\/\/actu.fr\/auvergne-rhone-alpes\/lyon_69123\/lyon-tcl-metros-grands-projets-bruno-bernard-repond-aux-critiques-et-fait-des-annonces_62734952.html\" target=\"_blank\" rel=\"noopener\">Bruno Bernard<\/a>, pr\u00e9sident de la M\u00e9tropole, les maires de Villeurbanne et de Lyon, ont pr\u00e9sent\u00e9 cette nouvelle offre avant sa mise en service.<\/p>\n<p>Une nouvelle ligne entre Villeurbanne et la cit\u00e9 internationale de Lyon<\/p>\n<p class=\" wall-content\">Cette nouvelle ligne de bus \u00e0 haut niveau de service (qui remplace la C5) part de Villeurbanne en desservant Flachet \u00e0 quelques pas de la station de m\u00e9tro (ligne A) puis passe par les quartiers de Grandcl\u00e9ment et La Perrali\u00e8re.\u00a0<\/p>\n<p class=\" wall-content\">\u00ab\u00a0Il y a un r\u00e9\u00e9quilibrage de l\u2019offre de transports entre Villeurbanne et Lyon\u00a0\u00bb, se satisfait le maire C\u00e9dric Van Styvendael.\u00a0<\/p>\n<p class=\" wall-content\">\u00ab\u00a0C\u2019est une nouvelle ligne importante qui va permettre d\u2019avoir une fr\u00e9quence de 2 minutes en heure de pointe entre la Part-Dieu et Cordeliers en Presqu\u2019\u00eele de Lyon\u00a0\u00bb, se f\u00e9licite Bruno Bernard, pr\u00e9sident de la M\u00e9tropole et du Sytral.\u00a0<\/p>\n<p>    <img   decoding=\"async\" loading=\"lazy\" src=\"https:\/\/www.europesays.com\/fr\/wp-content\/uploads\/2025\/06\/nouvelle-ligne-c23-tcl-lyon-960x640.jpg\" alt=\"La carte de la nouvelle ligne C23 du r\u00e9seau TCL.\" width=\"960\" height=\"640\"\/><br \/>\n    La carte de la nouvelle ligne C23 du r\u00e9seau TCL. (\u00a9TCL)<\/p>\n<p class=\" wall-content\">La C23 emprunte en effet en partie le m\u00eame parcours que la C3 sur le cours Tolstoi et Lafayette ce qui permet de renforcer la fr\u00e9quence des bus sur cet axe majeur. Le Sytral promet \u00ab\u00a0+30% de capacit\u00e9s et +50% de fr\u00e9quences\u00a0\u00bb entre Cordeliers et Part-Dieu.<\/p>\n<p class=\" wall-content\">Les arr\u00eats suivants sont donc aussi desservis par C23 : Cordeliers, Saxe-Lafayette, Halles Paul Bocuse, Part-Dieu Jules Favre, Thiers-Lafayette, Charmettes, Institut d\u2019Art Contemporain.<\/p>\n<p>La Presqu\u2019\u00eele et le parc de la T\u00eate d\u2019or mieux desservis<\/p>\n<p class=\" wall-content\">La ligne va aussi permettre de mieux desservir la Presqu\u2019\u00eele. \u00ab\u00a0Avec la mise en place de la Zone \u00e0 trafic limit\u00e9, l\u2019offre de bus est revue et il fallait desservir le secteur H\u00f4tel de ville\u00a0\u00bb, rappelle Bruno Bernard. La C23 passe donc en rive droite du Rh\u00f4ne avec des arr\u00eats Pont de Lattre Rive Droite et H\u00f4tel de Ville.<\/p>\n<p class=\" wall-content\">Le nord du 1er et le 6e arrondissement sont aussi int\u00e9gr\u00e9s dans la ligne avec des arr\u00eats \u00e0 Parc T\u00eate d\u2019Or Churchill et Pont Churchill Rive Droite. La ligne s\u2019ach\u00e8ve ensuite \u00e0 la cit\u00e9 internationale et au niveau du parc de la T\u00eate d\u2019or avec trois arr\u00eats : Interpol, Mus\u00e9e d\u2019Art Contemporain et Cit\u00e9 Internationale.<\/p>\n<p>    <img   decoding=\"async\" loading=\"lazy\" src=\"https:\/\/www.europesays.com\/fr\/wp-content\/uploads\/2025\/06\/bus-tcl-lyon-960x640.jpg\" alt=\"Les bus TCL seront touch\u00e9s par une gr\u00e8ve tr\u00e8s importante ce lundi.\" width=\"960\" height=\"640\"\/><br \/>\n    L\u2019un des bus de la ligne C23 ici \u00e0 l\u2019arr\u00eat Flachet \u00e0 Villeurbanne. (\u00a9Nicolas Zaugra\/ actu Lyon)La ligne C3 am\u00e9lior\u00e9e et renomm\u00e9e en septembre 2025<\/p>\n<p class=\" wall-content\">La ligne C3, la plus fr\u00e9quent\u00e9e du r\u00e9seau, sera d\u2019ailleurs \u00ab\u00a0am\u00e9lior\u00e9e\u00a0\u00bb en septembre 2025, selon Bruno Bernard.\u00a0<\/p>\n<p class=\" wall-content\">\u00ab\u00a0La ligne <a href=\"https:\/\/actu.fr\/auvergne-rhone-alpes\/lyon_69123\/tcl-a-lyon-le-futur-nom-de-la-ligne-de-bus-c3-provoque-des-remous-et-en-agace-plus-d-un_62761243.html\" target=\"_blank\" rel=\"noopener\">deviendra TB11<\/a> entre Saint-Paul et Laurent-Bonnevay et sera prolong\u00e9e jusqu\u2019\u00e0 1h du matin. Les stations seront \u00e9galement relook\u00e9es.\u00a0\u00bb<\/p>\n<p class=\" wall-content\">Suivez toute l\u2019actualit\u00e9 de vos villes et m\u00e9dias favoris en vous inscrivant \u00e0 <a href=\"https:\/\/moncompte.actu.fr\" title=\"D\u00e9couvez Mon Actu\" rel=\"nofollow noopener\" data-trk=\"{&quot;cta&quot;:{&quot;action&quot;:&quot;https:\\\/\\\/moncompte.actu.fr&quot;,&quot;category&quot;:&quot;mon compte&quot;,&quot;from&quot;:&quot;article footer&quot;,&quot;name&quot;:&quot;Mon actu&quot;,&quot;type&quot;:&quot;cta&quot;}}\" target=\"_blank\">Mon Actu<\/a>.<\/p>\n","protected":false},"excerpt":{"rendered":"Par Nicolas Zaugra Publi\u00e9 le 23 juin 2025 \u00e0 14h00 Une toute nouvelle ligne de bus TCL va&hellip;\n","protected":false},"author":2,"featured_media":198133,"comment_status":"","ping_status":"","sticky":false,"template":"","format":"standard","meta":{"footnotes":""},"categories":[1889],"tags":[1111,11,2430,5921,1777,674,1011,27,4999,2428,12,25,104,5787],"class_list":{"0":"post-198132","1":"post","2":"type-post","3":"status-publish","4":"format-standard","5":"has-post-thumbnail","7":"category-lyon","8":"tag-actu","9":"tag-actualites","10":"tag-auvergne-rhone-alpes","11":"tag-bruno-bernard","12":"tag-eu","13":"tag-europe","14":"tag-fr","15":"tag-france","16":"tag-keolis","17":"tag-lyon","18":"tag-news","19":"tag-republique-francaise","20":"tag-societe","21":"tag-transports-en-commun-lyonnais-tcl"},"share_on_mastodon":{"url":"https:\/\/pubeurope.com\/@fr\/114732687054852638","error":""},"_links":{"self":[{"href":"https:\/\/www.europesays.com\/fr\/wp-json\/wp\/v2\/posts\/198132","targetHints":{"allow":["GET"]}}],"collection":[{"href":"https:\/\/www.europesays.com\/fr\/wp-json\/wp\/v2\/posts"}],"about":[{"href":"https:\/\/www.europesays.com\/fr\/wp-json\/wp\/v2\/types\/post"}],"author":[{"embeddable":true,"href":"https:\/\/www.europesays.com\/fr\/wp-json\/wp\/v2\/users\/2"}],"replies":[{"embeddable":true,"href":"https:\/\/www.europesays.com\/fr\/wp-json\/wp\/v2\/comments?post=198132"}],"version-history":[{"count":0,"href":"https:\/\/www.europesays.com\/fr\/wp-json\/wp\/v2\/posts\/198132\/revisions"}],"wp:featuredmedia":[{"embeddable":true,"href":"https:\/\/www.europesays.com\/fr\/wp-json\/wp\/v2\/media\/198133"}],"wp:attachment":[{"href":"https:\/\/www.europesays.com\/fr\/wp-json\/wp\/v2\/media?parent=198132"}],"wp:term":[{"taxonomy":"category","embeddable":true,"href":"https:\/\/www.europesays.com\/fr\/wp-json\/wp\/v2\/categories?post=198132"},{"taxonomy":"post_tag","embeddable":true,"href":"https:\/\/www.europesays.com\/fr\/wp-json\/wp\/v2\/tags?post=198132"}],"curies":[{"name":"wp","href":"https:\/\/api.w.org\/{rel}","templated":true}]}}