{"id":198140,"date":"2025-06-23T12:33:13","date_gmt":"2025-06-23T12:33:13","guid":{"rendered":"https:\/\/www.europesays.com\/fr\/198140\/"},"modified":"2025-06-23T12:33:13","modified_gmt":"2025-06-23T12:33:13","slug":"cardi-b-en-cow-girl-a-paris-pour-applaudir-beyonce","status":"publish","type":"post","link":"https:\/\/www.europesays.com\/fr\/198140\/","title":{"rendered":"Cardi B en cow-girl \u00e0 Paris pour applaudir Beyonc\u00e9"},"content":{"rendered":"<p>M\u00eame les plus grandes stars ne r\u00e9sistent pas \u00e0 l\u2019appel du <a href=\"https:\/\/www.parismatch.com\/culture\/musique\/parade-de-cow-boys-et-duo-iconique-avec-miley-cyrus-au-concert-de-beyonce-au-stade-de-france-253033\" rel=\"nofollow noopener\" target=\"_blank\" data-ylk=\"slk:\u00ab\u00a0Cowboy Carter Tour\u00a0\u00bb;elm:context_link;itc:0;sec:content-canvas\" class=\"link \">\u00ab\u00a0Cowboy Carter Tour\u00a0\u00bb<\/a>. Ce dimanche 22 juin, Cardi B a \u00e9t\u00e9 aper\u00e7ue au Stade de France \u00e0 l\u2019occasion de la derni\u00e8re date parisienne de la tourn\u00e9e de Beyonc\u00e9. Venue soutenir Queen B, la rappeuse am\u00e9ricaine a fait sensation dans son look de cow-girl, pile dans le th\u00e8me du concert. Pour l&rsquo;occasion, l&rsquo;artiste de 32\u00a0ans avait opt\u00e9 pour une veste en cuir et un body \u00e0 franges assorti, cintr\u00e9 par une ceinture. Sur sa t\u00eate, un chapeau de cow-boy en fourrure blanche et une longue perruque blonde. \u00c0 ses pieds, des bottes au style western.<\/p>\n<p>Avant de rejoindre le stade, <a href=\"https:\/\/www.parismatch.com\/bio\/cardi-b\" rel=\"nofollow noopener\" target=\"_blank\" data-ylk=\"slk:Cardi B;elm:context_link;itc:0;sec:content-canvas\" class=\"link \">Cardi B<\/a> a ainsi pris la pose dans les rues de Paris, affichant fi\u00e8rement son look. Une fois install\u00e9e dans les gradins, la chanteuse de \u00ab\u00a0Please Me\u00a0\u00bb s\u2019est film\u00e9e en train de danser et de chanter sur Instagram, visiblement ravie du concert. Et il y avait de quoi, pour cette derni\u00e8re date parisienne Beyonc\u00e9 a r\u00e9serv\u00e9 une grande surprise \u00e0 ses fans avec l\u2019apparition de <a href=\"https:\/\/www.parismatch.com\/people\/soiree-pizza-en-amoureux-pour-beyonce-et-jay-z-240796\" rel=\"nofollow noopener\" target=\"_blank\" data-ylk=\"slk:son mari Jay-Z;elm:context_link;itc:0;sec:content-canvas\" class=\"link \">son mari Jay-Z<\/a> sur sc\u00e8ne.<\/p>\n<p>Cardi B en France pour pr\u00e9senter son single<\/p>\n<p>Apr\u00e8s s\u2019\u00eatre enflamm\u00e9e pendant pr\u00e8s de trois heures au rythme des titres de \u00ab\u00a0Cowboy Carter\u00a0\u00bb, Cardi B a troqu\u00e9 son look western pour une tenue streetwear. <a href=\"https:\/\/www.parismatch.com\/people\/victime-dun-canular-telephonique-cardi-b-veut-poursuivre-les-coupables-en-justice-242899\" rel=\"nofollow noopener\" target=\"_blank\" data-ylk=\"slk:La rappeuse am\u00e9ricaine;elm:context_link;itc:0;sec:content-canvas\" class=\"link \">La rappeuse am\u00e9ricaine<\/a> a ensuite poursuivi sa soir\u00e9e dans la capitale avec un d\u00eener entre amis. Quelques jours plus t\u00f4t, le 20\u00a0juin, elle d\u00e9voilait son premier single de l\u2019ann\u00e9e, \u00ab\u00a0Outside\u00a0\u00bb, pr\u00e9sent\u00e9 en avant-premi\u00e8re lors d\u2019un \u00e9v\u00e9nement Spotify \u00e0 Cannes.<\/p>\n<p>\u00c0 lire aussi <a href=\"https:\/\/www.parismatch.com\/People\/jay-z-et-blue-ivy-de-sortie-a-paris-avant-larrivee-de-beyonce-au-stade-de-france-252999\" rel=\"nofollow noopener\" target=\"_blank\" data-ylk=\"slk:Jay...;elm:context_link;itc:0;sec:content-canvas\" class=\"link \">Jay&#8230;<\/a><\/p>\n<p><a href=\"https:\/\/www.parismatch.com\/People\/cardi-b-en-cow-girl-a-paris-pour-applaudir-beyonce-253149?at_medium=affiliate&amp;at_campaign=Yahoo\" rel=\"nofollow noopener\" target=\"_blank\" data-ylk=\"slk:Lire la suite sur ParisMatch;elm:context_link;itc:0;sec:content-canvas\" class=\"link \">Lire la suite sur ParisMatch<\/a><\/p>\n","protected":false},"excerpt":{"rendered":"M\u00eame les plus grandes stars ne r\u00e9sistent pas \u00e0 l\u2019appel du \u00ab\u00a0Cowboy Carter Tour\u00a0\u00bb. Ce dimanche 22 juin,&hellip;\n","protected":false},"author":2,"featured_media":198141,"comment_status":"","ping_status":"","sticky":false,"template":"","format":"standard","meta":{"footnotes":""},"categories":[1888],"tags":[1111,1928,11,1927,7362,33768,33769,1777,674,1011,27,12,1926,626,1925,25,33770,14478],"class_list":{"0":"post-198140","1":"post","2":"type-post","3":"status-publish","4":"format-standard","5":"has-post-thumbnail","7":"category-paris","8":"tag-actu","9":"tag-actu-paris","10":"tag-actualites","11":"tag-actualites-paris","12":"tag-beyonce","13":"tag-cardi-b","14":"tag-cowboy-carter","15":"tag-eu","16":"tag-europe","17":"tag-fr","18":"tag-france","19":"tag-news","20":"tag-news-paris","21":"tag-paris","22":"tag-paris-news","23":"tag-republique-francaise","24":"tag-rues-de-paris","25":"tag-stade-de-france"},"share_on_mastodon":{"url":"https:\/\/pubeurope.com\/@fr\/114732702314782003","error":""},"_links":{"self":[{"href":"https:\/\/www.europesays.com\/fr\/wp-json\/wp\/v2\/posts\/198140","targetHints":{"allow":["GET"]}}],"collection":[{"href":"https:\/\/www.europesays.com\/fr\/wp-json\/wp\/v2\/posts"}],"about":[{"href":"https:\/\/www.europesays.com\/fr\/wp-json\/wp\/v2\/types\/post"}],"author":[{"embeddable":true,"href":"https:\/\/www.europesays.com\/fr\/wp-json\/wp\/v2\/users\/2"}],"replies":[{"embeddable":true,"href":"https:\/\/www.europesays.com\/fr\/wp-json\/wp\/v2\/comments?post=198140"}],"version-history":[{"count":0,"href":"https:\/\/www.europesays.com\/fr\/wp-json\/wp\/v2\/posts\/198140\/revisions"}],"wp:featuredmedia":[{"embeddable":true,"href":"https:\/\/www.europesays.com\/fr\/wp-json\/wp\/v2\/media\/198141"}],"wp:attachment":[{"href":"https:\/\/www.europesays.com\/fr\/wp-json\/wp\/v2\/media?parent=198140"}],"wp:term":[{"taxonomy":"category","embeddable":true,"href":"https:\/\/www.europesays.com\/fr\/wp-json\/wp\/v2\/categories?post=198140"},{"taxonomy":"post_tag","embeddable":true,"href":"https:\/\/www.europesays.com\/fr\/wp-json\/wp\/v2\/tags?post=198140"}],"curies":[{"name":"wp","href":"https:\/\/api.w.org\/{rel}","templated":true}]}}