{"id":198148,"date":"2025-06-23T12:37:14","date_gmt":"2025-06-23T12:37:14","guid":{"rendered":"https:\/\/www.europesays.com\/fr\/198148\/"},"modified":"2025-06-23T12:37:14","modified_gmt":"2025-06-23T12:37:14","slug":"lattention-portee-a-lukraine-samenuise-la-guerre-israel-iran-une-aubaine-pour-poutine","status":"publish","type":"post","link":"https:\/\/www.europesays.com\/fr\/198148\/","title":{"rendered":"\u00ab\u00a0L&rsquo;attention port\u00e9e \u00e0 l&rsquo;Ukraine s&rsquo;amenuise\u00a0\u00bb : la guerre Isra\u00ebl-Iran, une aubaine pour Poutine ?"},"content":{"rendered":"<ul class=\"jsx-862013697 ArticleChapo__List\">\n<li class=\"jsx-862013697 ArticleChapo__List_Item flex\">Moscou a fermement condamn\u00e9 les frappes am\u00e9ricaines du week-end dernier contre T\u00e9h\u00e9ran, son principal alli\u00e9 au Proche-Orient.<\/li>\n<li class=\"jsx-862013697 ArticleChapo__List_Item flex\">Vladimir Poutine, qui se pose en m\u00e9diateur, re\u00e7oit ce lundi le chef de la diplomatie iranienne.<\/li>\n<li class=\"jsx-862013697 ArticleChapo__List_Item flex\">TF1info a interrog\u00e9 Igor Delano\u00eb, sp\u00e9cialiste de la g\u00e9opolitique russe, pour en savoir plus sur les enjeux de cette rencontre.<\/li>\n<\/ul>\n<p><a href=\"https:\/\/www.tf1info.fr\/actualite\/israel-frappe-l-iran-qui-promet-une-riposte-d-ampleur-operation-rising-lion-sites-civils-et-militaires-nucleaires-14305\/\" rel=\"noopener\" class=\"jsx-484472199 Link jsx-1428418400 jsx-554215408\" target=\"_blank\"><\/p>\n<p style=\"font-weight:400\" class=\"jsx-1837267516\">Suivez la couverture compl\u00e8te<\/p>\n<p style=\"font-weight:800\" class=\"jsx-1837267516\">Guerre Isra\u00ebl-Iran : les \u00c9tats-Unis ont frapp\u00e9<\/p>\n<p><\/a><\/p>\n<p data-module=\"article-paragraph\" class=\"jsx-3046738180 Paragraph\">Vladimir Poutine a qualifi\u00e9 <a href=\"https:\/\/www.tf1info.fr\/international\/guerre-israel-iran-voici-les-trois-sites-nucleaires-frappes-cette-nuit-par-les-etats-unis-ispahan-fordo-natanz-2378426.html\" target=\"_blank\" rel=\"noopener\">les frappes am\u00e9ricaines (nouvelle fen\u00eatre)<\/a> conduites par des avions bombardiers furtifs, dimanche 22 juin, contre trois sites du programme nucl\u00e9aire iranien \u00ab\u00a0d&rsquo;agression non provoqu\u00e9e\u00a0\u00bb, sans \u00ab\u00a0fondement\u00a0\u00bb ni \u00ab\u00a0justification\u00a0\u00bb. Le ma\u00eetre du Kremlin a re\u00e7u ce lundi \u00e0 Moscou le minist\u00e8re iranien des Affaires \u00e9trang\u00e8res, sans toutefois offrir publiquement d&rsquo;aide militaire \u00e0 T\u00e9h\u00e9ran \u00e0 ce stade.<\/p>\n<p data-module=\"article-paragraph\" class=\"jsx-3046738180 Paragraph Paragraph__End\">\u00ab\u00a0Il est peu probable que la Russie apporte un soutien militaire \u00e0 l&rsquo;Iran, car le Kremlin cherche \u00e0 conserver une forme d&rsquo;\u00e9quidistance entre les bellig\u00e9rants. Cette posture vise \u00e0 lui donner les moyens de jouer un r\u00f4le de m\u00e9diateur le moment venu, ce qu&rsquo;elle pourrait difficilement faire si elle venait \u00e0 appuyer militairement l&rsquo;Iran, chose qu&rsquo;elle ne peut pas r\u00e9ellement se permettre de toute fa\u00e7on\u00a0\u00bb, estime pour TF1info Igor Delano\u00eb, chercheur associ\u00e9 \u00e0 l&rsquo;Institut de relations internationales et strat\u00e9giques (Iris) et sp\u00e9cialiste de la g\u00e9opolitique russe.\u00a0<\/p>\n<blockquote class=\"jsx-2786790838 Quote__Text\"><p>\u00c0 ce stade du conflit, la Russie a d\u00e9j\u00e0 engrang\u00e9 des b\u00e9n\u00e9fices<\/p><\/blockquote>\n<p>Igor Delano\u00eb<\/p>\n<p data-module=\"article-paragraph\" class=\"jsx-3046738180 Paragraph Paragraph__End\">D\u00e8s le 13 juin, au premier jour des frappes isra\u00e9liennes contre l&rsquo;Iran, Vladimir Poutine s&rsquo;\u00e9tait dit pr\u00eat \u00e0 \u00ab\u00a0jouer un r\u00f4le de m\u00e9diateur afin d&rsquo;\u00e9viter une nouvelle escalade des tensions.\u00a0\u00bb Peu avant la rencontre de ce lundi, le porte-parole de la pr\u00e9sidence russe, Dmitri Peskov, a simplement r\u00e9p\u00e9t\u00e9 que le Kremlin avait propos\u00e9 \u00ab\u00a0sa m\u00e9diation\u00a0\u00bb entre toutes les parties concern\u00e9es, \u00ab\u00a0condamnant\u00a0\u00bb et \u00ab\u00a0d\u00e9plorant vivement\u00a0\u00bb les attaques contre l&rsquo;Iran. \u00ab\u00a0Les frappes am\u00e9ricaines accr\u00e9ditent l&rsquo;hypoth\u00e8se d&rsquo;une m\u00e9diation russe, car le dialogue va \u00eatre dor\u00e9navant plus difficile entre Washington et T\u00e9h\u00e9ran\u00a0\u00bb, commente l&rsquo;expert de l&rsquo;Iris.\u00a0<\/p>\n<p data-module=\"article-paragraph\" class=\"jsx-3046738180 Paragraph Paragraph__End\">De fait, Moscou n&rsquo;a aucun int\u00e9r\u00eat \u00e0 ce que l&rsquo;escalade se poursuivre dans la r\u00e9gion. \u00ab\u00a0C&rsquo;est une zone strat\u00e9gique pour la projection d&rsquo;influence des grandes puissances extrar\u00e9gionales depuis des si\u00e8cles. Par ailleurs, toute d\u00e9stabilisation de la r\u00e9gion entra\u00eene syst\u00e9matiquement des r\u00e9percussions dans l&rsquo;espace postsovi\u00e9tique, notamment dans la zone Caucase-Asie centrale\u00a0\u00bb, rappelle Igor Delano\u00eb. \u00ab\u00a0Enfin, du point de vue \u00e9conomique, Moscou a nou\u00e9 des relations f\u00e9condes avec un certain nombre de pays de la r\u00e9gion, et cette derni\u00e8re abrite des grands producteurs d&rsquo;hydrocarbures, Arabie saoudite et Qatar en t\u00eate, avec qui la Russie doit se coordonner dans le cadre de l&rsquo;accord OPEP+\u00a0\u00bb, explique ce sp\u00e9cialiste.<\/p>\n<p><a href=\"https:\/\/www.tf1info.fr\/international\/video-reportage-un-grand-succes-pour-bibi-en-israel-netanyahou-gagne-la-bataille-de-l-opinion-avec-les-frappes-americaines-contre-l-iran-2378531.html\" rel=\"noopener\" class=\"jsx-3308031228 Link flex\" target=\"_blank\"><img decoding=\"async\" src=\"https:\/\/www.europesays.com\/fr\/wp-content\/uploads\/2025\/06\/benyamin-netanyahou-2026-f7c13a-0@1x.jpeg\" alt=\"AFP\" loading=\"lazy\" importance=\"low\" fetchpriority=\"low\" class=\"\"\/><\/p>\n<p class=\"jsx-3657663356 ReadMoreArticle__Title\">Lire aussi<\/p>\n<p class=\"jsx-3657663356\">\u00ab\u00a0Un grand succ\u00e8s pour Bibi\u00a0\u00bb : en Isra\u00ebl, Netanyahou gagne la bataille de l&rsquo;opinion avec l&rsquo;entr\u00e9e en guerre des \u00c9tats-Unis<\/p>\n<p><\/a><\/p>\n<p data-module=\"article-paragraph\" class=\"jsx-3046738180 Paragraph\">Jusqu&rsquo;\u00e0 pr\u00e9sent, constate Igor Delano\u00eb, le Kremlin tire profit de la situation. \u00ab\u00a0\u00c0 ce stade du conflit, la Russie a d\u00e9j\u00e0 engrang\u00e9 des b\u00e9n\u00e9fices. Le prix du p\u00e9trole a augment\u00e9, et continuera d&rsquo;augmenter si <a href=\"https:\/\/www.tf1info.fr\/international\/conflit-israel-iran-la-fermeture-du-detroit-d-ormuz-l-hypothese-qui-pourrait-faire-grimper-le-prix-du-petrole-2376978.html\" target=\"_blank\" rel=\"noopener\">l&rsquo;Iran venait \u00e0 fermer le d\u00e9troit d&rsquo;Ormuz (nouvelle fen\u00eatre)<\/a>. Le projet du G7 d&rsquo;abaisser le plafonnement du prix de vente du p\u00e9trole russe de 60 \u00e0 45 dollars a \u00e9t\u00e9 jet\u00e9 aux oubliettes\u00a0\u00bb, souligne-t-il. En outre, tous les regards sont d\u00e9sormais riv\u00e9s vers le Proche-Orient. \u00ab\u00a0L&rsquo;attention port\u00e9e \u00e0 l&rsquo;Ukraine s&rsquo;amenuise encore plus, et Kiev recevra moins d&rsquo;aide militaire en raison de l&rsquo;assistance que les Occidentaux apportent \u00e0 l&rsquo;\u00c9tat h\u00e9breu. Enfin, on reparle d&rsquo;une possible m\u00e9diation russe sur un dossier clef pour la s\u00e9curit\u00e9 mondiale\u00a0\u00bb, d\u00e9taille le sp\u00e9cialiste.<\/p>\n<p data-module=\"article-paragraph\" class=\"jsx-3046738180 Paragraph Paragraph__End\">Toutefois, si le r\u00e9gime des mollahs venait \u00e0 s&rsquo;effondrer, Poutine perdrait un pr\u00e9cieux alli\u00e9. \u00ab\u00a0Ce serait un revers g\u00e9opolitique pour Moscou\u00a0\u00bb, souligne-t-il. D&rsquo;o\u00f9 la volont\u00e9 du ma\u00eetre du Kremlin de trouver une issue diplomatique \u00e0 ce conflit qui risque d&#8217;embraser la r\u00e9gion.\u00a0<\/p>\n<p>Matthieu DELACHARLERY<\/p>\n","protected":false},"excerpt":{"rendered":"Moscou a fermement condamn\u00e9 les frappes am\u00e9ricaines du week-end dernier contre T\u00e9h\u00e9ran, son principal alli\u00e9 au Proche-Orient. Vladimir&hellip;\n","protected":false},"author":2,"featured_media":198149,"comment_status":"","ping_status":"","sticky":false,"template":"","format":"standard","meta":{"footnotes":""},"categories":[1590],"tags":[1111,11,1921,952,75,1777,674,28083,33671,1922,3019,664,12,132,220,1917,133,1920,135],"class_list":{"0":"post-198148","1":"post","2":"type-post","3":"status-publish","4":"format-standard","5":"has-post-thumbnail","7":"category-ukraine","8":"tag-actu","9":"tag-actualites","10":"tag-article-video","11":"tag-benyamin-netanyahou","12":"tag-donald-trump","13":"tag-eu","14":"tag-europe","15":"tag-guerre-en-ukraine-une-treve-sera-t-elle-possible","16":"tag-guerre-israel-iran-les-etats-unis-ont-frappe","17":"tag-info","18":"tag-iran","19":"tag-israel","20":"tag-news","21":"tag-russie","22":"tag-ukraine","23":"tag-ukraine-4-annee-de-guerre","24":"tag-video","25":"tag-video-international","26":"tag-vladimir-poutine"},"share_on_mastodon":{"url":"https:\/\/pubeurope.com\/@fr\/114732718133729575","error":""},"_links":{"self":[{"href":"https:\/\/www.europesays.com\/fr\/wp-json\/wp\/v2\/posts\/198148","targetHints":{"allow":["GET"]}}],"collection":[{"href":"https:\/\/www.europesays.com\/fr\/wp-json\/wp\/v2\/posts"}],"about":[{"href":"https:\/\/www.europesays.com\/fr\/wp-json\/wp\/v2\/types\/post"}],"author":[{"embeddable":true,"href":"https:\/\/www.europesays.com\/fr\/wp-json\/wp\/v2\/users\/2"}],"replies":[{"embeddable":true,"href":"https:\/\/www.europesays.com\/fr\/wp-json\/wp\/v2\/comments?post=198148"}],"version-history":[{"count":0,"href":"https:\/\/www.europesays.com\/fr\/wp-json\/wp\/v2\/posts\/198148\/revisions"}],"wp:featuredmedia":[{"embeddable":true,"href":"https:\/\/www.europesays.com\/fr\/wp-json\/wp\/v2\/media\/198149"}],"wp:attachment":[{"href":"https:\/\/www.europesays.com\/fr\/wp-json\/wp\/v2\/media?parent=198148"}],"wp:term":[{"taxonomy":"category","embeddable":true,"href":"https:\/\/www.europesays.com\/fr\/wp-json\/wp\/v2\/categories?post=198148"},{"taxonomy":"post_tag","embeddable":true,"href":"https:\/\/www.europesays.com\/fr\/wp-json\/wp\/v2\/tags?post=198148"}],"curies":[{"name":"wp","href":"https:\/\/api.w.org\/{rel}","templated":true}]}}