{"id":198154,"date":"2025-06-23T12:40:13","date_gmt":"2025-06-23T12:40:13","guid":{"rendered":"https:\/\/www.europesays.com\/fr\/198154\/"},"modified":"2025-06-23T12:40:13","modified_gmt":"2025-06-23T12:40:13","slug":"une-femme-retrouve-morte-a-mullheim-la-police-evoque-un-crime-violent","status":"publish","type":"post","link":"https:\/\/www.europesays.com\/fr\/198154\/","title":{"rendered":"une femme retrouv\u00e9 morte \u00e0 M\u00fcllheim, la police \u00e9voque \u00ab\u00a0un crime violent\u00a0\u00bb"},"content":{"rendered":"<p>            Par<br \/>\n        <strong><br \/>\n            <a href=\"https:\/\/actu.fr\/auteur\/william-lacaille\" title=\"Consulter tous les articles de William Lacaille\" target=\"_blank\" rel=\"noopener\">William Lacaille<\/a><br \/>\n        <\/strong><\/p>\n<p>        Publi\u00e9 le<\/p>\n<p>            23 juin 2025 \u00e0 13h24        <\/p>\n<p>Dimanche 22\u00a0juin 2025, \u00e0 8\u2009h\u200940, la <strong>pr\u00e9fecture de police<\/strong> de <strong>Fribourg<\/strong> (<a href=\"https:\/\/actu.fr\/tag\/allemagne\" target=\"_blank\" rel=\"noopener\">Allemagne<\/a>) a \u00e9t\u00e9 alert\u00e9e d\u2019un \u00ab<strong>\u2009incident domestique\u2009\u00bb<\/strong> \u00e0 <strong>M\u00fcllheim<\/strong>, \u00e0 la fronti\u00e8re avec le <a href=\"https:\/\/actu.fr\/grand-est\/haut-rhin_68\" target=\"_blank\" rel=\"noopener\">Haut-Rhin<\/a>. Dans <a href=\"https:\/\/www.presseportal.de\/blaulicht\/pm\/110970\/6060286\" target=\"_blank\" rel=\"noopener\">un communiqu\u00e9<\/a>, qui a \u00e9t\u00e9 relay\u00e9 par <a href=\"https:\/\/www.francebleu.fr\/infos\/faits-divers-justice\/muellheim-une-femme-de-43-ans-retrouvee-morte-un-suspect-arrete-sur-place-9731081\" target=\"_blank\" rel=\"noopener\">Ici Alsace<\/a>, il est indiqu\u00e9 que les <strong>policiers<\/strong> se sont imm\u00e9diatement rendus sur place, \u00e9paul\u00e9s par <strong>les forces sp\u00e9ciales<\/strong>, et ont d\u00e9couvert <strong>le corps d\u2019une femme<\/strong>, sans vie. Un <strong>homme<\/strong> a \u00e9t\u00e9 imm\u00e9diatement <strong>interpell\u00e9.<\/strong><\/p>\n<p>Un f\u00e9minicide pr\u00e9sum\u00e9<\/p>\n<p class=\" wall-content\">Apr\u00e8s une alerte \u00e9mise dans la matin\u00e9e, \u00e0 <strong>l\u2019int\u00e9rieur du logement<\/strong> signal\u00e9, les fonctionnaires ont d\u00e9couvert le <strong>corps sans vie<\/strong> d\u2019une <strong>femme de 43\u00a0ans<\/strong>. D\u2019apr\u00e8s un communiqu\u00e9 conjoint diffus\u00e9 par le parquet et la <strong>police de Fribourg<\/strong>, \u00ab\u2009on peut supposer qu\u2019il s\u2019agit d\u2019un <strong>crime violent<\/strong>\u2009\u00bb.<\/p>\n<p class=\" wall-content\">Cette <strong>conclusion,<\/strong> encore pr\u00e9liminaire, repose sur les <strong>premi\u00e8res constatations<\/strong> effectu\u00e9es dans le logement. Pour l\u2019heure, aucun \u00e9l\u00e9ment suppl\u00e9mentaire n\u2019est communiqu\u00e9 sur la <strong>nature des blessures<\/strong> ni sur la dur\u00e9e \u00e9coul\u00e9e entre le d\u00e9c\u00e8s et l\u2019intervention des secours.<\/p>\n<p class=\" wall-content\">Au cours de la <strong>m\u00eame op\u00e9ration<\/strong>, et selon les informations de <a href=\"https:\/\/www.badische-zeitung.de\/mutmasslicher-femizid-in-muellheim\" target=\"_blank\" rel=\"noopener\">Badische Zeitung<\/a>, des <strong>membres des Spezialeinsatzkommandos<\/strong> (SEK, commandos d\u2019intervention sp\u00e9ciale) sont arriv\u00e9s sur place \u00e0 bord d\u2019un <strong>h\u00e9licopt\u00e8re de la police<\/strong>.<\/p>\n<p>Vid\u00e9os : en ce moment sur Actu<\/p>\n<p class=\" wall-content\">Ils ont interpell\u00e9 un <strong>homme de 46\u00a0ans<\/strong>, pr\u00e9sent\u00e9 comme suspect et <strong>appr\u00e9hend\u00e9 sur les lieux m\u00eames de l\u2019intervention<\/strong>. Le communiqu\u00e9 pr\u00e9cise seulement que <strong>l\u2019arrestation<\/strong> a \u00e9t\u00e9 r\u00e9alis\u00e9e <strong>aussit\u00f4t apr\u00e8s la d\u00e9couverte du corps<\/strong>.<\/p>\n<p>Ouverture d\u2019une enqu\u00eate pour homicide pr\u00e9sum\u00e9<\/p>\n<p class=\" wall-content\">Face aux circonstances, le parquet de Fribourg a <strong>ouvert une proc\u00e9dure pour homicide pr\u00e9sum\u00e9<\/strong> et confi\u00e9 les <strong>investigations \u00e0 la police judiciaire<\/strong>. Les enqu\u00eateurs devront d\u00e9sormais \u00e9tablir la <strong>chronologie exacte des faits<\/strong> et d\u00e9terminer les <strong>responsabilit\u00e9s.<\/strong><\/p>\n<p class=\" wall-content\">\u00ab\u2009Nous vous prions de bien vouloir comprendre qu\u2019en raison du <strong>stade pr\u00e9coce de l\u2019enqu\u00eate<\/strong>, aucune autre <strong>information<\/strong> ne peut \u00eatre donn\u00e9e pour le moment\u2009\u00bb, rappellent parquet et pr\u00e9fecture dans leur communiqu\u00e9.<\/p>\n<p class=\" wall-content\">Suivez toute l\u2019actualit\u00e9 de vos villes et m\u00e9dias favoris en vous inscrivant \u00e0 <a href=\"https:\/\/moncompte.actu.fr\" title=\"D\u00e9couvez Mon Actu\" rel=\"nofollow noopener\" data-trk=\"{&quot;cta&quot;:{&quot;action&quot;:&quot;https:\\\/\\\/moncompte.actu.fr&quot;,&quot;category&quot;:&quot;mon compte&quot;,&quot;from&quot;:&quot;article footer&quot;,&quot;name&quot;:&quot;Mon actu&quot;,&quot;type&quot;:&quot;cta&quot;}}\" target=\"_blank\">Mon Actu<\/a>.<\/p>\n","protected":false},"excerpt":{"rendered":"Par William Lacaille Publi\u00e9 le 23 juin 2025 \u00e0 13h24 Dimanche 22\u00a0juin 2025, \u00e0 8\u2009h\u200940, la pr\u00e9fecture de&hellip;\n","protected":false},"author":2,"featured_media":198155,"comment_status":"","ping_status":"","sticky":false,"template":"","format":"standard","meta":{"footnotes":""},"categories":[1587],"tags":[11,672,1804,1805,1803,1777,674,118,3555,1801,777,12,1802],"class_list":{"0":"post-198154","1":"post","2":"type-post","3":"status-publish","4":"format-standard","5":"has-post-thumbnail","7":"category-allemagne","8":"tag-actualites","9":"tag-allemagne","10":"tag-bundesrepublik-deutschland","11":"tag-de","12":"tag-deutschland","13":"tag-eu","14":"tag-europe","15":"tag-faits-divers","16":"tag-feminicide","17":"tag-germany","18":"tag-meurtre","19":"tag-news","20":"tag-republique-federale-dallemagne"},"share_on_mastodon":{"url":"https:\/\/pubeurope.com\/@fr\/114732729873993509","error":""},"_links":{"self":[{"href":"https:\/\/www.europesays.com\/fr\/wp-json\/wp\/v2\/posts\/198154","targetHints":{"allow":["GET"]}}],"collection":[{"href":"https:\/\/www.europesays.com\/fr\/wp-json\/wp\/v2\/posts"}],"about":[{"href":"https:\/\/www.europesays.com\/fr\/wp-json\/wp\/v2\/types\/post"}],"author":[{"embeddable":true,"href":"https:\/\/www.europesays.com\/fr\/wp-json\/wp\/v2\/users\/2"}],"replies":[{"embeddable":true,"href":"https:\/\/www.europesays.com\/fr\/wp-json\/wp\/v2\/comments?post=198154"}],"version-history":[{"count":0,"href":"https:\/\/www.europesays.com\/fr\/wp-json\/wp\/v2\/posts\/198154\/revisions"}],"wp:featuredmedia":[{"embeddable":true,"href":"https:\/\/www.europesays.com\/fr\/wp-json\/wp\/v2\/media\/198155"}],"wp:attachment":[{"href":"https:\/\/www.europesays.com\/fr\/wp-json\/wp\/v2\/media?parent=198154"}],"wp:term":[{"taxonomy":"category","embeddable":true,"href":"https:\/\/www.europesays.com\/fr\/wp-json\/wp\/v2\/categories?post=198154"},{"taxonomy":"post_tag","embeddable":true,"href":"https:\/\/www.europesays.com\/fr\/wp-json\/wp\/v2\/tags?post=198154"}],"curies":[{"name":"wp","href":"https:\/\/api.w.org\/{rel}","templated":true}]}}