{"id":198157,"date":"2025-06-23T12:42:09","date_gmt":"2025-06-23T12:42:09","guid":{"rendered":"https:\/\/www.europesays.com\/fr\/198157\/"},"modified":"2025-06-23T12:42:09","modified_gmt":"2025-06-23T12:42:09","slug":"litalie-abaisse-la-tva-sur-lart-a-5-le-taux-le-plus-bas-de-lunion-europeenne","status":"publish","type":"post","link":"https:\/\/www.europesays.com\/fr\/198157\/","title":{"rendered":"L\u2019Italie abaisse la TVA sur l\u2019art \u00e0 5 %, le taux le plus bas de l\u2019Union europ\u00e9enne"},"content":{"rendered":"<p class=\"pt-dp-p font-text-light text-lg leading-normal tracking-wide mb-base last:mb-0\" itemprop=\"text\">Dans un revirement tr\u00e8s attendu, l\u2019Italie va r\u00e9duire la TVA sur les ventes d\u2019art de 22\u00a0% \u2013 le taux le plus \u00e9lev\u00e9 d\u2019Europe \u2013 \u00e0 5\u00a0%, d\u00e9sormais le plus bas du continent. La mesure, adopt\u00e9e en Conseil des ministres le 20\u00a0juin 2025 et annonc\u00e9e par le ministre de la Culture Alessandro Giuli, devrait entrer en vigueur cette semaine.<\/p>\n<p class=\"pt-dp-p font-text-light text-lg leading-normal tracking-wide mb-base last:mb-0\" itemprop=\"text\">\u00ab\u00a0C\u2019est un tournant majeur\u00a0\u00bb, d\u00e9clare Andrea Sirio Ortolani, pr\u00e9sident de l\u2019ANGAMC (Association nationale [italienne] des galeries d\u2019art moderne et contemporain) et vice-pr\u00e9sident du groupe de lobbying Apollo, qui a men\u00e9 le combat en faveur de cette r\u00e9forme longtemps attendue. \u00ab\u00a0L\u2019Italie peut enfin devenir un grand p\u00f4le international, attirer les galeries europ\u00e9ennes et les principales foires\u00a0\u00bb, poursuit-il.<\/p>\n<p class=\"pt-dp-p font-text-light text-lg leading-normal tracking-wide mb-base last:mb-0\" itemprop=\"text\">Ce changement de cap tranche avec la position initiale du gouvernement de Giorgia Meloni, dont le parti d\u2019extr\u00eame droite semblait peu enclin \u00e0 revoir la fiscalit\u00e9 du secteur. En avril, une lettre sign\u00e9e par 500\u00a0personnalit\u00e9s du monde de l\u2019art \u2013 dont les artistes Maurizio Cattelan et Michelangelo Pistoletto \u2013 faisait part de leur \u00ab\u00a0vive inqui\u00e9tude\u00a0\u00bb face au maintien du taux \u00e0 22\u00a0%, qui mena\u00e7ait de transformer l\u2019Italie en \u00ab\u00a0d\u00e9sert culturel\u00a0\u00bb.<\/p>\n<p class=\"pt-dp-p font-text-light text-lg leading-normal tracking-wide mb-base last:mb-0\" itemprop=\"text\">Pour \u00eatre confirm\u00e9, cette mesure devra \u00eatre valid\u00e9e par le Parlement dans un d\u00e9lai de 60\u00a0jours. Une fois approuv\u00e9e, la TVA sur l\u2019art en Italie passerait sous celle pratiqu\u00e9e en France (5,5\u00a0%) et en Allemagne (7\u00a0%). Ces deux pays avaient eux aussi obtenu des taux r\u00e9duits apr\u00e8s des campagnes de lobbying, dans le contexte d\u2019un r\u00e8glement europ\u00e9en visant \u00e0 harmoniser les politiques fiscales et \u00e0 supprimer les nombreuses d\u00e9rogations dont b\u00e9n\u00e9ficiait le secteur.<\/p>\n<p class=\"pt-dp-p font-text-light text-lg leading-normal tracking-wide mb-base last:mb-0\" itemprop=\"text\">La TVA \u00e0 5\u00a0% pourrait \u00e9galement s\u2019appliquer aux importations, ce qui ferait de l\u2019Italie une plateforme attractive pour le commerce d\u2019art international. \u00ab\u00a0Nous esp\u00e9rons que le taux r\u00e9duit s\u2019appliquera aussi \u00e0 la TVA \u00e0 l\u2019importation, indique Mauro Mattei, conseiller fiscal et collectionneur bas\u00e9 \u00e0 Milan. Cela ferait de l\u2019Italie le march\u00e9 de l\u2019art le plus comp\u00e9titif d\u2019Europe sur le plan fiscal. Mais pour l\u2019heure, personne n\u2019a vu le texte officiel du d\u00e9cret. Avant de se r\u00e9jouir, mieux vaut en prendre connaissance.\u00a0\u00bb<\/p>\n<p class=\"pt-dp-p font-text-light text-lg leading-normal tracking-wide mb-base last:mb-0\" itemprop=\"text\">Cette r\u00e9forme fiscale ne serait qu\u2019une premi\u00e8re \u00e9tape dans un programme plus large visant \u00e0 renforcer la comp\u00e9titivit\u00e9 du march\u00e9 italien. Federico Mollicone, pr\u00e9sident de la commission Culture \u00e0 la Chambre des d\u00e9put\u00e9s italienne, a d\u00e9clar\u00e9 au Giornale dell\u2019Arte vouloir simplifier la proc\u00e9dure de d\u00e9livrance des certificats d\u2019exportation pour les biens culturels de plus de 50\u00a0ans. La mise en place d\u2019outils num\u00e9riques figure \u00e9galement \u00e0 l\u2019agenda, avec notamment des registres en ligne pour les sites culturels publics.<\/p>\n<p class=\"pt-dp-p font-text-light text-lg leading-normal tracking-wide mb-base last:mb-0\" itemprop=\"text\">Federico Mollicone cite une \u00e9tude r\u00e9cente men\u00e9e par Nomisma et la banque Intesa Sanpaolo, selon laquelle l\u2019instauration d\u2019un taux \u00e0 5\u00a0% permettrait aux galeries, antiquaires et maisons de ventes italiens de g\u00e9n\u00e9rer 1,5\u00a0milliard d\u2019euros de chiffre d\u2019affaires en trois ans, pour un impact \u00e9conomique global estim\u00e9 \u00e0 4,2\u00a0milliards d\u2019euros.<\/p>\n","protected":false},"excerpt":{"rendered":"Dans un revirement tr\u00e8s attendu, l\u2019Italie va r\u00e9duire la TVA sur les ventes d\u2019art de 22\u00a0% \u2013 le&hellip;\n","protected":false},"author":2,"featured_media":198158,"comment_status":"","ping_status":"","sticky":false,"template":"","format":"standard","meta":{"footnotes":""},"categories":[1586],"tags":[11,33772,1777,674,1779,526,1011,27,3044,452,1397,23256,33771,12,25,33773,1778,364],"class_list":{"0":"post-198157","1":"post","2":"type-post","3":"status-publish","4":"format-standard","5":"has-post-thumbnail","7":"category-europe","8":"tag-actualites","9":"tag-alessandro-giuli","10":"tag-eu","11":"tag-europe","12":"tag-european-union","13":"tag-fiscalite","14":"tag-fr","15":"tag-france","16":"tag-giorgia-meloni","17":"tag-italie","18":"tag-marche-de-lart","19":"tag-maurizio-cattelan","20":"tag-michelangelo-pistoletto","21":"tag-news","22":"tag-republique-francaise","23":"tag-tva-a-limportation","24":"tag-ue","25":"tag-union-europeenne"},"share_on_mastodon":{"url":"https:\/\/pubeurope.com\/@fr\/114732737804680331","error":""},"_links":{"self":[{"href":"https:\/\/www.europesays.com\/fr\/wp-json\/wp\/v2\/posts\/198157","targetHints":{"allow":["GET"]}}],"collection":[{"href":"https:\/\/www.europesays.com\/fr\/wp-json\/wp\/v2\/posts"}],"about":[{"href":"https:\/\/www.europesays.com\/fr\/wp-json\/wp\/v2\/types\/post"}],"author":[{"embeddable":true,"href":"https:\/\/www.europesays.com\/fr\/wp-json\/wp\/v2\/users\/2"}],"replies":[{"embeddable":true,"href":"https:\/\/www.europesays.com\/fr\/wp-json\/wp\/v2\/comments?post=198157"}],"version-history":[{"count":0,"href":"https:\/\/www.europesays.com\/fr\/wp-json\/wp\/v2\/posts\/198157\/revisions"}],"wp:featuredmedia":[{"embeddable":true,"href":"https:\/\/www.europesays.com\/fr\/wp-json\/wp\/v2\/media\/198158"}],"wp:attachment":[{"href":"https:\/\/www.europesays.com\/fr\/wp-json\/wp\/v2\/media?parent=198157"}],"wp:term":[{"taxonomy":"category","embeddable":true,"href":"https:\/\/www.europesays.com\/fr\/wp-json\/wp\/v2\/categories?post=198157"},{"taxonomy":"post_tag","embeddable":true,"href":"https:\/\/www.europesays.com\/fr\/wp-json\/wp\/v2\/tags?post=198157"}],"curies":[{"name":"wp","href":"https:\/\/api.w.org\/{rel}","templated":true}]}}