{"id":198162,"date":"2025-06-23T12:45:13","date_gmt":"2025-06-23T12:45:13","guid":{"rendered":"https:\/\/www.europesays.com\/fr\/198162\/"},"modified":"2025-06-23T12:45:13","modified_gmt":"2025-06-23T12:45:13","slug":"les-6-candidats-selectionnes-pour-le-bocuse-dor-france-les-nouvelles-gastronomiques","status":"publish","type":"post","link":"https:\/\/www.europesays.com\/fr\/198162\/","title":{"rendered":"Les 6 candidats s\u00e9lectionn\u00e9s pour le Bocuse d&rsquo;or France \u2022 Les Nouvelles Gastronomiques"},"content":{"rendered":"<p data-start=\"125\" data-end=\"337\">En vue du <strong data-start=\"135\" data-end=\"155\">Bocuse d\u2019Or 2027<\/strong>, qui se tiendra pendant le <strong data-start=\"183\" data-end=\"224\">Sirha \u00e0 Lyon du 21 au 25 janvier 2027<\/strong>, six chefs fran\u00e7ais ont \u00e9t\u00e9 s\u00e9lectionn\u00e9s pour tenter de succ\u00e9der \u00e0 <strong data-start=\"292\" data-end=\"307\">Paul Marcon<\/strong>, vainqueur de l\u2019\u00e9dition 2025.<\/p>\n<p data-start=\"339\" data-end=\"354\">Les candidats :<\/p>\n<ul data-start=\"355\" data-end=\"677\">\n<li data-start=\"355\" data-end=\"414\">\n<p data-start=\"357\" data-end=\"414\"><strong data-start=\"357\" data-end=\"379\">Maxence Baruffaldi<\/strong>, campus de Groisy (Haute-Savoie)<\/p>\n<\/li>\n<li data-start=\"415\" data-end=\"463\">\n<p data-start=\"417\" data-end=\"463\"><strong data-start=\"417\" data-end=\"433\">Teddy Bidaux<\/strong>, restaurant Garenne (Dr\u00f4me)<\/p>\n<\/li>\n<li data-start=\"464\" data-end=\"513\">\n<p data-start=\"466\" data-end=\"513\"><strong data-start=\"466\" data-end=\"483\">Ga\u00ebtan Gentil<\/strong>, restaurant Prairial (Lyon)<\/p>\n<\/li>\n<li data-start=\"514\" data-end=\"570\">\n<p data-start=\"516\" data-end=\"570\"><strong data-start=\"516\" data-end=\"533\">Julien Gu\u00e9n\u00e9e<\/strong>, Automobile Club de France (Paris)<\/p>\n<\/li>\n<li data-start=\"571\" data-end=\"622\">\n<p data-start=\"573\" data-end=\"622\"><strong data-start=\"573\" data-end=\"592\">Vivien Sonzogni<\/strong>, La Table du Grapiot (Jura)<\/p>\n<\/li>\n<li data-start=\"623\" data-end=\"677\">\n<p data-start=\"625\" data-end=\"677\"><strong data-start=\"625\" data-end=\"642\">Chantal Tabet<\/strong>, cheffe consultante ind\u00e9pendante<\/p>\n<\/li>\n<\/ul>\n<p data-start=\"679\" data-end=\"939\">Prochaine \u00e9tape : la <strong data-start=\"700\" data-end=\"723\">s\u00e9lection nationale<\/strong> aura lieu <strong data-start=\"734\" data-end=\"756\">le 21 octobre 2025<\/strong> \u00e0 la Maison de la Mutualit\u00e9 \u00e0 Paris, sous la pr\u00e9sidence de <strong>Paul Marcon<\/strong>.<\/p>\n<p data-start=\"679\" data-end=\"939\">Le vainqueur rejoindra la <strong data-start=\"855\" data-end=\"879\">s\u00e9lection europ\u00e9enne<\/strong>, pr\u00e9lude au concours mondial r\u00e9unissant 24 pays finalistes.<\/p>\n<p data-start=\"679\" data-end=\"939\">A suivre<\/p>\n<p data-start=\"946\" data-end=\"1019\" data-is-last-node=\"\" data-is-only-node=\"\"><strong>RELIRE\u00a0<\/strong><\/p>\n<p class=\"entry-title title flipboard-title\"><a href=\"https:\/\/nouvellesgastronomiques.com\/paul-marcon-la-team-france-remporte-le-bocuse-dor-2025\/\" rel=\"nofollow noopener\" target=\"_blank\">Sirha 2025 Paul Marcon, la team France remporte le Bocuse d\u2019or 2025<\/a><\/p>\n<p class=\"entry-title title flipboard-title\"><a href=\"https:\/\/nouvellesgastronomiques.com\/bocuse-dor-2025-immersion-pour-lenvoi-des-deux-plats-de-paul-marcon\/\" rel=\"nofollow noopener\" target=\"_blank\">Sirha -Bocuse d\u2019or 2025 Immersion pour l\u2019envoi des deux plats de Paul Marcon<\/a><\/p>\n<p class=\"entry-title title flipboard-title\"><a href=\"https:\/\/nouvellesgastronomiques.com\/bocuse-dor-2025-les-forces-en-presence-jurys-et-candidats\/\" rel=\"nofollow noopener\" target=\"_blank\">BOCUSE D\u2019OR 2025; les forces en pr\u00e9sence, jurys et candidats<\/a><\/p>\n","protected":false},"excerpt":{"rendered":"En vue du Bocuse d\u2019Or 2027, qui se tiendra pendant le Sirha \u00e0 Lyon du 21 au 25&hellip;\n","protected":false},"author":2,"featured_media":198163,"comment_status":"","ping_status":"","sticky":false,"template":"","format":"standard","meta":{"footnotes":""},"categories":[4],"tags":[11,33774,33775,1011,27,33776,33777,12,33778,25,33779,33780],"class_list":{"0":"post-198162","1":"post","2":"type-post","3":"status-publish","4":"format-standard","5":"has-post-thumbnail","7":"category-france","8":"tag-actualites","9":"tag-bocuse-dor","10":"tag-chantal-tabet","11":"tag-fr","12":"tag-france","13":"tag-julien-guenee","14":"tag-maxence-baruffaldi","15":"tag-news","16":"tag-paul-marcon","17":"tag-republique-francaise","18":"tag-teddy-bidaux","19":"tag-vivien-sonzogni"},"share_on_mastodon":{"url":"https:\/\/pubeurope.com\/@fr\/114732749493605108","error":""},"_links":{"self":[{"href":"https:\/\/www.europesays.com\/fr\/wp-json\/wp\/v2\/posts\/198162","targetHints":{"allow":["GET"]}}],"collection":[{"href":"https:\/\/www.europesays.com\/fr\/wp-json\/wp\/v2\/posts"}],"about":[{"href":"https:\/\/www.europesays.com\/fr\/wp-json\/wp\/v2\/types\/post"}],"author":[{"embeddable":true,"href":"https:\/\/www.europesays.com\/fr\/wp-json\/wp\/v2\/users\/2"}],"replies":[{"embeddable":true,"href":"https:\/\/www.europesays.com\/fr\/wp-json\/wp\/v2\/comments?post=198162"}],"version-history":[{"count":0,"href":"https:\/\/www.europesays.com\/fr\/wp-json\/wp\/v2\/posts\/198162\/revisions"}],"wp:featuredmedia":[{"embeddable":true,"href":"https:\/\/www.europesays.com\/fr\/wp-json\/wp\/v2\/media\/198163"}],"wp:attachment":[{"href":"https:\/\/www.europesays.com\/fr\/wp-json\/wp\/v2\/media?parent=198162"}],"wp:term":[{"taxonomy":"category","embeddable":true,"href":"https:\/\/www.europesays.com\/fr\/wp-json\/wp\/v2\/categories?post=198162"},{"taxonomy":"post_tag","embeddable":true,"href":"https:\/\/www.europesays.com\/fr\/wp-json\/wp\/v2\/tags?post=198162"}],"curies":[{"name":"wp","href":"https:\/\/api.w.org\/{rel}","templated":true}]}}