{"id":198168,"date":"2025-06-23T12:48:10","date_gmt":"2025-06-23T12:48:10","guid":{"rendered":"https:\/\/www.europesays.com\/fr\/198168\/"},"modified":"2025-06-23T12:48:10","modified_gmt":"2025-06-23T12:48:10","slug":"le-rugby-truste-desormais-les-affluences-sportives","status":"publish","type":"post","link":"https:\/\/www.europesays.com\/fr\/198168\/","title":{"rendered":"le rugby truste d\u00e9sormais les affluences sportives"},"content":{"rendered":"<p>                            <img width=\"770\" height=\"433\" src=\"https:\/\/www.europesays.com\/fr\/wp-content\/uploads\/2025\/06\/AFP__20250426__43LT2RX__v1__HighRes__FblFraLigue1LyonRennes-770x433.jpg\" class=\"attachment-article size-article wp-post-image\" alt=\"Le Parc OL lors d'OL - Rennes\" decoding=\"async\" fetchpriority=\"high\"  \/><\/p>\n<p>Le Parc OL lors d\u2019OL \u2013 Rennes (Photo by OLIVIER CHASSIGNOLE \/ AFP)<\/p>\n<p>Apr\u00e8s le record d\u2019affluence pour Toulouse &#8211; Bayonne, la deuxi\u00e8me demi-finale de Top 14 a attir\u00e9 58 408 spectateurs samedi. Les quatre plus grosses affluences sportives du Parc OL reviennent d\u00e9sormais au rugby.<\/p>\n<p>Et si le Parc OL \u00e9tait finalement un stade de rugby ? Cela reste l\u2019antre de l\u2019<strong>OL,<\/strong> mais force est de constater que l\u2019enceinte d\u00e9cinoise r\u00e9alise ses meilleures affluences avec le ballon ovale plus que le ballon rond. Bien \u00e9videmment, les explications tiennent au fait que les rencontres de rugby ne sont pas soumises \u00e0 des restrictions et interdictions de d\u00e9placements de supporters adverses. La mise en vente des places est donc totale et cela a donc pouss\u00e9 la demi-finale de Top 14 entre le <strong>Stade Toulousain<\/strong> et l\u2019<strong>Aviron Bayonnais<\/strong> \u00e0 <a href=\"https:\/\/www.olympique-et-lyonnais.com\/record-daffluence-au-parc-ol-pour-toulouse-bayonne,366968.html\" rel=\"nofollow noopener\" target=\"_blank\">un record historique<\/a> pour une rencontre sportive. La question \u00e9tait de savoir si la deuxi\u00e8me demie <strong>UBB &#8211; Toulon<\/strong> programm\u00e9e samedi allait rapidement rendre obsol\u00e8te cette affluence de 58 741 spectateurs.<\/p>\n<p>La r\u00e9ponse est non, m\u00eame si l\u2019affluence \u00e9choue \u00e0 quelques centaines de spectateurs. En pleine F\u00eate de la Musique, l\u2019affiche remport\u00e9e par l\u2019Union Bordeaux-B\u00e8gles a attir\u00e9 58 408 spectateurs \u00e0 D\u00e9cines. Cela n\u2019a pas \u00e9t\u00e9 suffisant pour se hisser sur le podium des affluences sportives du Parc OL, mais le rugby truste d\u00e9sormais les quatre premi\u00e8res places de ce classement. Avec 58 241 spectateurs, la rencontre amicale entre la <strong>France<\/strong> et les <strong>\u00c9tats-Unis<\/strong> en juin 2018 recule \u00e0 la 5e place et concerne la premi\u00e8re manifestation li\u00e9e au football.<\/p>\n<p>\t\t\t\t\t<a href=\"https:\/\/www.olympique-et-lyonnais.com\/ol-mercato-thiago-almada-dans-le-viseur-de-benfica,367107.html\" title=\"OL - Mercato : Thiago Almada dans le viseur de Benfica ?\" rel=\"nofollow noopener\" target=\"_blank\"><img loading=\"lazy\" width=\"580\" height=\"326\" src=\"https:\/\/www.europesays.com\/fr\/wp-content\/uploads\/2025\/06\/AFP__20250504__44FB82N__v1__HighRes__FblFraLigue1LyonLens-580x326.jpg\" class=\"attachment-actularge size-actularge wp-post-image\" alt=\"Thiago Almada lors d'OL - Lens.\" decoding=\"async\"  \/>\t\t\t\t\t<\/a><\/p>\n","protected":false},"excerpt":{"rendered":"Le Parc OL lors d\u2019OL \u2013 Rennes (Photo by OLIVIER CHASSIGNOLE \/ AFP) Apr\u00e8s le record d\u2019affluence pour&hellip;\n","protected":false},"author":2,"featured_media":198169,"comment_status":"","ping_status":"","sticky":false,"template":"","format":"standard","meta":{"footnotes":""},"categories":[1416],"tags":[1011,27,241,978,479,1468,60],"class_list":{"0":"post-198168","1":"post","2":"type-post","3":"status-publish","4":"format-standard","5":"has-post-thumbnail","7":"category-rugby","8":"tag-fr","9":"tag-france","10":"tag-ol","11":"tag-olympique-lyonnais","12":"tag-rugby","13":"tag-rugby-football","14":"tag-sports"},"share_on_mastodon":{"url":"https:\/\/pubeurope.com\/@fr\/114732761476257503","error":""},"_links":{"self":[{"href":"https:\/\/www.europesays.com\/fr\/wp-json\/wp\/v2\/posts\/198168","targetHints":{"allow":["GET"]}}],"collection":[{"href":"https:\/\/www.europesays.com\/fr\/wp-json\/wp\/v2\/posts"}],"about":[{"href":"https:\/\/www.europesays.com\/fr\/wp-json\/wp\/v2\/types\/post"}],"author":[{"embeddable":true,"href":"https:\/\/www.europesays.com\/fr\/wp-json\/wp\/v2\/users\/2"}],"replies":[{"embeddable":true,"href":"https:\/\/www.europesays.com\/fr\/wp-json\/wp\/v2\/comments?post=198168"}],"version-history":[{"count":0,"href":"https:\/\/www.europesays.com\/fr\/wp-json\/wp\/v2\/posts\/198168\/revisions"}],"wp:featuredmedia":[{"embeddable":true,"href":"https:\/\/www.europesays.com\/fr\/wp-json\/wp\/v2\/media\/198169"}],"wp:attachment":[{"href":"https:\/\/www.europesays.com\/fr\/wp-json\/wp\/v2\/media?parent=198168"}],"wp:term":[{"taxonomy":"category","embeddable":true,"href":"https:\/\/www.europesays.com\/fr\/wp-json\/wp\/v2\/categories?post=198168"},{"taxonomy":"post_tag","embeddable":true,"href":"https:\/\/www.europesays.com\/fr\/wp-json\/wp\/v2\/tags?post=198168"}],"curies":[{"name":"wp","href":"https:\/\/api.w.org\/{rel}","templated":true}]}}