{"id":198175,"date":"2025-06-23T12:53:12","date_gmt":"2025-06-23T12:53:12","guid":{"rendered":"https:\/\/www.europesays.com\/fr\/198175\/"},"modified":"2025-06-23T12:53:12","modified_gmt":"2025-06-23T12:53:12","slug":"cyclisme-andorra-morabanc-classica-skjelmose-jai-rate-le-dauphine-et-la-suisse","status":"publish","type":"post","link":"https:\/\/www.europesays.com\/fr\/198175\/","title":{"rendered":"Cyclisme. Andorra Morabanc Cl\u00e0ssica &#8211; Skjelmose : \u00abJ&rsquo;ai rat\u00e9 le Dauphin\u00e9 et la Suisse&#8230;\u00bb"},"content":{"rendered":"<p>Apr\u00e8s des derni\u00e8res semaines compliqu\u00e9es, \u00e0 cause d&rsquo;une infection intestinale qui l&rsquo;a contraint \u00e0 d\u00e9clarer forfait pour le <strong>Crit\u00e9rium du Dauphin\u00e9<\/strong> puis pour le <strong>Tour de Suisse<\/strong>, <strong>Mattias Skjelmose<\/strong> peut retrouver le sourire. Pour son retour \u00e0 la comp\u00e9tition, le Danois de la<strong> Lidl-Trek<\/strong> a remport\u00e9 ce dimanche la 1\u00e8re \u00e9dition de la<strong>\u00a0<a href=\"https:\/\/www.cyclismactu.net\/..\/news-andorra-morabanc-classica-route-mattias-skjelmose-remporte-une-1ere-edition-raccourcie-88490.html\" target=\"_blank\" rel=\"nofollow noopener\">Andorra Morabanc Cl\u00e0ssica<\/a><\/strong>. Pas forc\u00e9ment impressionnant, <strong>Skjelmose <\/strong>a r\u00e9ussi \u00e0 s&rsquo;accrocher dans la derni\u00e8re ascension, avant de r\u00e9gler au sprint <strong>Critian Rodriguez<\/strong> (Ark\u00e9a-B&amp;B Hotels), <strong>Enric Mas <\/strong>(Movistar) et <strong>Esteban Chaves <\/strong>(EF Education-EasyPost). De quoi tout de m\u00eame le mettre en confiance avant le <strong>Tour de France<\/strong>.<\/p>\n<p>Vid\u00e9o &#8211; Revivez le final de cette Andorra Morabanc Cl\u00e0ssica Lire la suite de l&rsquo;article&#13;<\/p>\n<p>\u00a0<\/p>\n<p>&#13;<br \/>\n\u00ab\u00a0Je pense qu\u2019on peut faire un bon Tour de France\u00a0\u00bb&#13;<\/p>\n<p>\u00ab\u00a0Bien s\u00fbr je suis content ! J\u2019ai \u00e9t\u00e9 malade pendant longtemps et j\u2019ai rat\u00e9 \u00e0 la fois le Dauphin\u00e9 et le Tour de Suisse\u00a0\u00bb, a expliqu\u00e9 <strong>Skjelmose<\/strong>. \u00ab\u00a0Heureusement, j\u2019ai pu faire cette course, et je pense que la forme est l\u00e0 pour le Tour [de France]. Je me suis senti bien toute la journ\u00e9e et les gars ont fait un travail parfait. J\u2019ai roul\u00e9 \u00e0 mon propre rythme et je savais que si j\u2019arrivais l\u00e0, je pourrais sprinter.<\/p>\n<p>&#13;<\/p>\n<p>\u00ab\u00a0C\u2019\u00e9tait vraiment super, il fallait voir comment allait se passer cette course, mais le Tour de France est une course compl\u00e8tement diff\u00e9rente, donc on verra bien. Mais apr\u00e8s aujourd\u2019hui, j\u2019ai plus confiance, je pense qu\u2019on peut faire un bon Tour. J\u2019ai h\u00e2te d\u2019y \u00eatre.\u00a0\u00bb<\/p>\n<p>Andorra Morabanc Cl\u00e0ssica &#8211; Classement g\u00e9n\u00e9ral<\/p>\n","protected":false},"excerpt":{"rendered":"Apr\u00e8s des derni\u00e8res semaines compliqu\u00e9es, \u00e0 cause d&rsquo;une infection intestinale qui l&rsquo;a contraint \u00e0 d\u00e9clarer forfait pour le&hellip;\n","protected":false},"author":2,"featured_media":198176,"comment_status":"","ping_status":"","sticky":false,"template":"","format":"standard","meta":{"footnotes":""},"categories":[1411],"tags":[33514,1154,207,211,1011,27,209,60,210,212,208,213],"class_list":{"0":"post-198175","1":"post","2":"type-post","3":"status-publish","4":"format-standard","5":"has-post-thumbnail","7":"category-cyclisme","8":"tag-andorra-morabanc-classica","9":"tag-cycling","10":"tag-cyclisme","11":"tag-ffc","12":"tag-fr","13":"tag-france","14":"tag-route","15":"tag-sports","16":"tag-tour-de-france","17":"tag-uci","18":"tag-velo","19":"tag-world-tour"},"share_on_mastodon":{"url":"https:\/\/pubeurope.com\/@fr\/114732780968994936","error":""},"_links":{"self":[{"href":"https:\/\/www.europesays.com\/fr\/wp-json\/wp\/v2\/posts\/198175","targetHints":{"allow":["GET"]}}],"collection":[{"href":"https:\/\/www.europesays.com\/fr\/wp-json\/wp\/v2\/posts"}],"about":[{"href":"https:\/\/www.europesays.com\/fr\/wp-json\/wp\/v2\/types\/post"}],"author":[{"embeddable":true,"href":"https:\/\/www.europesays.com\/fr\/wp-json\/wp\/v2\/users\/2"}],"replies":[{"embeddable":true,"href":"https:\/\/www.europesays.com\/fr\/wp-json\/wp\/v2\/comments?post=198175"}],"version-history":[{"count":0,"href":"https:\/\/www.europesays.com\/fr\/wp-json\/wp\/v2\/posts\/198175\/revisions"}],"wp:featuredmedia":[{"embeddable":true,"href":"https:\/\/www.europesays.com\/fr\/wp-json\/wp\/v2\/media\/198176"}],"wp:attachment":[{"href":"https:\/\/www.europesays.com\/fr\/wp-json\/wp\/v2\/media?parent=198175"}],"wp:term":[{"taxonomy":"category","embeddable":true,"href":"https:\/\/www.europesays.com\/fr\/wp-json\/wp\/v2\/categories?post=198175"},{"taxonomy":"post_tag","embeddable":true,"href":"https:\/\/www.europesays.com\/fr\/wp-json\/wp\/v2\/tags?post=198175"}],"curies":[{"name":"wp","href":"https:\/\/api.w.org\/{rel}","templated":true}]}}