{"id":198177,"date":"2025-06-23T12:54:09","date_gmt":"2025-06-23T12:54:09","guid":{"rendered":"https:\/\/www.europesays.com\/fr\/198177\/"},"modified":"2025-06-23T12:54:09","modified_gmt":"2025-06-23T12:54:09","slug":"un-cadre-de-lequipe-reserve-prolonge-son-contrat","status":"publish","type":"post","link":"https:\/\/www.europesays.com\/fr\/198177\/","title":{"rendered":"un cadre de l\u2019\u00e9quipe r\u00e9serve prolonge son contrat"},"content":{"rendered":"<p>La nouvelle a \u00e9t\u00e9 officialis\u00e9e par le joueur lui-m\u00eame, sur ses r\u00e9seaux sociaux\u00a0: pilier de l\u2019\u00e9quipe r\u00e9serve de l\u2019OM, Sofiane Sidi Ali a prolong\u00e9 son contrat pro de deux saisons suppl\u00e9mentaires. L\u2019actuel prenait fin au 30\u00a0juin et voici donc le natif de Gap li\u00e9 au club olympien jusqu\u2019en\u00a02027.<\/p>\n<p>La mission de l\u2019attaquant qui va bient\u00f4t f\u00eater ses 30\u00a0ans (le 14\u00a0juillet prochain) et \u00e0 la longue exp\u00e9rience ne va pas varier\u00a0: il doit continuer \u00e0 \u00eatre performant avec l\u2019\u00e9quipe r\u00e9serve qui \u00e9voluera de nouveau en National 3 et <a href=\"https:\/\/www.laprovence.com\/article\/om\/6750074707233514\/om-entre-nouveaux-dirigeants-et-entraineurs-du-changement-a-tous-les-etages-du-centre-de-formation\" target=\"_blank\" rel=\"noopener\">sera confi\u00e9e \u00e0 Romain Ferrier<\/a>, aussi bien sur les terrains qu\u2019en dehors. Il doit, aussi, encadrer et faire grandir ses jeunes partenaires, tout en essayant d\u2019\u00eatre un exemple pour eux.<\/p>\n","protected":false},"excerpt":{"rendered":"La nouvelle a \u00e9t\u00e9 officialis\u00e9e par le joueur lui-m\u00eame, sur ses r\u00e9seaux sociaux\u00a0: pilier de l\u2019\u00e9quipe r\u00e9serve de&hellip;\n","protected":false},"author":2,"featured_media":198178,"comment_status":"","ping_status":"","sticky":false,"template":"","format":"standard","meta":{"footnotes":""},"categories":[1410],"tags":[17,33781,63,1011,27,10856,1434,149,11852,18357,3711,60],"class_list":{"0":"post-198177","1":"post","2":"type-post","3":"status-publish","4":"format-standard","5":"has-post-thumbnail","7":"category-football","8":"tag-17","9":"tag-cadre","10":"tag-football","11":"tag-fr","12":"tag-france","13":"tag-lequipe","14":"tag-mercato","15":"tag-om","16":"tag-prolonge","17":"tag-reserve","18":"tag-son","19":"tag-sports"},"share_on_mastodon":{"url":"https:\/\/pubeurope.com\/@fr\/114732784976080443","error":""},"_links":{"self":[{"href":"https:\/\/www.europesays.com\/fr\/wp-json\/wp\/v2\/posts\/198177","targetHints":{"allow":["GET"]}}],"collection":[{"href":"https:\/\/www.europesays.com\/fr\/wp-json\/wp\/v2\/posts"}],"about":[{"href":"https:\/\/www.europesays.com\/fr\/wp-json\/wp\/v2\/types\/post"}],"author":[{"embeddable":true,"href":"https:\/\/www.europesays.com\/fr\/wp-json\/wp\/v2\/users\/2"}],"replies":[{"embeddable":true,"href":"https:\/\/www.europesays.com\/fr\/wp-json\/wp\/v2\/comments?post=198177"}],"version-history":[{"count":0,"href":"https:\/\/www.europesays.com\/fr\/wp-json\/wp\/v2\/posts\/198177\/revisions"}],"wp:featuredmedia":[{"embeddable":true,"href":"https:\/\/www.europesays.com\/fr\/wp-json\/wp\/v2\/media\/198178"}],"wp:attachment":[{"href":"https:\/\/www.europesays.com\/fr\/wp-json\/wp\/v2\/media?parent=198177"}],"wp:term":[{"taxonomy":"category","embeddable":true,"href":"https:\/\/www.europesays.com\/fr\/wp-json\/wp\/v2\/categories?post=198177"},{"taxonomy":"post_tag","embeddable":true,"href":"https:\/\/www.europesays.com\/fr\/wp-json\/wp\/v2\/tags?post=198177"}],"curies":[{"name":"wp","href":"https:\/\/api.w.org\/{rel}","templated":true}]}}