{"id":198179,"date":"2025-06-23T12:55:13","date_gmt":"2025-06-23T12:55:13","guid":{"rendered":"https:\/\/www.europesays.com\/fr\/198179\/"},"modified":"2025-06-23T12:55:13","modified_gmt":"2025-06-23T12:55:13","slug":"je-ne-lavais-pas-reconnu","status":"publish","type":"post","link":"https:\/\/www.europesays.com\/fr\/198179\/","title":{"rendered":"Je ne l&rsquo;avais pas reconnu"},"content":{"rendered":"<p>Virginie Efira a su tracer son chemin avec succ\u00e8s. D\u00e8s ses<br \/>\nd\u00e9buts \u00e0 la t\u00e9l\u00e9vision belge o\u00f9 elle animait des \u00e9missions pour<br \/>\nadolescents, elle est parvenue \u00e0 se faire remarquer. Cependant,<br \/>\nc\u2019est en France que la carri\u00e8re de cette derni\u00e8re a pris un<br \/>\ntournant, notamment en pr\u00e9sentant le programme culte La<br \/>\nNouvelle Star. Mais en 2008, cette derni\u00e8re a d\u00e9cid\u00e9 de<br \/>\nchanger de cap. C\u2019est ainsi qu\u2019elle s\u2019est tourn\u00e9e vers sa passion,<br \/>\n\u00e0 savoir le cin\u00e9ma. Un choix qu\u2019elle ne regrette absolument pas.<br \/>\nPuisque Virginie Efira est parvenue \u00e0 s\u2019imposer comme une actrice<br \/>\nincontournable avec des films comme Adieu les cons,<br \/>\nVictoria ou encore Benedetta.<\/p>\n<p>Des d\u00e9buts compliqu\u00e9s<\/p>\n<p>Virginie Efira fait d\u00e9sormais partie des figures incontournables<br \/>\ndu monde du cin\u00e9ma. Cependant, au d\u00e9part, cette derni\u00e8re ne menait<br \/>\npas le large. En effet, <a href=\"https:\/\/www.melty.fr\/people\/virginie-efira-son-cheri-niels-schneider-balance-sur-leur-couple-ma-relation-actuelle-a-2183533.html\" target=\"_blank\" rel=\"noopener\"><br \/>\nla compagne de Niels Schneider<\/a> a eu beaucoup de mal \u00e0 se faire<br \/>\nune place dans un monde tr\u00e8s concurrentiel. D\u2019autant plus qu\u2019elle<br \/>\n\u00e9tait une \u00e9trang\u00e8re. \u201cAu d\u00e9part c\u00a0\u00bb\u00e9tait compliqu\u00e9 parce que<br \/>\n<strong>personne, et je comprends, n&rsquo;avait envie de voir une<br \/>\nanimatrice t\u00e9l\u00e9 gentillette, sympatoche, au cin\u00e9ma<\/strong>\u201d,<br \/>\navait-elle racont\u00e9 dans le podcast Les Vagues du magazine Elle.<\/p>\n<p>\u00c0 ses d\u00e9buts, l\u2019actrice a d\u00fb faire face \u00e0 des propos du genre :<br \/>\n\u201cLes gens ont l&rsquo;habitude de ne pas payer pour te voir, je ne<br \/>\npense pas qu&rsquo;ils vont se mettre \u00e0 payer pour te voir\u201d. Puis<br \/>\nquand cette derni\u00e8re s\u2019est finalement lanc\u00e9e, les choses ont<br \/>\nchang\u00e9. \u201c<strong>Je fais des films, et c&rsquo;est vraiment que je le<br \/>\nsens tout de suite, c&rsquo;est un bonheur physique<\/strong>.<br \/>\nC&rsquo;est-\u00e0-dire que, quand je commence \u00e0 faire des films, tout d&rsquo;un<br \/>\ncoup, je n&rsquo;en reviens pas qu&rsquo;en plus \u00e7a soit un m\u00e9tier o\u00f9 on est<br \/>\npay\u00e9.\u201d<\/p>\n<p>Virginie Efira violemment critiqu\u00e9e sur son physique<\/p>\n<p>V\u00e9ritable star, Virginie Efira doit faire attention \u00e0 son image.<br \/>\nEn effet, l\u2019actrice doit toujours se montrer sous son meilleur<br \/>\njour. Et malgr\u00e9 les efforts, il est difficile de plaire \u00e0 tout le<br \/>\nmonde. D\u2019ailleurs, lors de la pr\u00e9sentation de la collection<br \/>\nd\u2019Automne-Hiver de Roger Vivier \u00e0 Paris, la compagne de Niels<br \/>\nSchneider a fait l\u2019objet de vives critiques sur son physique. Tr\u00e8s<br \/>\nvite, <strong>des commentaires virulents ont fait leur apparition<br \/>\nsur la Toile<\/strong>. \u201cJe ne l&rsquo;avais pas reconnu, elle a<br \/>\nchang\u00e9 au niveau du visage\u00a0\u00bb, \u00ab\u00a0Elle ne sait pas marcher avec des<br \/>\ntalons\u00a0\u00bb, \u00ab\u00a0Botox et compagnie\u00a0\u00bb, \u00ab\u00a0D\u00e9marche de camionneur\u00a0\u00bb, \u00ab\u00a0On dirait<br \/>\nqu&rsquo;elle a pris un peu de poids\u201d, pouvait-on lire.<\/p>\n<p>Des commentaires acerbes qui n\u2019ont s\u00fbrement pas surpris la<br \/>\nquadrag\u00e9naire. Car cette derni\u00e8re est loin d\u2019\u00eatre fi\u00e8re de son<br \/>\ncorps \u00e0 100 %. Comme de nombreuses personnes, <a href=\"https:\/\/www.melty.fr\/people\/virginie-efira-sans-tabou-sur-sa-consommation-dalcool-je-picolais-pas-mal-2211886.html\" target=\"_blank\" rel=\"noopener\"><br \/>\nl\u2019actrice qui s&rsquo;est livr\u00e9e sur sa consommation d&rsquo;alcool<\/a> est<br \/>\n\u00e9galement complex\u00e9e par son physique. \u201cParfois, on se voit<br \/>\nfig\u00e9e \u00e0 un endroit. Par exemple, <strong>j&rsquo;ai une certaine id\u00e9e de<br \/>\nma morphologie, je me vois assez \u00e9norme<\/strong> alors qu&rsquo;en fait,<br \/>\nje ne suis pas si \u00e9norme. Ou je ne me vois pas forc\u00e9ment gracieuse<br \/>\nalors que peut-\u00eatre\u2026\u201d, r\u00e9v\u00e9lait-elle lors d\u2019un entretien avec<br \/>\nVanity Fair.<\/p>\n<p>\u201cJe vois le corps et la sexualit\u00e9 comme<br \/>\ndes mati\u00e8res \u00e0 travailler\u201d<\/p>\n<p>\u00c7a arrive d\u2019avoir des complexes sur son physique. Surtout qu\u2019il<br \/>\ny a des personnes que la nature a particuli\u00e8rement g\u00e2t\u00e9es.<br \/>\nCependant, le plus important est de savoir s\u2019accepter. Et \u00e7a,<br \/>\nVirginie Efira l\u2019a bien compris. En effet, l\u2019actrice est bien dans<br \/>\nsa peau. Cette derni\u00e8re est tellement \u00e0 l\u2019aise qu\u2019elle n\u2019a pas de<br \/>\nsouci \u00e0 se \u201cfoutre \u00e0 poil\u201d dans certains films. \u201cJe<br \/>\ntrouve passionnant, dans une vie, ce qu&rsquo;est la libido, ce qu&rsquo;est<br \/>\nl&rsquo;acte sexuel, et j&rsquo;aime les films qui en parlent, qui le montrent,<br \/>\nmais o\u00f9 il y a un point de vue. <strong>Je n&rsquo;y vois pas juste<br \/>\nquelque chose de marchand<\/strong>\u201d, avait-elle confi\u00e9 dans<br \/>\nles colonnes de Society.<\/p>\n<p>Avant d\u2019ajouter : \u201cJe vois le corps et la sexualit\u00e9 comme<br \/>\ndes mati\u00e8res \u00e0 travailler qui n&rsquo;appartiennent pas qu&rsquo;aux hommes et<br \/>\nqui m&rsquo;int\u00e9ressent beaucoup.\u201d Et de poursuivre : \u201cBon<br \/>\nmaintenant, on va peut-\u00eatre me dire : &lsquo;C&rsquo;est gentil, Virginie, mais<br \/>\n<strong>dans chaque film, tu es \u00e0 poil, \u00e7a va commencer \u00e0 nous<br \/>\nsaouler.<\/strong>&lsquo; Alors qu\u2019en vrai, s\u2019il n\u2019y a pas de point de<br \/>\nvue, \u00e7a ne m\u2019int\u00e9resse pas.\u201d<\/p>\n","protected":false},"excerpt":{"rendered":"Virginie Efira a su tracer son chemin avec succ\u00e8s. D\u00e8s ses d\u00e9buts \u00e0 la t\u00e9l\u00e9vision belge o\u00f9 elle&hellip;\n","protected":false},"author":2,"featured_media":198180,"comment_status":"","ping_status":"","sticky":false,"template":"","format":"standard","meta":{"footnotes":""},"categories":[1359],"tags":[58,59,1011,27,973,13453],"class_list":{"0":"post-198179","1":"post","2":"type-post","3":"status-publish","4":"format-standard","5":"has-post-thumbnail","7":"category-people","8":"tag-divertissement","9":"tag-entertainment","10":"tag-fr","11":"tag-france","12":"tag-people","13":"tag-virginie-efira"},"share_on_mastodon":{"url":"https:\/\/pubeurope.com\/@fr\/114732788878941681","error":""},"_links":{"self":[{"href":"https:\/\/www.europesays.com\/fr\/wp-json\/wp\/v2\/posts\/198179","targetHints":{"allow":["GET"]}}],"collection":[{"href":"https:\/\/www.europesays.com\/fr\/wp-json\/wp\/v2\/posts"}],"about":[{"href":"https:\/\/www.europesays.com\/fr\/wp-json\/wp\/v2\/types\/post"}],"author":[{"embeddable":true,"href":"https:\/\/www.europesays.com\/fr\/wp-json\/wp\/v2\/users\/2"}],"replies":[{"embeddable":true,"href":"https:\/\/www.europesays.com\/fr\/wp-json\/wp\/v2\/comments?post=198179"}],"version-history":[{"count":0,"href":"https:\/\/www.europesays.com\/fr\/wp-json\/wp\/v2\/posts\/198179\/revisions"}],"wp:featuredmedia":[{"embeddable":true,"href":"https:\/\/www.europesays.com\/fr\/wp-json\/wp\/v2\/media\/198180"}],"wp:attachment":[{"href":"https:\/\/www.europesays.com\/fr\/wp-json\/wp\/v2\/media?parent=198179"}],"wp:term":[{"taxonomy":"category","embeddable":true,"href":"https:\/\/www.europesays.com\/fr\/wp-json\/wp\/v2\/categories?post=198179"},{"taxonomy":"post_tag","embeddable":true,"href":"https:\/\/www.europesays.com\/fr\/wp-json\/wp\/v2\/tags?post=198179"}],"curies":[{"name":"wp","href":"https:\/\/api.w.org\/{rel}","templated":true}]}}