{"id":198181,"date":"2025-06-23T12:56:08","date_gmt":"2025-06-23T12:56:08","guid":{"rendered":"https:\/\/www.europesays.com\/fr\/198181\/"},"modified":"2025-06-23T12:56:08","modified_gmt":"2025-06-23T12:56:08","slug":"deces-du-sculpteur-italien-arnaldo-pomodoro-a-la-veille-de-ses-99-ans","status":"publish","type":"post","link":"https:\/\/www.europesays.com\/fr\/198181\/","title":{"rendered":"D\u00e9c\u00e8s du sculpteur italien Arnaldo Pomodoro \u00e0 la veille de ses 99 ans"},"content":{"rendered":"<p>L\u2019artiste, dont le succ\u00e8s repose surtout sur l\u2019utilisation de la g\u00e9om\u00e9trie, connu pour ses sph\u00e8res en bronze g\u00e9om\u00e9triques, est mort dimanche soir \u00e0 Milan \u00e0 la veille de ses 99 ans, a annonc\u00e9 lundi sa fondation.<\/p>\n<p class=\"fig-paragraph\">N\u00e9 le 23 juin 1926 en Emilie-Romagne (nord),\u00a0<a href=\"https:\/\/www.lefigaro.fr\/arts-expositions\/arnaldo-pomodoro-le-cosmonaute-de-l-art-20220328\" data-fig-type=\"Article\" data-gtm-custom-categorie=\"navigation\" data-gtm-custom-action=\"crossclick\" data-gtm-custom-label=\"Contextuel\" data-gtm-event=\"customEventSPE\" data-fig-domain=\"LEFIGARO\" target=\"_blank\" rel=\"noopener\">le sculpteur italien<\/a>, g\u00e9om\u00e8tre de formation, avait forg\u00e9 son style \u00e0 partir des ann\u00e9es 1950 en mat\u00e9rialisant l&rsquo;abstraction dans des pi\u00e8ces monumentales &#8211; colonnes, sph\u00e8res, cubes&#8230; &#8211; souvent fendues, corrod\u00e9es ou d\u00e9chir\u00e9es.<\/p>\n<p class=\"fig-paragraph\">\u00abC&rsquo;est avec une profonde tristesse que j&rsquo;ai appris le d\u00e9c\u00e8s d&rsquo;Arnaldo Pomodoro, un ma\u00eetre sculpteur qui a sculpt\u00e9 l&rsquo;\u00e2me de l&rsquo;Italie. Son art a donn\u00e9 de l&rsquo;\u00e9clat au g\u00e9nie italien dans le monde\u00bb, a salu\u00e9 sur X la Premi\u00e8re ministre Giorgia Meloni.<\/p>\n<p>    La Sph\u00e8re dans une sph\u00e8re de l\u2019artiste italien Arnaldo Pomodoro au Mus\u00e9e du Vatican le jour de sa r\u00e9ouverture au public le 1er f\u00e9vrier 2021 dans la Cit\u00e9 du Vatican.<br \/>\n                ANDREAS SOLARO \/ AFP<\/p>\n<p class=\"fig-paragraph\">\u00abLe monde de l&rsquo;art perd l&rsquo;une de ses voix les plus influentes, les plus perspicaces et les plus visionnaires\u00bb, a salu\u00e9 la directrice de sa fondation bas\u00e9e \u00e0 Milan, Carlotta Montebello.<\/p>\n<p class=\"fig-paragraph\">Laur\u00e9at de nombreux prix internationaux, Arnaldo Pomodoro avait aussi enseign\u00e9 dans les d\u00e9partements d&rsquo;art de prestigieuses universit\u00e9s am\u00e9ricaines, comme Stanford et Berkeley.<\/p>\n<p class=\"fig-paragraph\">Ses \u0153uvres ont \u00e9t\u00e9 expos\u00e9es dans le monde entier, comme \u00e0 l&rsquo;exposition universelle de Shanghai, au si\u00e8ge de l&rsquo;Unesco \u00e0 Paris, au Young Museum de San Francisco ou au mus\u00e9e Guggenheim de New York.<\/p>\n","protected":false},"excerpt":{"rendered":"L\u2019artiste, dont le succ\u00e8s repose surtout sur l\u2019utilisation de la g\u00e9om\u00e9trie, connu pour ses sph\u00e8res en bronze g\u00e9om\u00e9triques,&hellip;\n","protected":false},"author":2,"featured_media":198182,"comment_status":"","ping_status":"","sticky":false,"template":"","format":"standard","meta":{"footnotes":""},"categories":[1358],"tags":[1348,1384,1385,1386,58,59,2087,1349,638,10449,1011,27,4463,9692,7107,626,510],"class_list":{"0":"post-198181","1":"post","2":"type-post","3":"status-publish","4":"format-standard","5":"has-post-thumbnail","7":"category-arts-et-design","8":"tag-arts","9":"tag-arts-and-design","10":"tag-arts-et-design","11":"tag-design","12":"tag-divertissement","13":"tag-entertainment","14":"tag-evenement","15":"tag-expositions","16":"tag-figaro","17":"tag-figaroscope","18":"tag-fr","19":"tag-france","20":"tag-guide","21":"tag-lieux","22":"tag-musees","23":"tag-paris","24":"tag-visite"},"share_on_mastodon":{"url":"https:\/\/pubeurope.com\/@fr\/114732792834009202","error":""},"_links":{"self":[{"href":"https:\/\/www.europesays.com\/fr\/wp-json\/wp\/v2\/posts\/198181","targetHints":{"allow":["GET"]}}],"collection":[{"href":"https:\/\/www.europesays.com\/fr\/wp-json\/wp\/v2\/posts"}],"about":[{"href":"https:\/\/www.europesays.com\/fr\/wp-json\/wp\/v2\/types\/post"}],"author":[{"embeddable":true,"href":"https:\/\/www.europesays.com\/fr\/wp-json\/wp\/v2\/users\/2"}],"replies":[{"embeddable":true,"href":"https:\/\/www.europesays.com\/fr\/wp-json\/wp\/v2\/comments?post=198181"}],"version-history":[{"count":0,"href":"https:\/\/www.europesays.com\/fr\/wp-json\/wp\/v2\/posts\/198181\/revisions"}],"wp:featuredmedia":[{"embeddable":true,"href":"https:\/\/www.europesays.com\/fr\/wp-json\/wp\/v2\/media\/198182"}],"wp:attachment":[{"href":"https:\/\/www.europesays.com\/fr\/wp-json\/wp\/v2\/media?parent=198181"}],"wp:term":[{"taxonomy":"category","embeddable":true,"href":"https:\/\/www.europesays.com\/fr\/wp-json\/wp\/v2\/categories?post=198181"},{"taxonomy":"post_tag","embeddable":true,"href":"https:\/\/www.europesays.com\/fr\/wp-json\/wp\/v2\/tags?post=198181"}],"curies":[{"name":"wp","href":"https:\/\/api.w.org\/{rel}","templated":true}]}}