{"id":198183,"date":"2025-06-23T12:57:10","date_gmt":"2025-06-23T12:57:10","guid":{"rendered":"https:\/\/www.europesays.com\/fr\/198183\/"},"modified":"2025-06-23T12:57:10","modified_gmt":"2025-06-23T12:57:10","slug":"lautrice-delphine-bertholon-festival-du-livre-de-montmorillon-a-rencontre-ses-lecteurs-a-la-mediatheque-de-moussac","status":"publish","type":"post","link":"https:\/\/www.europesays.com\/fr\/198183\/","title":{"rendered":"L\u2019autrice Delphine Bertholon (Festival du livre de Montmorillon) a rencontr\u00e9 ses lecteurs \u00e0 la m\u00e9diath\u00e8que de Moussac"},"content":{"rendered":"<p>La Baronne perch\u00e9e, c\u2019est le tout nouveau livre de Delphine Bertholon qui s\u2019est \u00e9chapp\u00e9e du Festival du livre de Montmorillon pour faire un\u00a0d\u00e9tour par la m\u00e9diath\u00e8que de Moussac, vendredi 20\u00a0juin 2025 en fin de journ\u00e9e\u00a0: c\u2019est la deuxi\u00e8me fois que cette\u00a0sympathique autrice fait son festival \u00ab\u00a0hors les murs\u00a0\u00bb pour venir s\u2019aventurer \u00e0 Moussac. Et son public, &#8230; <\/p>\n<p>    Cet article a \u00e9t\u00e9 tronqu\u00e9. Abonnez-vous pour lire l&rsquo;article complet sur notre site.<\/p>\n<p style=\"margin: 0 !important; padding: 0 !important; font-size: 12px !important;\">Cet article a \u00e9t\u00e9 tronqu\u00e9. Abonnez-vous pour lire l&rsquo;article complet.<\/p>\n<p>    <a href=\"https:\/\/www.lanouvellerepublique.fr\/abonnements\" style=\"display: inline-block; margin-top: 5px !important; padding: 6px 12px !important; background: #cb1c27; color: white; text-decoration: none; border-radius: 4px; font-size: 12px !important;\" target=\"_blank\" rel=\"noopener\"><br \/>\n      S&rsquo;abonner<br \/>\n    <\/a><\/p>\n","protected":false},"excerpt":{"rendered":"La Baronne perch\u00e9e, c\u2019est le tout nouveau livre de Delphine Bertholon qui s\u2019est \u00e9chapp\u00e9e du Festival du livre&hellip;\n","protected":false},"author":2,"featured_media":198184,"comment_status":"","ping_status":"","sticky":false,"template":"","format":"standard","meta":{"footnotes":""},"categories":[1357],"tags":[1379,1674,58,59,1011,27,1380,33782],"class_list":{"0":"post-198183","1":"post","2":"type-post","3":"status-publish","4":"format-standard","5":"has-post-thumbnail","7":"category-livres","8":"tag-books","9":"tag-communes","10":"tag-divertissement","11":"tag-entertainment","12":"tag-fr","13":"tag-france","14":"tag-livres","15":"tag-moussac"},"share_on_mastodon":{"url":"https:\/\/pubeurope.com\/@fr\/114732796802741370","error":""},"_links":{"self":[{"href":"https:\/\/www.europesays.com\/fr\/wp-json\/wp\/v2\/posts\/198183","targetHints":{"allow":["GET"]}}],"collection":[{"href":"https:\/\/www.europesays.com\/fr\/wp-json\/wp\/v2\/posts"}],"about":[{"href":"https:\/\/www.europesays.com\/fr\/wp-json\/wp\/v2\/types\/post"}],"author":[{"embeddable":true,"href":"https:\/\/www.europesays.com\/fr\/wp-json\/wp\/v2\/users\/2"}],"replies":[{"embeddable":true,"href":"https:\/\/www.europesays.com\/fr\/wp-json\/wp\/v2\/comments?post=198183"}],"version-history":[{"count":0,"href":"https:\/\/www.europesays.com\/fr\/wp-json\/wp\/v2\/posts\/198183\/revisions"}],"wp:featuredmedia":[{"embeddable":true,"href":"https:\/\/www.europesays.com\/fr\/wp-json\/wp\/v2\/media\/198184"}],"wp:attachment":[{"href":"https:\/\/www.europesays.com\/fr\/wp-json\/wp\/v2\/media?parent=198183"}],"wp:term":[{"taxonomy":"category","embeddable":true,"href":"https:\/\/www.europesays.com\/fr\/wp-json\/wp\/v2\/categories?post=198183"},{"taxonomy":"post_tag","embeddable":true,"href":"https:\/\/www.europesays.com\/fr\/wp-json\/wp\/v2\/tags?post=198183"}],"curies":[{"name":"wp","href":"https:\/\/api.w.org\/{rel}","templated":true}]}}