{"id":198187,"date":"2025-06-23T12:59:10","date_gmt":"2025-06-23T12:59:10","guid":{"rendered":"https:\/\/www.europesays.com\/fr\/198187\/"},"modified":"2025-06-23T12:59:10","modified_gmt":"2025-06-23T12:59:10","slug":"florent-pagny-devoile-les-premiers-symptomes-anodins-de-son-cancer-du-poumon","status":"publish","type":"post","link":"https:\/\/www.europesays.com\/fr\/198187\/","title":{"rendered":"Florent Pagny d\u00e9voile les premiers sympt\u00f4mes anodins de son cancer du poumon"},"content":{"rendered":"<p>En pleine tourn\u00e9e, Florent Pagny a vu sa vie basculer. Son t\u00e9moignage gla\u00e7ant sur la d\u00e9couverte de son cancer l\u00e8ve le voile sur les premiers signes inqui\u00e9tants.<\/p>\n<p>Il chantait chaque soir comme si de rien n&rsquo;\u00e9tait. Pourtant, derri\u00e8re les projecteurs et les applaudissements, Florent Pagny se battait d\u00e9j\u00e0 sans le savoir contre un mal invisible. Ce dimanche 5 mars, invit\u00e9 dans le portrait de la semaine de l&rsquo;\u00e9mission <strong>Sept \u00e0 Huit<\/strong>, le chanteur de 61 ans a racont\u00e9 avec sinc\u00e9rit\u00e9 le jour o\u00f9 tout a bascul\u00e9.<\/p>\n<p>Alors qu&rsquo;il encha\u00eenait les concerts \u00e0 guichets ferm\u00e9s, une toux persistante est venue semer le doute. \u00ab\u00a0Je chantais deux heures par soir, tout allait bien. Mais d\u00e8s que j\u2019arr\u00eatais et que j\u2019allumais une cigarette, je n&rsquo;arr\u00eatais plus de tousser. C&rsquo;\u00e9tait devenu insupportable\u00a0\u00bb, confie l&rsquo;interpr\u00e8te de Savoir Aimer. Une g\u00eane anodine en apparence, mais qui cachait un diagnostic bien plus grave.<\/p>\n<p>    Comment Florent Pagny a d\u00e9couvert son cancer  <\/p>\n<p>Face \u00e0 l&rsquo;aggravation de ses sympt\u00f4mes, Florent Pagny d\u00e9cide de passer un scanner. Le r\u00e9sultat tombe comme un couperet : une tumeur pulmonaire. \u00ab\u00a0Elle \u00e9tait l\u00e0 depuis trois ou six mois, on ne savait pas trop\u00a0\u00bb, explique-t-il. Pourtant, une lueur d&rsquo;espoir persiste. La tumeur est jug\u00e9e tr\u00e8s active, ce qui laisse penser qu&rsquo;elle n&rsquo;a pas eu le temps de d\u00e9g\u00e9n\u00e9rer davantage.<\/p>\n<p>Le chanteur r\u00e9v\u00e8le aussi pourquoi l&rsquo;option chirurgicale a \u00e9t\u00e9 rapidement \u00e9cart\u00e9e. \u00ab\u00a0Elle se divisait beaucoup, il y aurait eu un risque que les cellules partent dans d\u2019autres organes\u00a0\u00bb, pr\u00e9cise-t-il. \u00c0 la place, les m\u00e9decins optent pour une chimioth\u00e9rapie intensive, un traitement qui, selon lui, fonctionne \u00ab\u00a0beaucoup mieux\u00a0\u00bb dans ce cas pr\u00e9cis.<\/p>\n<p>     Sa r\u00e9action bouleversante au diagnostic  <\/p>\n<p>Connu pour son temp\u00e9rament direct, Florent Pagny ne cache pas avoir travers\u00e9 un v\u00e9ritable s\u00e9isme int\u00e9rieur \u00e0 l&rsquo;annonce du diagnostic. \u00ab\u00a0J\u2019ai eu un moment qui a dur\u00e9 cinq minutes o\u00f9 je me suis dit : &lsquo;Oh p*****, je suis dans un tr\u00e8s mauvais plan !'\u00a0\u00bb, raconte-t-il avec franchise. Mais l&rsquo;artiste se ressaisit vite : \u00ab\u00a0Je me suis dit : &lsquo;Ok, j\u2019ai une merde, mais elle se traite, donc allons-y !'\u00a0\u00bb<\/p>\n<p>Le chanteur souligne combien la maladie chamboule l&rsquo;existence : \u00ab\u00a0\u00c7a prend toute la place, \u00e7a devient prioritaire. Tous vos projets sont balay\u00e9s, vous entrez dans une spirale m\u00e9dicale. \u00c7a change le d\u00e9cor, \u00e7a redistribue les cartes.\u00a0\u00bb<\/p>\n<p>     Un combat toujours d&rsquo;actualit\u00e9  <\/p>\n<p>Malgr\u00e9 les traitements et une premi\u00e8re phase de r\u00e9mission, le combat de Florent Pagny est loin d&rsquo;\u00eatre termin\u00e9. Apr\u00e8s avoir interrompu son immunoth\u00e9rapie pour se rendre en Patagonie, il a d\u00fb rentrer d&rsquo;urgence \u00e0 Paris. Les m\u00e9decins redoutaient un risque de m\u00e9tastases.<\/p>\n<p>Le chanteur garde toutefois un esprit combatif, comme il le confiait \u00e0 son ami Michel Jankielewicz dans le documentaire Florent Pagny, un homme libre : \u00ab\u00a0Moi, je vais lutter pour ne pas mourir.\u00a0\u00bb Une d\u00e9termination intacte, malgr\u00e9 les \u00e9preuves, qui continue de forcer le respect.<\/p>\n","protected":false},"excerpt":{"rendered":"En pleine tourn\u00e9e, Florent Pagny a vu sa vie basculer. Son t\u00e9moignage gla\u00e7ant sur la d\u00e9couverte de son&hellip;\n","protected":false},"author":2,"featured_media":198188,"comment_status":"","ping_status":"","sticky":false,"template":"","format":"standard","meta":{"footnotes":""},"categories":[1355],"tags":[1102,10281,58,59,1011,27,1361,873],"class_list":{"0":"post-198187","1":"post","2":"type-post","3":"status-publish","4":"format-standard","5":"has-post-thumbnail","7":"category-musique","8":"tag-breakingnews","9":"tag-buzz-nonli","10":"tag-divertissement","11":"tag-entertainment","12":"tag-fr","13":"tag-france","14":"tag-music","15":"tag-musique"},"share_on_mastodon":{"url":"https:\/\/pubeurope.com\/@fr\/114732804820147005","error":""},"_links":{"self":[{"href":"https:\/\/www.europesays.com\/fr\/wp-json\/wp\/v2\/posts\/198187","targetHints":{"allow":["GET"]}}],"collection":[{"href":"https:\/\/www.europesays.com\/fr\/wp-json\/wp\/v2\/posts"}],"about":[{"href":"https:\/\/www.europesays.com\/fr\/wp-json\/wp\/v2\/types\/post"}],"author":[{"embeddable":true,"href":"https:\/\/www.europesays.com\/fr\/wp-json\/wp\/v2\/users\/2"}],"replies":[{"embeddable":true,"href":"https:\/\/www.europesays.com\/fr\/wp-json\/wp\/v2\/comments?post=198187"}],"version-history":[{"count":0,"href":"https:\/\/www.europesays.com\/fr\/wp-json\/wp\/v2\/posts\/198187\/revisions"}],"wp:featuredmedia":[{"embeddable":true,"href":"https:\/\/www.europesays.com\/fr\/wp-json\/wp\/v2\/media\/198188"}],"wp:attachment":[{"href":"https:\/\/www.europesays.com\/fr\/wp-json\/wp\/v2\/media?parent=198187"}],"wp:term":[{"taxonomy":"category","embeddable":true,"href":"https:\/\/www.europesays.com\/fr\/wp-json\/wp\/v2\/categories?post=198187"},{"taxonomy":"post_tag","embeddable":true,"href":"https:\/\/www.europesays.com\/fr\/wp-json\/wp\/v2\/tags?post=198187"}],"curies":[{"name":"wp","href":"https:\/\/api.w.org\/{rel}","templated":true}]}}