{"id":198191,"date":"2025-06-23T13:01:09","date_gmt":"2025-06-23T13:01:09","guid":{"rendered":"https:\/\/www.europesays.com\/fr\/198191\/"},"modified":"2025-06-23T13:01:09","modified_gmt":"2025-06-23T13:01:09","slug":"antonia-simeoni-fait-rimer-plantes-corses-et-bien-etre","status":"publish","type":"post","link":"https:\/\/www.europesays.com\/fr\/198191\/","title":{"rendered":"Antonia Simeoni fait rimer plantes corses et bien-\u00eatre"},"content":{"rendered":"<p data-end=\"580\" data-start=\"216\" style=\"caret-color: rgb(0, 0, 0); color: rgb(0, 0, 0);\">Si vous cherchez Antonia Simeoni, elle sera peut-\u00eatre dans ses champs de la plaine du Reginu, dans son atelier en train d\u2019emballer soigneusement son huile, ou dans une pharmacie \u00e0 pr\u00e9senter ses derni\u00e8res infusions. Et pour cause : cette Balanine a lanc\u00e9, en 2023, sa propre marque de produits \u00e0 base de plantes insulaires. Pourtant, rien ne la pr\u00e9destinait \u00e0 cela. <\/p>\n<p>Issue d\u2019une \u00e9cole de commerce, elle \u00e9tudie la communication et en fait son m\u00e9tier. Pendant des ann\u00e9es, elle travaille pour des marques insulaires. Mais avec l\u2019arriv\u00e9e de ses deux enfants, le d\u00e9clic :\u00a0\u00ab J\u2019avais envie de cr\u00e9er ma marque, quelque chose qui ait du sens, ici, chez moi \u00bb, se rem\u00e9more-t-elle. Fille et petite-fille de bergers, Antonia r\u00e9cup\u00e8re les terres agricoles familiales. Mais pour elle, pas de b\u00e9tail : sa production sera uniquement v\u00e9g\u00e9tale. <\/p>\n<p>Elle suit alors un cursus en plantes aromatiques et m\u00e9dicinales au lyc\u00e9e agricole de Borgo, puis compl\u00e8te sa formation par des sp\u00e9cialisations en aromath\u00e9rapie et phytoth\u00e9rapie. Cette expertise lui permet de mettre en culture, sur un hectare, une dizaine de plantes : thym, romarin, verveine, m\u00e9lisse, lavande, nepita, myrte&#8230; le tout en agriculture biologique. <\/p>\n","protected":false},"excerpt":{"rendered":"Si vous cherchez Antonia Simeoni, elle sera peut-\u00eatre dans ses champs de la plaine du Reginu, dans son&hellip;\n","protected":false},"author":2,"featured_media":198192,"comment_status":"","ping_status":"","sticky":false,"template":"","format":"standard","meta":{"footnotes":""},"categories":[10],"tags":[33783,33784,33785,4983,9897,2517,33786,33787,1011,27,72,33788,33789,33790,71],"class_list":{"0":"post-198191","1":"post","2":"type-post","3":"status-publish","4":"format-standard","5":"has-post-thumbnail","7":"category-sante","8":"tag-aromatherapie","9":"tag-balagne","10":"tag-balagne-antonia-simeoni-fait-rimer-plantes-corses-et-bien-etre","11":"tag-bien-etre","12":"tag-bio","13":"tag-corse","14":"tag-cosmetiquesnaturels","15":"tag-flori","16":"tag-fr","17":"tag-france","18":"tag-health","19":"tag-infusions","20":"tag-plantecorses","21":"tag-productionartisanale","22":"tag-sante"},"share_on_mastodon":{"url":"https:\/\/pubeurope.com\/@fr\/114732812557145151","error":""},"_links":{"self":[{"href":"https:\/\/www.europesays.com\/fr\/wp-json\/wp\/v2\/posts\/198191","targetHints":{"allow":["GET"]}}],"collection":[{"href":"https:\/\/www.europesays.com\/fr\/wp-json\/wp\/v2\/posts"}],"about":[{"href":"https:\/\/www.europesays.com\/fr\/wp-json\/wp\/v2\/types\/post"}],"author":[{"embeddable":true,"href":"https:\/\/www.europesays.com\/fr\/wp-json\/wp\/v2\/users\/2"}],"replies":[{"embeddable":true,"href":"https:\/\/www.europesays.com\/fr\/wp-json\/wp\/v2\/comments?post=198191"}],"version-history":[{"count":0,"href":"https:\/\/www.europesays.com\/fr\/wp-json\/wp\/v2\/posts\/198191\/revisions"}],"wp:featuredmedia":[{"embeddable":true,"href":"https:\/\/www.europesays.com\/fr\/wp-json\/wp\/v2\/media\/198192"}],"wp:attachment":[{"href":"https:\/\/www.europesays.com\/fr\/wp-json\/wp\/v2\/media?parent=198191"}],"wp:term":[{"taxonomy":"category","embeddable":true,"href":"https:\/\/www.europesays.com\/fr\/wp-json\/wp\/v2\/categories?post=198191"},{"taxonomy":"post_tag","embeddable":true,"href":"https:\/\/www.europesays.com\/fr\/wp-json\/wp\/v2\/tags?post=198191"}],"curies":[{"name":"wp","href":"https:\/\/api.w.org\/{rel}","templated":true}]}}