{"id":198197,"date":"2025-06-23T13:04:18","date_gmt":"2025-06-23T13:04:18","guid":{"rendered":"https:\/\/www.europesays.com\/fr\/198197\/"},"modified":"2025-06-23T13:04:18","modified_gmt":"2025-06-23T13:04:18","slug":"on-a-mesure-le-galaxy-z-fold-7-et-il-nest-pas-si-fin-que-ca","status":"publish","type":"post","link":"https:\/\/www.europesays.com\/fr\/198197\/","title":{"rendered":"On a mesur\u00e9 le Galaxy Z Fold 7\u2026 et il n\u2019est pas si fin que \u00e7a !"},"content":{"rendered":"<p>Des photos comparatives du Galaxy Z Fold 7 avec des mod\u00e8les connus permettent d\u2019engager quelques mesures et les r\u00e9sultats sont discutables.<\/p>\n<p><a target=\"_blank\" href=\"https:\/\/images.frandroid.com\/wp-content\/uploads\/2025\/06\/2025-06-23-123828.jpg\" class=\"article-content__figure\" rel=\"noopener\"><img fetchpriority=\"high\" decoding=\"async\" loading=\"eager\" width=\"1200\" height=\"675\" src=\"https:\/\/www.europesays.com\/fr\/wp-content\/uploads\/2025\/06\/2025-06-23-123828.jpg\" alt=\"\" class=\"wp-image-2657355 wp-image wp-image\"  \/><\/a><\/p>\n<p>Samsung l\u2019a cri\u00e9 haut et fort. Sa prochaine s\u00e9rie de smartphones pliables sera la plus fine et l\u00e9g\u00e8re du march\u00e9. Suite \u00e0 cette d\u00e9claration, le <a href=\"https:\/\/www.frandroid.com\/marques\/samsung\/2655995_samsung-galaxy-z-fold-7-tout-ce-que-lon-sait-sur-le-smartphone-pliant-le-plus-fin-et-le-plus-leger-de-2025\" target=\"_blank\" rel=\"noopener\">Galaxy Z Fold 7<\/a> est retourn\u00e9 au centre de toutes les attentions. <\/p>\n<p>Surtout, entretemps s\u2019est dress\u00e9 face \u00e0 lui un autre mastodonte, le <a href=\"https:\/\/www.frandroid.com\/marques\/honor\/2618697_honor-magic-v5-tout-ce-que-lon-sait-sur-ce-mangeur-de-galaxy-z-fold-7\" target=\"_blank\" rel=\"noopener\">Magic V5 de Honor<\/a> qui r\u00e9clame la m\u00eame couronne. Ce dernier devrait \u00eatre pr\u00e9sent\u00e9 avant le Z Fold 7 en Chine, mais ne sortira pas chez nous avant celui de Samsung. Une bataille de finesse qui s\u2019\u00e9tale en photos sur les fils Telegram, notamment.<\/p>\n<p>\t\t\t\t\t\t<a href=\"https:\/\/images.frandroid.com\/wp-content\/uploads\/2025\/06\/2025-06-23-123831.jpg\" itemprop=\"url\" target=\"_blank\" rel=\"noopener\"><\/p>\n<p>\t\t\t\t\t\t\t<img decoding=\"async\" class=\"wp-image\" src=\"https:\/\/www.europesays.com\/fr\/wp-content\/uploads\/2025\/06\/2025-06-23-123831.jpg\"  width=\"460\" height=\"259\" loading=\"lazy\" data-original-width=\"460\" data-original-height=\"259\" itemprop=\"http:\/\/schema.org\/image\" title=\"2025-06-23 12.38.31\" alt=\"2025-06-23 12.38.31\" style=\"width: 460px; height: 259px;\"\/><br \/>\n\t\t\t\t\t\t<\/a><\/p>\n<p>\t\t\t\t\t\t<a href=\"https:\/\/images.frandroid.com\/wp-content\/uploads\/2025\/06\/2025-06-23-123808.jpg\" itemprop=\"url\" target=\"_blank\" rel=\"noopener\"><\/p>\n<p>\t\t\t\t\t\t\t<img decoding=\"async\" class=\"wp-image\" src=\"https:\/\/www.europesays.com\/fr\/wp-content\/uploads\/2025\/06\/2025-06-23-123808.jpg\"  width=\"460\" height=\"259\" loading=\"lazy\" data-original-width=\"460\" data-original-height=\"259\" itemprop=\"http:\/\/schema.org\/image\" title=\"2025-06-23 12.38.08\" alt=\"2025-06-23 12.38.08\" style=\"width: 460px; height: 259px;\"\/><br \/>\n\t\t\t\t\t\t<\/a><\/p>\n<p><a target=\"_blank\" href=\"https:\/\/t.me\/EqualLeaks\/57206\">Equal Leaks<\/a> livre ainsi une s\u00e9rie de clich\u00e9s comparant le Galaxy Z Fold 7 avec le S25 Ultra, mais aussi avec son pr\u00e9d\u00e9cesseur, le <a href=\"https:\/\/www.frandroid.com\/marques\/samsung\/2081048_test-samsung-galaxy-z-fold-6\" target=\"_blank\" rel=\"noopener\">Fold 6<\/a>. On avait repproch\u00e9 \u00e0 ce dernier d\u2019\u00eatre une \u00e9volution paresseuse du Fold 5. Samsung a entendu les critiques, semble-t-il, puisque les clich\u00e9s qui nous sont donn\u00e9s \u00e0 voir pr\u00e9sentent un Fold 7 tr\u00e8s aminci. <\/p>\n<p>Plus fin, mais pas encore aussi bien qu\u2019Honor ?<\/p>\n<p>Le Fold 7 est \u00e0 peine plus \u00e9pais que le <a href=\"https:\/\/www.frandroid.com\/test\/2482652_test-samsung-galaxy-s25-ultra\" target=\"_blank\" rel=\"noopener\">Galaxy S25 Ultra<\/a>. Compar\u00e9 au Fold 6, c\u2019est le jour et la nuit. En essayant de faire une r\u00e8gle de trois sur une des photos, on parvient \u00e0 environ 4,5 mm \u00e0 la grosse louche en position d\u00e9pli\u00e9e et pr\u00e8s de 10 mm lorsqu\u2019il est pli\u00e9. Ce ne serait pas aussi bien que l\u2019actuel <a href=\"https:\/\/www.frandroid.com\/marques\/honor\/2325006_test-du-honor-magic-v3-la-prouesse-et-la-reussite\" target=\"_blank\" rel=\"noopener\">Magic V3<\/a>. <\/p>\n<p>Attention, les images partag\u00e9es par Equal Leaks mettent en sc\u00e8ne un prototype. Aussi, ses mesures peuvent encore varier du mod\u00e8le final.<\/p>\n<p>\t\t\t\t\t\t<a href=\"https:\/\/images.frandroid.com\/wp-content\/uploads\/2025\/06\/2025-06-23-123833.jpg\" itemprop=\"url\" target=\"_blank\" rel=\"noopener\"><\/p>\n<p>\t\t\t\t\t\t\t<img decoding=\"async\" class=\"wp-image\" src=\"https:\/\/www.europesays.com\/fr\/wp-content\/uploads\/2025\/06\/2025-06-23-123833.jpg\"  width=\"460\" height=\"259\" loading=\"lazy\" data-original-width=\"460\" data-original-height=\"259\" itemprop=\"http:\/\/schema.org\/image\" title=\"2025-06-23 12.38.33\" alt=\"2025-06-23 12.38.33\" style=\"width: 460px; height: 259px;\"\/><br \/>\n\t\t\t\t\t\t<\/a><\/p>\n<p>\t\t\t\t\t\t<a href=\"https:\/\/images.frandroid.com\/wp-content\/uploads\/2025\/06\/2025-06-23-123823.jpg\" itemprop=\"url\" target=\"_blank\" rel=\"noopener\"><\/p>\n<p>\t\t\t\t\t\t\t<img decoding=\"async\" class=\"wp-image\" src=\"https:\/\/www.europesays.com\/fr\/wp-content\/uploads\/2025\/06\/2025-06-23-123823.jpg\"  width=\"460\" height=\"259\" loading=\"lazy\" data-original-width=\"460\" data-original-height=\"259\" itemprop=\"http:\/\/schema.org\/image\" title=\"2025-06-23 12.38.23\" alt=\"2025-06-23 12.38.23\" style=\"width: 460px; height: 259px;\"\/><br \/>\n\t\t\t\t\t\t<\/a><\/p>\n<p>Samsung a prouv\u00e9 qu\u2019il \u00e9tait capable d\u2019int\u00e9grer des composant haut de gamme dans 5,8 mm d\u2019\u00e9paisseur avec son <a href=\"https:\/\/www.frandroid.com\/marques\/samsung\/2646685_test-du-samsung-galaxy-s25-edge-a-qui-peut-on-vraiment-recommander-ce-smartphone\" target=\"_blank\" rel=\"noopener\">Galaxy S25 Edge<\/a>. Une performance surtout au niveau de la batterie lithium-ion. Malgr\u00e9 une autonomie criticable, celle du Edge inaugure une nouvelle technologie permettant \u00e0 Samsung d\u2019augmenter sa densit\u00e9 \u00e9nerg\u00e9tique. Une mani\u00e8re d\u2019affiner un produit sans passer \u00e0 la batterie silicium-carbone pl\u00e9biscit\u00e9e par les constructeurs chinois.<\/p>\n<p>Et on ne doute pas que ce galop d\u2019essai sera transform\u00e9 avec le Z Fold 7 qui sans nul doute reprendra la m\u00eame technologie de Samsung.<\/p>\n<p>\t\t\t\t\t\t<a href=\"https:\/\/images.frandroid.com\/wp-content\/uploads\/2025\/06\/2025-06-23-124338.jpg\" itemprop=\"url\" target=\"_blank\" rel=\"noopener\"><\/p>\n<p>\t\t\t\t\t\t\t<img decoding=\"async\" class=\"wp-image\" src=\"https:\/\/www.europesays.com\/fr\/wp-content\/uploads\/2025\/06\/2025-06-23-124338.jpg\"  width=\"460\" height=\"595\" loading=\"lazy\" data-original-width=\"460\" data-original-height=\"595\" itemprop=\"http:\/\/schema.org\/image\" title=\"2025-06-23 12.43.38\" alt=\"2025-06-23 12.43.38\" style=\"width: 460px; height: 595px;\"\/><br \/>\n\t\t\t\t\t\t<\/a><\/p>\n<p>\t\t\t\t\t\t<a href=\"https:\/\/images.frandroid.com\/wp-content\/uploads\/2025\/06\/2025-06-23-124323.jpg\" itemprop=\"url\" target=\"_blank\" rel=\"noopener\"><\/p>\n<p>\t\t\t\t\t\t\t<img decoding=\"async\" class=\"wp-image\" src=\"https:\/\/www.europesays.com\/fr\/wp-content\/uploads\/2025\/06\/2025-06-23-124323.jpg\"  width=\"460\" height=\"595\" loading=\"lazy\" data-original-width=\"460\" data-original-height=\"595\" itemprop=\"http:\/\/schema.org\/image\" title=\"2025-06-23 12.43.23\" alt=\"2025-06-23 12.43.23\" style=\"width: 460px; height: 595px;\"\/><br \/>\n\t\t\t\t\t\t<\/a><\/p>\n<p>De son c\u00f4t\u00e9, le Honor Magic V5 a fait sa premi\u00e8re apparition publique, camoufl\u00e9 sous une coque de protection qui ne laisse pas vraiment appr\u00e9cier sa finesse encore r\u00e9duite. On peut n\u00e9anmoins la voir dans des premiers rendus officiels. Il mesure 8,8 mm pli\u00e9, dixit Honor. Mieux, non content d\u2019\u00eatre plus fin, il augmenterait la capacit\u00e9 de sa batterie, passant \u00e0 6100 mAh.<\/p>\n<p><a target=\"_blank\" href=\"https:\/\/www.europesays.com\/fr\/wp-content\/uploads\/2025\/06\/honor-magic-v5.webp.webp\" class=\"article-content__figure\"><img loading=\"lazy\" decoding=\"async\" width=\"1200\" height=\"675\" src=\"https:\/\/www.europesays.com\/fr\/wp-content\/uploads\/2025\/06\/honor-magic-v5.webp.webp\" alt=\"\" class=\"wp-image-2657345 wp-image\"  \/><\/a><\/p>\n<p>Le saviez-vous ? Google News vous permet de choisir vos m\u00e9dias. Ne passez pas \u00e0 c\u00f4t\u00e9 de <a href=\"https:\/\/news.google.com\/publications\/CAAqBggKMICKMDCuyQU?oc=3\" target=\"_blank\" rel=\"noopener\">Frandroid<\/a> et <a href=\"https:\/\/news.google.com\/publications\/CAAqBwgKMNO2ogkwmIaYAg?oc=3\" target=\"_blank\" rel=\"noopener\">Numerama<\/a>.<\/p>\n","protected":false},"excerpt":{"rendered":"Des photos comparatives du Galaxy Z Fold 7 avec des mod\u00e8les connus permettent d\u2019engager quelques mesures et les&hellip;\n","protected":false},"author":2,"featured_media":198198,"comment_status":"","ping_status":"","sticky":false,"template":"","format":"standard","meta":{"footnotes":""},"categories":[7],"tags":[1011,27,28121,43,40,41,39,42,44],"class_list":{"0":"post-198197","1":"post","2":"type-post","3":"status-publish","4":"format-standard","5":"has-post-thumbnail","7":"category-sciences-et-technologies","8":"tag-fr","9":"tag-france","10":"tag-samsung-galaxy-z-fold-7","11":"tag-science","12":"tag-science-and-technology","13":"tag-sciences","14":"tag-sciences-et-technologies","15":"tag-technologies","16":"tag-technology"},"share_on_mastodon":{"url":"https:\/\/pubeurope.com\/@fr\/114732825624957256","error":""},"_links":{"self":[{"href":"https:\/\/www.europesays.com\/fr\/wp-json\/wp\/v2\/posts\/198197","targetHints":{"allow":["GET"]}}],"collection":[{"href":"https:\/\/www.europesays.com\/fr\/wp-json\/wp\/v2\/posts"}],"about":[{"href":"https:\/\/www.europesays.com\/fr\/wp-json\/wp\/v2\/types\/post"}],"author":[{"embeddable":true,"href":"https:\/\/www.europesays.com\/fr\/wp-json\/wp\/v2\/users\/2"}],"replies":[{"embeddable":true,"href":"https:\/\/www.europesays.com\/fr\/wp-json\/wp\/v2\/comments?post=198197"}],"version-history":[{"count":0,"href":"https:\/\/www.europesays.com\/fr\/wp-json\/wp\/v2\/posts\/198197\/revisions"}],"wp:featuredmedia":[{"embeddable":true,"href":"https:\/\/www.europesays.com\/fr\/wp-json\/wp\/v2\/media\/198198"}],"wp:attachment":[{"href":"https:\/\/www.europesays.com\/fr\/wp-json\/wp\/v2\/media?parent=198197"}],"wp:term":[{"taxonomy":"category","embeddable":true,"href":"https:\/\/www.europesays.com\/fr\/wp-json\/wp\/v2\/categories?post=198197"},{"taxonomy":"post_tag","embeddable":true,"href":"https:\/\/www.europesays.com\/fr\/wp-json\/wp\/v2\/tags?post=198197"}],"curies":[{"name":"wp","href":"https:\/\/api.w.org\/{rel}","templated":true}]}}