{"id":198203,"date":"2025-06-23T13:07:09","date_gmt":"2025-06-23T13:07:09","guid":{"rendered":"https:\/\/www.europesays.com\/fr\/198203\/"},"modified":"2025-06-23T13:07:09","modified_gmt":"2025-06-23T13:07:09","slug":"2-personnes-en-garde-a-vue","status":"publish","type":"post","link":"https:\/\/www.europesays.com\/fr\/198203\/","title":{"rendered":"2 personnes en garde \u00e0 vue"},"content":{"rendered":"<p>Deux personnes ont \u00e9t\u00e9 plac\u00e9es en garde \u00e0 vue dans l&rsquo;enqu\u00eate sur la fusillade qui a fait deux morts, dont la mari\u00e9e, et deux bless\u00e9s graves dimanche \u00e0 la fin d&rsquo;un mariage dans le Luberon, a-t-on appris lundi de source proche du dossier.<\/p>\n<p>Aucune pr\u00e9cision n&rsquo;a \u00e9t\u00e9 donn\u00e9e \u00e0 ce stade au sujet de ces deux gardes \u00e0 vue, ordonn\u00e9es dans le cadre d&rsquo;une enqu\u00eate initialement ouverte par le parquet d&rsquo;Avignon (Vaucluse) puis confi\u00e9e au parquet de la juridiction interr\u00e9gionale sp\u00e9cialis\u00e9e (Jirs) de Marseille.<\/p>\n","protected":false},"excerpt":{"rendered":"Deux personnes ont \u00e9t\u00e9 plac\u00e9es en garde \u00e0 vue dans l&rsquo;enqu\u00eate sur la fusillade qui a fait deux&hellip;\n","protected":false},"author":2,"featured_media":198204,"comment_status":"","ping_status":"","sticky":false,"template":"","format":"standard","meta":{"footnotes":""},"categories":[4],"tags":[17,11,1446,274,1011,27,3832,8712,33791,1930,9900,12,3744,25],"class_list":{"0":"post-198203","1":"post","2":"type-post","3":"status-publish","4":"format-standard","5":"has-post-thumbnail","7":"category-france","8":"tag-17","9":"tag-actualites","10":"tag-dans","11":"tag-faits-divers-justice","12":"tag-fr","13":"tag-france","14":"tag-fusillade","15":"tag-garde","16":"tag-luberon","17":"tag-mariage","18":"tag-mortelle","19":"tag-news","20":"tag-personnes","21":"tag-republique-francaise"},"share_on_mastodon":{"url":"https:\/\/pubeurope.com\/@fr\/114732835984776534","error":""},"_links":{"self":[{"href":"https:\/\/www.europesays.com\/fr\/wp-json\/wp\/v2\/posts\/198203","targetHints":{"allow":["GET"]}}],"collection":[{"href":"https:\/\/www.europesays.com\/fr\/wp-json\/wp\/v2\/posts"}],"about":[{"href":"https:\/\/www.europesays.com\/fr\/wp-json\/wp\/v2\/types\/post"}],"author":[{"embeddable":true,"href":"https:\/\/www.europesays.com\/fr\/wp-json\/wp\/v2\/users\/2"}],"replies":[{"embeddable":true,"href":"https:\/\/www.europesays.com\/fr\/wp-json\/wp\/v2\/comments?post=198203"}],"version-history":[{"count":0,"href":"https:\/\/www.europesays.com\/fr\/wp-json\/wp\/v2\/posts\/198203\/revisions"}],"wp:featuredmedia":[{"embeddable":true,"href":"https:\/\/www.europesays.com\/fr\/wp-json\/wp\/v2\/media\/198204"}],"wp:attachment":[{"href":"https:\/\/www.europesays.com\/fr\/wp-json\/wp\/v2\/media?parent=198203"}],"wp:term":[{"taxonomy":"category","embeddable":true,"href":"https:\/\/www.europesays.com\/fr\/wp-json\/wp\/v2\/categories?post=198203"},{"taxonomy":"post_tag","embeddable":true,"href":"https:\/\/www.europesays.com\/fr\/wp-json\/wp\/v2\/tags?post=198203"}],"curies":[{"name":"wp","href":"https:\/\/api.w.org\/{rel}","templated":true}]}}